{"id":4728,"date":"2013-01-01T21:00:45","date_gmt":"2013-01-01T18:00:45","guid":{"rendered":"https:\/\/www.enerjigazetesi.ist\/?p=4728"},"modified":"2013-01-01T22:09:30","modified_gmt":"2013-01-01T19:09:30","slug":"enerjinin-gelecegi-sadece-enerji-verimliliginde-degil-verimli-enerjide","status":"publish","type":"post","link":"https:\/\/www.enerjigazetesi.ist\/en\/enerjinin-gelecegi-sadece-enerji-verimliliginde-degil-verimli-enerjide\/","title":{"rendered":"(Turkish) Enerjinin Gelece\u011fi Sadece Enerji Verimlili\u011finde De\u011fil, Verimli Enerjide"},"content":{"rendered":"<p class=\"qtranxs-available-languages-message qtranxs-available-languages-message-en\">Sorry, this entry is only available in <a href=\"https:\/\/www.enerjigazetesi.ist\/tr\/wp-json\/wp\/v2\/posts\/4728\" class=\"qtranxs-available-language-link qtranxs-available-language-link-tr\" title=\"Turkish\">Turkish<\/a>. For the sake of viewer convenience, the content is shown below in the alternative language. You may click the link to switch the active language.<\/p><p><strong>Br\u00fcksel, Bel\u00e7ika \u2013 Avrupa B\u00f6lgeler Asamblesi (AER) ve GE Energy, Avrupa\u2019n\u0131n kar\u015f\u0131 kar\u015f\u0131ya kald\u0131\u011f\u0131 enerji zorluklar\u0131 ve faydaland\u0131\u011f\u0131 enerji verimlili\u011fi \u00e7\u00f6z\u00fcmlerini yak\u0131ndan inceleyen REFER Raporu\u2019nu yay\u0131nlad\u0131.<\/strong><\/p>\n<p><img loading=\"lazy\" class=\"alignright size-medium wp-image-4729\" title=\"enerji-verimliligi\" src=\"https:\/\/www.enerjigazetesi.ist\/wp-content\/uploads\/2012\/12\/enerji-verimliligi-300x184.jpg\" alt=\"\" width=\"300\" height=\"184\" srcset=\"https:\/\/www.enerjigazetesi.ist\/wp-content\/uploads\/2012\/12\/enerji-verimliligi-300x184.jpg 300w, https:\/\/www.enerjigazetesi.ist\/wp-content\/uploads\/2012\/12\/enerji-verimliligi-80x50.jpg 80w, https:\/\/www.enerjigazetesi.ist\/wp-content\/uploads\/2012\/12\/enerji-verimliligi.jpg 311w\" sizes=\"(max-width: 300px) 100vw, 300px\" \/>Kullan\u0131lmaya ba\u015flayan bir\u00e7ok kan\u0131tlanm\u0131\u015f \u00a0maliyet tasarruflu ve g\u00fcvenilir arz y\u00f6nl\u00fc teknolojilere ve de bunlardan faydalanan b\u00f6lgelere \u0131\u015f\u0131k tutan REFER Raporu, arz y\u00f6nl\u00fc f\u0131rsatlar\u0131n yeniden dirili\u015finin veya kaynak tasarruflu elektrik enerjisi \u00fcretiminin Avrupa i\u00e7in stratejik bir gereklilik oldu\u011funu g\u00f6steriyor.<\/p>\n<p>2. Avrupa B\u00f6lgeleri Enerji G\u00fcn\u00fc\u2019nde Avrupa B\u00f6lgeler Asamblesi Ba\u015fkan\u0131 Mich\u00e8le Sabban ve GE Energy Bat\u0131 Avrupa ve Kuzey Afrika Ba\u015fkan\u0131 Ricardo Cordoba taraf\u0131ndan a\u00e7\u0131klanan REFER Raporu, enerji verimlili\u011finin faydalar\u0131n\u0131 anlamak i\u00e7in \u00f6zel olarak haz\u0131rlanan\u2018Delta Ara\u015ft\u0131rmas\u0131\u2019 sonu\u00e7lar\u0131n\u0131n yan\u0131 s\u0131ra b\u00f6lgelerin enerji projelerine yat\u0131r\u0131mlar\u0131 \u00fczerine yap\u0131lan AER anketinin sonu\u00e7lar\u0131na de\u011finiyor.<\/p>\n<p>Rapor, ba\u015fta k\u00f6m\u00fcrden do\u011fal gaza olmak \u00fczere enerji sekt\u00f6r\u00fcndeki yak\u0131t\u0131 de\u011fi\u015ftirme, elektrik santrali iyile\u015ftirme gibi teknolojileri ve mevcut kombine \u00e7evrim gaz t\u00fcrbinli enerji santrallerinin verimlili\u011fini ve mikro \u00f6l\u00e7ek ev projelerinden b\u00fcy\u00fck \u00f6l\u00e7ekli end\u00fcstriyel projelere kadar kombine \u0131s\u0131 ve enerji verimli\u011fini art\u0131rmay\u0131 ama\u00e7layan di\u011fer tedbirleri inceliyor. Raporda ayn\u0131 zamanda AB 2050 yol haritas\u0131n\u0131n \u00f6nemli bir par\u00e7as\u0131 olan ak\u0131ll\u0131 \u015febeke teknolojilerinin ortaya \u00e7\u0131k\u0131\u015f\u0131 da ele al\u0131n\u0131yor.<\/p>\n<h2>\u201c2050 enerji hedeflerine ula\u015fmak i\u00e7in \u00f6n\u00fcm\u00fczdeki 40 y\u0131l boyunca 270 milyar \u20ac\u2019yu a\u015fk\u0131n bir harcama yap\u0131lmal\u0131.\u201d<\/h2>\n<p>Avrupa Komisyonu, \u00fclkelerin ekonomik kriz \u00f6ncesi d\u00fczeylere geri d\u00f6nmek ve 2050 enerji hedeflerine ula\u015fmak i\u00e7in \u00f6n\u00fcm\u00fczdeki 40 y\u0131l boyunca 270 milyar \u20ac\u2019yu a\u015fk\u0131n bir harcama yapmalar\u0131 gerekti\u011fini belirtiyor. Avrupa Komisyonu\u2019nun enerji verimlili\u011fini art\u0131rma \u00e7abalar\u0131 son kullan\u0131mdaki tasarrufu art\u0131rma \u00f6nlemlerine odaklanm\u0131\u015f ve \u00fcretim ile enerjinin da\u011f\u0131t\u0131m\u0131nda olu\u015fan b\u00fcy\u00fck kay\u0131plar\u0131 azaltma potansiyelini b\u00fcy\u00fck oranda ihmal etmi\u015ftir. REFER Raporu, enerji verimlili\u011finin sadece son kullan\u0131mdaki tasarruf veya talep y\u00f6nl\u00fc verimlilik hakk\u0131nda olmad\u0131\u011f\u0131n\u0131 g\u00f6stermektedir. \u00d6zellikle arz y\u00f6nl\u00fc enerji verimlili\u011fi olmak \u00fczere, t\u00fcm enerji de\u011fer zincirini kapsamaktad\u0131r.<\/p>\n<h2>\u201cEnerji Verimlili\u011fi veya bizim s\u00f6ylemeyi tercih etti\u011fimiz tabiri ile \u2018Verimli Enerji\u2019 sadece sera gazlar\u0131n\u0131 azaltmaktan \u00e7ok daha kapsaml\u0131 bir konudur.\u201d<\/h2>\n<p>Ricardo Cordoba; \u201cEnerji Verimlili\u011fi veya bizim s\u00f6ylemeyi tercih etti\u011fimiz tabiri ile \u2018Verimli Enerji\u2019 sadece sera gazlar\u0131n\u0131 azaltmaktan \u00e7ok daha kapsaml\u0131 bir konudur. Kaynaklar\u0131m\u0131z\u0131n, yak\u0131t\u0131m\u0131z\u0131n, suyumuzun ve topra\u011f\u0131m\u0131z\u0131n verimli kullan\u0131m\u0131 ile ilgilidir. Genel olarak, GE Energy\u2019nin kendini adad\u0131\u011f\u0131 faaliyetler olan Avrupa\u2019daki kaynaklar\u0131 daha verimli kullanan enerji \u00fcretim ve da\u011f\u0131t\u0131m sekt\u00f6rlerinin geli\u015fimini te\u015fvik etmek hakk\u0131ndad\u0131r,\u201d dedi.<\/p>\n<p>Mich\u00e8le Sabban, \u201cB\u00f6lgeler enerji verimlili\u011fi giri\u015fimlerini uygulamak i\u00e7in m\u00fckemmel konumdad\u0131r; d\u00fc\u015f\u00fck karbon enerjisini desteklemek i\u00e7in gerekli olan farkl\u0131 enerji kar\u0131\u015f\u0131mlar\u0131n\u0131 yaratabilecek e\u015fsiz kaynaklar sunarlar. Enerji yat\u0131r\u0131mlar\u0131 ve altyap\u0131s\u0131 hakk\u0131nda engin bir deneyime sahiptirler, planlama ve fikir birli\u011fine varma a\u00e7\u0131s\u0131ndan kilit konumdad\u0131rlar, b\u00f6lgelerindeki enerji stratejisi \u00fczerinde gittik\u00e7e artan bir etkiye sahiptirler ve etkin olarak bu \u00e7al\u0131\u015fmalara kat\u0131lmaktad\u0131rlar,\u201d dedi.<\/p>\n<p>GE Energy ve AER hakk\u0131nda May\u0131s 2009\u2019da, Avrupa\u2019n\u0131n en b\u00fcy\u00fck b\u00f6lgesel a\u011f\u0131 Avrupa B\u00f6lgeler Asamblesi ve Avrupa ve d\u00fcnyadaki tan\u0131nm\u0131\u015f k\u00fcresel oyuncu GE Energy, g\u00fcn\u00fcm\u00fczde Avrupa b\u00f6lgelerinin kar\u015f\u0131la\u015ft\u0131\u011f\u0131 iklim de\u011fi\u015fikli\u011fi meselelerini ele almak ve olas\u0131 \u00e7\u00f6z\u00fcmleri ortaya koymak amac\u0131yla ortakla\u015fa giri\u015fimleri olan \u201cAvrupa B\u00f6lgeleri Enerji G\u00fcn\u00fc\u201dn\u00fc ba\u015flatt\u0131lar. B\u00f6lgesel karar al\u0131c\u0131larla Avrupa enerji uzmanlar\u0131n\u0131 bir araya getirecek ilk zirve olan bu etkinlik, her y\u0131l Bel\u00e7ika\u2019n\u0131n Br\u00fcksel kentinde d\u00fczenlenmektedir.<\/p>\n<p>Avrupa b\u00f6lgeleri kendi topraklar\u0131nda uygulamaya koyulacak enerji \u00e7\u00f6z\u00fcmlerinin se\u00e7iminde kilit rol oynarlar. Bu nedenle AER Ba\u015fkan\u0131 Mich\u00e8le Sabban ile GE Energy Bat\u0131 Avrupa ve Kuzey Afrika Ba\u015fkan\u0131 Ricardo Cordoba, b\u00f6lgesel Avrupa d\u00fczeyinde iklim de\u011fi\u015fikli\u011fi sorunlar\u0131na de\u011finmek \u00fczere g\u00fc\u00e7lerini birle\u015ftirdiler. Bu ortakl\u0131k, k\u00fcresel tan\u0131n\u0131rl\u0131\u011fa sahip enerji uzmanlar\u0131 ile b\u00f6lgesel karar al\u0131c\u0131 kamu g\u00f6revlileri aras\u0131nda e\u015fsiz bir bulu\u015fma noktas\u0131 olu\u015fturmakta ve ayn\u0131 zamanda Avrupa Birli\u011fi\u2019nin enerji ve \u00e7evre stratejisini desteklemekte ve t\u00fcm Avrupa b\u00f6lgeleri i\u00e7in enerji alan\u0131nda \u00f6rnek bir uzmanl\u0131k ve \u00e7\u00f6z\u00fcm merkezi olu\u015fturmaktad\u0131r.<\/p>\n<p>Kaynak: <a href=\"http:\/\/enerjienstitusu.com\/2011\/04\/17\/enerjinin-gelecegi-sadece-enerji-verimliliginde-degil-verimli-enerjide\/\" target=\"_blank\">Enerji Enstit\u00fcs\u00fc\u00a0<\/a><\/p>","protected":false},"excerpt":{"rendered":"<p>Sorry, this entry is only available in Turkish. For the sake of viewer convenience, the content is shown below in the alternative language. You may click the link to switch the active language.Br\u00fcksel, Bel\u00e7ika \u2013 Avrupa B\u00f6lgeler Asamblesi (AER) ve GE Energy, Avrupa\u2019n\u0131n kar\u015f\u0131 kar\u015f\u0131ya kald\u0131\u011f\u0131 enerji zorluklar\u0131 ve faydaland\u0131\u011f\u0131 enerji verimlili\u011fi \u00e7\u00f6z\u00fcmlerini yak\u0131ndan inceleyen [&hellip;]<\/p>\n","protected":false},"author":1,"featured_media":4729,"comment_status":"open","ping_status":"open","sticky":false,"template":"","format":"standard","meta":[],"categories":[53,52],"tags":[67,103,12,1577,133],"views":2100,"_links":{"self":[{"href":"https:\/\/www.enerjigazetesi.ist\/en\/wp-json\/wp\/v2\/posts\/4728"}],"collection":[{"href":"https:\/\/www.enerjigazetesi.ist\/en\/wp-json\/wp\/v2\/posts"}],"about":[{"href":"https:\/\/www.enerjigazetesi.ist\/en\/wp-json\/wp\/v2\/types\/post"}],"author":[{"embeddable":true,"href":"https:\/\/www.enerjigazetesi.ist\/en\/wp-json\/wp\/v2\/users\/1"}],"replies":[{"embeddable":true,"href":"https:\/\/www.enerjigazetesi.ist\/en\/wp-json\/wp\/v2\/comments?post=4728"}],"version-history":[{"count":4,"href":"https:\/\/www.enerjigazetesi.ist\/en\/wp-json\/wp\/v2\/posts\/4728\/revisions"}],"predecessor-version":[{"id":4833,"href":"https:\/\/www.enerjigazetesi.ist\/en\/wp-json\/wp\/v2\/posts\/4728\/revisions\/4833"}],"wp:featuredmedia":[{"embeddable":true,"href":"https:\/\/www.enerjigazetesi.ist\/en\/wp-json\/wp\/v2\/media\/4729"}],"wp:attachment":[{"href":"https:\/\/www.enerjigazetesi.ist\/en\/wp-json\/wp\/v2\/media?parent=4728"}],"wp:term":[{"taxonomy":"category","embeddable":true,"href":"https:\/\/www.enerjigazetesi.ist\/en\/wp-json\/wp\/v2\/categories?post=4728"},{"taxonomy":"post_tag","embeddable":true,"href":"https:\/\/www.enerjigazetesi.ist\/en\/wp-json\/wp\/v2\/tags?post=4728"}],"curies":[{"name":"wp","href":"https:\/\/api.w.org\/{rel}","templated":true}]}}