{"id":47271,"date":"2015-11-30T23:13:48","date_gmt":"2015-11-30T20:13:48","guid":{"rendered":"https:\/\/www.enerjigazetesi.ist\/?p=47271"},"modified":"2015-11-30T23:13:48","modified_gmt":"2015-11-30T20:13:48","slug":"iklimlendirme-konferansi3-yilinda-200e-yakin-firma-nin-katilimi-ile-gerceklesti","status":"publish","type":"post","link":"https:\/\/www.enerjigazetesi.ist\/en\/iklimlendirme-konferansi3-yilinda-200e-yakin-firma-nin-katilimi-ile-gerceklesti\/","title":{"rendered":"(Turkish) \u0130klimlendirme Konferans\u0131 200\u2019e Yak\u0131n Firman\u0131n Kat\u0131l\u0131m\u0131 \u0130le Ger\u00e7ekle\u015fti!"},"content":{"rendered":"<p class=\"qtranxs-available-languages-message qtranxs-available-languages-message-en\">Sorry, this entry is only available in <a href=\"https:\/\/www.enerjigazetesi.ist\/tr\/wp-json\/wp\/v2\/posts\/47271\" class=\"qtranxs-available-language-link qtranxs-available-language-link-tr\" title=\"Turkish\">Turkish<\/a>. For the sake of viewer convenience, the content is shown below in the alternative language. You may click the link to switch the active language.<\/p><p><strong>Eventuum taraf\u0131ndan, Asal \u0130klimlendirme, Bah\u00e7\u0131van M\u00fchendislik, Duyar Vana, Karyer Is\u0131 Transfer, Ventek M\u00fchendislik Sponsorlu\u011funda ger\u00e7ekle\u015fen 3. \u0130klimlendirme Konferans\u0131 26 Kas\u0131m 2015 tarihinde Marriott Hotel Asia\u2019da , \u201cLiderler Bulu\u015fmas\u0131\u201d temas\u0131 ile ger\u00e7ekle\u015fti.<\/strong><\/p>\n<p>A\u00e7\u0131l\u0131\u015f konu\u015fmas\u0131 \u0130SEDA<a href=\"https:\/\/www.enerjigazetesi.ist\/wp-content\/uploads\/2015\/11\/iklimlendirme-konferansi3-yilinda-200e-yakin-firma-nin-katilimi-ile-gerceklesti.jpg\"><img loading=\"lazy\" class=\"alignleft  wp-image-47272\" src=\"https:\/\/www.enerjigazetesi.ist\/wp-content\/uploads\/2015\/11\/iklimlendirme-konferansi3-yilinda-200e-yakin-firma-nin-katilimi-ile-gerceklesti-300x131.jpg\" alt=\"iklimlendirme-konferansi3-yilinda-200e-yakin-firma-nin-katilimi-ile-gerceklesti\" width=\"289\" height=\"154\" \/><\/a> Y\u00f6netim Kurulu Ba\u015fkan\u0131 Sn. U\u011fur Otaran taraf\u0131ndan yap\u0131lan \u0130klimlendirme Konferans\u0131, bu sene 200\u2019e yak\u0131n firmaya ev sahipli\u011fi yaparak muhte\u015fem bir kat\u0131l\u0131mla ger\u00e7ekle\u015fti.<\/p>\n<p>\u0130klimlendirme Konferans\u0131, \u00a0B\u00f6lgesel verimlilik, k\u00fcresel fayda ve topyek\u00fcn i\u015fbirli\u011fi seferberli\u011fi\u00a0 ile ortak \u00e7\u0131karlar do\u011frultusunda se\u00e7kin konu\u015fmac\u0131lar\u0131 a\u011f\u0131rlad\u0131, stratejik hamleleri payla\u015fma f\u0131rsat\u0131 sundu.<\/p>\n<p>\u201c<strong>\u0130klimlendirmede E\u011fitim Liderleri, \u00dcniversite Sanayi \u0130\u015fbirli\u011fi, Fark\u0131ndal\u0131\u011f\u0131 ve \u00d6nemi\u201d konulu oturumu ile Sn. Prof. Dr. Nil\u00fcfer E\u011frican, \u201cBina Tesisatlar\u0131nda Yenilik\u00e7i \u00c7\u00f6z\u00fcmler\u201d konulu oturumda Tanr\u0131\u00f6ver M\u00fchendislik Firma Sahibi Sn. Cevat Tanr\u0131\u00f6ver,\u00a0 \u201cMekanik Tesisatta \u0130novatif Yakla\u015f\u0131mlar ve Enerji Analizleri\u201d konulu oturumda Mekanik Proje Y\u00f6netim Kurulu Ba\u015fkan\u0131\u00a0 Sn. Hamit Mutlu, \u201cAvrupa\u2019da So\u011futucu Ak\u0131\u015fkan ve Klima Teknolojileri\u201d konulu oturumda Asal \u0130klimlendirme Y\u00f6netim Kurulu Ba\u015fkan\u0131 Sn. Turhan Karakaya,<em>\u00a0 \u00a0<\/em>\u201c<\/strong><em>Gri Su D\u00f6n\u00fc\u015f\u00fcm Sistemleri ve Ya\u011fmur Suyu Toplama Sistemleri\u201d konulu oturumda Aktif Group Y\u00f6netim Kurulu Ba\u015fkan\u0131 <strong>Sn. Halim \u00d6zdemir<\/strong>, \u201c<\/em><strong>Is\u0131 Geri Kazan\u0131m E\u015fanj\u00f6rleri\u201d konulu oturumda Karyer Is\u0131 Transfer Sat\u0131\u015f B\u00f6l\u00fcm M\u00fcd\u00fcr\u00fc Sn. Sarven Agopo\u011flu,\u201cHijyenik ve Enerji Verimli Bir \u015eekilde Evaporatif So\u011futma\u201d konulu oturumda Ventek M\u00fchendislik Genel M\u00fcd\u00fcr\u00fc Sn. G\u00f6khan Yal\u0131nay, \u201cSekt\u00f6rel Sat\u0131n Almalar ve Etkileri\u201d konulu oturumda Samsung T\u00fcrkiye Sistem Klimalar\u0131 \u00dclke M\u00fcd\u00fcr\u00fcSn. Okan Tutcu<em>, <\/em>\u201cEnerji Verimli Binalar i\u00e7in B\u00fct\u00fcnle\u015fik Bina Tasar\u0131m\u0131\u201d konulu oturumda Agon Mekanik Genel M\u00fcd\u00fcr\u00fc Sn. Mehmet Rodop, \u201cOtopark Duman Tahliye Sistemleri\u201d konulu oturumda Armovent Kurucu Orta\u011f\u0131 Sn. Erdal \u00d6z\u00fcnt\u00fcrk, \u201cWELL Sertifikas\u0131 ve \u0130\u00e7 Hava Kalitesi\u201d konulu oturumda ise <\/strong>WELL Faculty, LEED Faculty, TURKECO, USGBC, \u00c7EDB\u0130K\u00a0Y\u00f6netim Kurulu \u00dcyesi Sn. <strong>Dr. Duygu Erten<\/strong> konu\u015fmac\u0131 olarak yer ald\u0131.<\/p>\n<p>Konferans\u0131n destek sponsorlar\u0131 aras\u0131nda \u0130mbat So\u011futma, Pa-Flex Paralel \u0130n\u015faat Kau\u00e7uk, Rothenberger T\u00fcrkiye, Reform Klima, YanmaX M\u00fchendislik, Tezel Is\u0131tma So\u011futma Havaland\u0131rma yer alarak konferans\u0131n m\u00fc\u015fteri profilleri ile bulu\u015fma avantaj\u0131ndan maksimum anlamda faydalanarak \u00fcr\u00fcnlerini ve hizmetlerini hedef kitlelerine aktarma f\u0131rsat\u0131 elde etti.<\/p>\n<p>\u0130SEDA-\u0130klimlendirme, So\u011futma E\u011fitim Dan\u0131\u015fma ve Ara\u015ft\u0131rma Derne\u011fi,\u00a0 \u00c7EDB\u0130K \u00c7evre Dostu Ye\u015fil Binalar Derne\u011fi, XPS Is\u0131 Yal\u0131t\u0131mc\u0131lar\u0131 Derne\u011fi, Uluslararas\u0131 Tesis Teknik M\u00fcd\u00fcrleri Derne\u011fi, \u0130stanbul Buzdolab\u0131 So\u011futma ve \u0130klimlendirme Teknisyenleri Odas\u0131, Kazan ve Bas\u0131n\u00e7l\u0131 Kap Sanayicileri Birli\u011fi, Enerji T\u00fcketicileri Derne\u011fi konferans\u0131 destekleyen dernekler \u00a0aras\u0131nda yer alarak ve \u00fcyeleriyle etkile\u015fim alanlar\u0131n\u0131 konferansa kanalize ederek sekt\u00f6rlerinde yap\u0131c\u0131 ve birle\u015ftirici g\u00fc\u00e7 olduklar\u0131n\u0131 \u00a0sekt\u00f6re ve kat\u0131l\u0131mc\u0131lara ifade etmi\u015f oldu.<\/p>\n<p>2016 y\u0131l\u0131nda 4. \u0130klimlendirme Konferans\u0131\u2019n\u0131 ger\u00e7ekle\u015ftirecek olan Eventuum Genel M\u00fcd\u00fcr\u00fc P\u0131nar Kopuz, daha kapsaml\u0131 ve kuvvetli kat\u0131l\u0131m ile etkile\u015fim alan\u0131n\u0131n giderek \u00e7o\u011fald\u0131\u011f\u0131n\u0131 ve kat\u0131l\u0131mc\u0131lar\u0131n VIP konseptte ger\u00e7ekle\u015fen \u0130klimlendirme Konferans\u0131\u2019ndan memnun kald\u0131klar\u0131n\u0131 belirtti. Gelecek y\u0131l da, sekt\u00f6r\u00fcn haketti\u011fi kaliteli duru\u015funa lay\u0131k bir konferans organize edeceklerini vurgulad\u0131.<\/p>\n<p>Kaynak: B\u00fcltenler<\/p>","protected":false},"excerpt":{"rendered":"<p>Sorry, this entry is only available in Turkish. For the sake of viewer convenience, the content is shown below in the alternative language. You may click the link to switch the active language.Eventuum taraf\u0131ndan, Asal \u0130klimlendirme, Bah\u00e7\u0131van M\u00fchendislik, Duyar Vana, Karyer Is\u0131 Transfer, Ventek M\u00fchendislik Sponsorlu\u011funda ger\u00e7ekle\u015fen 3. \u0130klimlendirme Konferans\u0131 26 Kas\u0131m 2015 tarihinde Marriott [&hellip;]<\/p>\n","protected":false},"author":1,"featured_media":47272,"comment_status":"open","ping_status":"open","sticky":false,"template":"","format":"standard","meta":[],"categories":[53],"tags":[27169,63,67,1009,2698,165,18513],"views":1031,"_links":{"self":[{"href":"https:\/\/www.enerjigazetesi.ist\/en\/wp-json\/wp\/v2\/posts\/47271"}],"collection":[{"href":"https:\/\/www.enerjigazetesi.ist\/en\/wp-json\/wp\/v2\/posts"}],"about":[{"href":"https:\/\/www.enerjigazetesi.ist\/en\/wp-json\/wp\/v2\/types\/post"}],"author":[{"embeddable":true,"href":"https:\/\/www.enerjigazetesi.ist\/en\/wp-json\/wp\/v2\/users\/1"}],"replies":[{"embeddable":true,"href":"https:\/\/www.enerjigazetesi.ist\/en\/wp-json\/wp\/v2\/comments?post=47271"}],"version-history":[{"count":1,"href":"https:\/\/www.enerjigazetesi.ist\/en\/wp-json\/wp\/v2\/posts\/47271\/revisions"}],"predecessor-version":[{"id":47273,"href":"https:\/\/www.enerjigazetesi.ist\/en\/wp-json\/wp\/v2\/posts\/47271\/revisions\/47273"}],"wp:featuredmedia":[{"embeddable":true,"href":"https:\/\/www.enerjigazetesi.ist\/en\/wp-json\/wp\/v2\/media\/47272"}],"wp:attachment":[{"href":"https:\/\/www.enerjigazetesi.ist\/en\/wp-json\/wp\/v2\/media?parent=47271"}],"wp:term":[{"taxonomy":"category","embeddable":true,"href":"https:\/\/www.enerjigazetesi.ist\/en\/wp-json\/wp\/v2\/categories?post=47271"},{"taxonomy":"post_tag","embeddable":true,"href":"https:\/\/www.enerjigazetesi.ist\/en\/wp-json\/wp\/v2\/tags?post=47271"}],"curies":[{"name":"wp","href":"https:\/\/api.w.org\/{rel}","templated":true}]}}