{"id":47261,"date":"2015-11-30T18:36:45","date_gmt":"2015-11-30T15:36:45","guid":{"rendered":"https:\/\/www.enerjigazetesi.ist\/?p=47261"},"modified":"2015-11-30T18:37:06","modified_gmt":"2015-11-30T15:37:06","slug":"tarihi-paris-zirvesi-basladi","status":"publish","type":"post","link":"https:\/\/www.enerjigazetesi.ist\/en\/tarihi-paris-zirvesi-basladi\/","title":{"rendered":"(Turkish) Tarihi Paris Zirvesi Ba\u015flad\u0131&#8230;"},"content":{"rendered":"<p class=\"qtranxs-available-languages-message qtranxs-available-languages-message-en\">Sorry, this entry is only available in <a href=\"https:\/\/www.enerjigazetesi.ist\/tr\/wp-json\/wp\/v2\/posts\/47261\" class=\"qtranxs-available-language-link qtranxs-available-language-link-tr\" title=\"Turkish\">Turkish<\/a>. For the sake of viewer convenience, the content is shown below in the alternative language. You may click the link to switch the active language.<\/p><p><strong>D\u00fcnyadaki t\u00fcm canl\u0131lar\u0131n gelece\u011fi i\u00e7in tarihi \u00f6neme sahip olan Paris \u0130klim Zirvesi bug\u00fcn ba\u015flad\u0131.<\/strong><\/p>\n<p>Zirvede k\u00fcresel sera gaz\u0131 emisyonlar\u0131n\u0131n s\u0131n\u0131rlanmas\u0131na dair uluslararas\u0131 bir anla\u015fma imzalanarak, iklim de\u011fi\u015fikli\u011fi ile m\u00fccadelede geri d\u00f6n\u00fc<a href=\"https:\/\/www.enerjigazetesi.ist\/wp-content\/uploads\/2015\/11\/tarihi-paris-zirvesi-basladi.jpg\"><img loading=\"lazy\" class=\"alignleft size-medium wp-image-47262\" src=\"https:\/\/www.enerjigazetesi.ist\/wp-content\/uploads\/2015\/11\/tarihi-paris-zirvesi-basladi-300x163.jpg\" alt=\"tarihi-paris-zirvesi-basladi\" width=\"300\" height=\"163\" srcset=\"https:\/\/www.enerjigazetesi.ist\/wp-content\/uploads\/2015\/11\/tarihi-paris-zirvesi-basladi-300x163.jpg 300w, https:\/\/www.enerjigazetesi.ist\/wp-content\/uploads\/2015\/11\/tarihi-paris-zirvesi-basladi-80x43.jpg 80w, https:\/\/www.enerjigazetesi.ist\/wp-content\/uploads\/2015\/11\/tarihi-paris-zirvesi-basladi.jpg 460w\" sizes=\"(max-width: 300px) 100vw, 300px\" \/><\/a>lemeyecek noktaya ula\u015f\u0131lmas\u0131n\u0131n engellenmesi hedefleniyor.<\/p>\n<p>Birle\u015fmi\u015f Milletler taraf\u0131ndan ilk kez 1979 y\u0131l\u0131nda d\u00fczenlenen bu y\u0131l ise 21. ger\u00e7ekle\u015ftirilecek olan zirve, s\u0131n\u0131rl\u0131 kalsa da insan kaynakl\u0131 sera gaz\u0131 emisyonlar\u0131n\u0131n miktar\u0131n\u0131 azaltmay\u0131 hedefleyen tek uluslararas\u0131 \u00e7er\u00e7eve olan Kyoto S\u00f6zle\u015fmesi\u2019nin s\u00fcresinin 2020 y\u0131l\u0131nda dolacak olmas\u0131 ve iklim de\u011fi\u015fikli\u011finin etkilerinin h\u0131zla artmas\u0131 nedeni ile kritik \u00f6neme sahip.<\/p>\n<p><strong>T\u00fcrkiye 150 ki\u015filik heyet ile g\u00f6r\u00fc\u015fmelerde yer alacak<\/strong><\/p>\n<p>195 \u00fclkenin temsilcileri ile 100\u2019den fazla \u00fclkenin liderini bir araya getirecek olan zirvede T\u00fcrkiye Cumhuriyeti ise 150 ki\u015filik bir heyet ile temsil edilecek.<br \/>\nCumhurba\u015fkan\u0131 Recep Tayyip Erdo\u011fan da zirvenin a\u00e7\u0131l\u0131\u015f toplant\u0131lar\u0131na kat\u0131larak konu\u015fma yapacak d\u00fcnya liderleri aras\u0131nda yer al\u0131yor.<\/p>\n<p><strong>BM: \u00dclkelerin katk\u0131 niyetleri \u00f6nemli ama yeterli de\u011fil<\/strong><\/p>\n<p>Zirvede ger\u00e7ekle\u015ftirilecek g\u00f6r\u00fc\u015fmeler \u00f6ncesinde kat\u0131l\u0131mc\u0131 \u00fclkeler iklim de\u011fi\u015fikli\u011fi m\u00fccadelesi i\u00e7in sunabilecekleri g\u00f6n\u00fcll\u00fc katk\u0131lar\u0131 i\u00e7eren Kesin Katk\u0131lar i\u00e7in Ulusal Niyet Beyan\u0131 (INDC) belgelerini Birle\u015fmi\u015f Milletler \u0130klim De\u011fi\u015fikli\u011fi Sekreterli\u011fi\u2019ne iletmeleri gerekiyordu.<\/p>\n<p>D\u00fcn zirvenin a\u00e7\u0131l\u0131\u015f\u0131 dolay\u0131s\u0131 ile ger\u00e7ekle\u015ftirilen bas\u0131n toplant\u0131s\u0131nda konu\u015fan BM \u0130klim De\u011fi\u015fikli\u011fi \u00c7er\u00e7eve S\u00f6zle\u015fmesi Sekreteri Christiana Figueres\u00a0kadar Avrupa Birli\u011fi taraf\u0131ndan 28 \u00fcyesini temsilen tek bir beyan ile olmak \u00fczere 183 \u00fclkeyi temsilen 156 katk\u0131 belgesinin BM&#8217;ye iletildi\u011fi bilgisini verdi. Bu beyanlar\u0131 ger\u00e7ekle\u015ftiren \u00fclkelerin k\u00fcresel sera gaz\u0131 emisyonlar\u0131ndaki sorumluluklar\u0131 y\u00fczde 95 d\u00fczeyinde bulunuyor.<\/p>\n<p>Haberin <a href=\"http:\/\/yesilekonomi.com\/iklim\/tarihi-paris-zirvesi-basladi\" target=\"_blank\" rel=\"nofollow\">Devam\u0131 \u0130\u00e7in TIKLAYINIZ&gt;&gt;&gt;<\/a><\/p>\n<p>Kaynak: Ye\u015fil Ekonomi<\/p>","protected":false},"excerpt":{"rendered":"<p>Sorry, this entry is only available in Turkish. For the sake of viewer convenience, the content is shown below in the alternative language. You may click the link to switch the active language.D\u00fcnyadaki t\u00fcm canl\u0131lar\u0131n gelece\u011fi i\u00e7in tarihi \u00f6neme sahip olan Paris \u0130klim Zirvesi bug\u00fcn ba\u015flad\u0131. Zirvede k\u00fcresel sera gaz\u0131 emisyonlar\u0131n\u0131n s\u0131n\u0131rlanmas\u0131na dair uluslararas\u0131 bir [&hellip;]<\/p>\n","protected":false},"author":1,"featured_media":47262,"comment_status":"open","ping_status":"open","sticky":false,"template":"","format":"standard","meta":[],"categories":[53,52],"tags":[63,67,1009,2698,165,27138,27167],"views":919,"_links":{"self":[{"href":"https:\/\/www.enerjigazetesi.ist\/en\/wp-json\/wp\/v2\/posts\/47261"}],"collection":[{"href":"https:\/\/www.enerjigazetesi.ist\/en\/wp-json\/wp\/v2\/posts"}],"about":[{"href":"https:\/\/www.enerjigazetesi.ist\/en\/wp-json\/wp\/v2\/types\/post"}],"author":[{"embeddable":true,"href":"https:\/\/www.enerjigazetesi.ist\/en\/wp-json\/wp\/v2\/users\/1"}],"replies":[{"embeddable":true,"href":"https:\/\/www.enerjigazetesi.ist\/en\/wp-json\/wp\/v2\/comments?post=47261"}],"version-history":[{"count":1,"href":"https:\/\/www.enerjigazetesi.ist\/en\/wp-json\/wp\/v2\/posts\/47261\/revisions"}],"predecessor-version":[{"id":47263,"href":"https:\/\/www.enerjigazetesi.ist\/en\/wp-json\/wp\/v2\/posts\/47261\/revisions\/47263"}],"wp:featuredmedia":[{"embeddable":true,"href":"https:\/\/www.enerjigazetesi.ist\/en\/wp-json\/wp\/v2\/media\/47262"}],"wp:attachment":[{"href":"https:\/\/www.enerjigazetesi.ist\/en\/wp-json\/wp\/v2\/media?parent=47261"}],"wp:term":[{"taxonomy":"category","embeddable":true,"href":"https:\/\/www.enerjigazetesi.ist\/en\/wp-json\/wp\/v2\/categories?post=47261"},{"taxonomy":"post_tag","embeddable":true,"href":"https:\/\/www.enerjigazetesi.ist\/en\/wp-json\/wp\/v2\/tags?post=47261"}],"curies":[{"name":"wp","href":"https:\/\/api.w.org\/{rel}","templated":true}]}}