{"id":47253,"date":"2015-11-30T16:07:48","date_gmt":"2015-11-30T13:07:48","guid":{"rendered":"https:\/\/www.enerjigazetesi.ist\/?p=47253"},"modified":"2015-11-30T16:07:48","modified_gmt":"2015-11-30T13:07:48","slug":"turk-yunan-hubi-dogalgazda-fiyat-belirleyecek","status":"publish","type":"post","link":"https:\/\/www.enerjigazetesi.ist\/en\/turk-yunan-hubi-dogalgazda-fiyat-belirleyecek\/","title":{"rendered":"(Turkish) T\u00fcrk-Yunan Hub\u2019\u0131 Do\u011falgazda Fiyat Belirleyecek&#8230;"},"content":{"rendered":"<p class=\"qtranxs-available-languages-message qtranxs-available-languages-message-en\">Sorry, this entry is only available in <a href=\"https:\/\/www.enerjigazetesi.ist\/tr\/wp-json\/wp\/v2\/posts\/47253\" class=\"qtranxs-available-language-link qtranxs-available-language-link-tr\" title=\"Turkish\">Turkish<\/a>. For the sake of viewer convenience, the content is shown below in the alternative language. You may click the link to switch the active language.<\/p><p><\/p>\n<p style=\"color: #0a0a0a;\"><strong>Uluslararas\u0131 Enerji Ekonomisi Birli\u011fi (IAEE) ba\u015fkan\u0131 Prof. Dr. G\u00fcrkan Kumbaro\u011flu\u2019na g\u00f6re Yunanistan ile T\u00fcrkiye s\u0131n\u0131r\u0131nda kurulabilecek ortak bir gaz merkezi (hub), farkl\u0131 kaynaklardan b\u00f6lgeye gelecek do\u011falgaz\u0131n fiyatland\u0131r\u0131lmas\u0131nda rol oynayabilir.<\/strong><span id=\"more-74354\"><\/span><\/p>\n<p style=\"color: #0a0a0a;\">Prof. Dr. Kumbaro\u011flu, TANAP ile Azerbaycan\u2019dan, T\u00fcrk Ak\u0131m\u0131yla Rusya\u2019dan gelmesi planlanan do\u011falgaz kaynaklar\u0131na, ileride Kuzey Irak, D<a href=\"https:\/\/www.enerjigazetesi.ist\/wp-content\/uploads\/2015\/11\/turk-yunan-hubi-dogalgazda-fiyat-belirleyecek.jpg\"><img loading=\"lazy\" class=\"alignleft size-medium wp-image-47254\" src=\"https:\/\/www.enerjigazetesi.ist\/wp-content\/uploads\/2015\/11\/turk-yunan-hubi-dogalgazda-fiyat-belirleyecek-300x165.jpg\" alt=\"turk-yunan-hubi-dogalgazda-fiyat-belirleyecek\" width=\"300\" height=\"165\" srcset=\"https:\/\/www.enerjigazetesi.ist\/wp-content\/uploads\/2015\/11\/turk-yunan-hubi-dogalgazda-fiyat-belirleyecek-300x165.jpg 300w, https:\/\/www.enerjigazetesi.ist\/wp-content\/uploads\/2015\/11\/turk-yunan-hubi-dogalgazda-fiyat-belirleyecek-500x276.jpg 500w, https:\/\/www.enerjigazetesi.ist\/wp-content\/uploads\/2015\/11\/turk-yunan-hubi-dogalgazda-fiyat-belirleyecek-80x44.jpg 80w, https:\/\/www.enerjigazetesi.ist\/wp-content\/uploads\/2015\/11\/turk-yunan-hubi-dogalgazda-fiyat-belirleyecek.jpg 696w\" sizes=\"(max-width: 300px) 100vw, 300px\" \/><\/a>o\u011fu Akdeniz ve \u0130ran gaz\u0131n\u0131n da eklenebilece\u011fini belirterek, bu hatlar \u00fczerinden gelecek gazlar\u0131n T\u00fcrkiye-Yunanistan s\u0131n\u0131r\u0131nda olu\u015fturulmas\u0131 muhtemel bir hub\u2019da birle\u015ferek serbest piyasalar\u0131n fiyat olu\u015fumuna katk\u0131 sa\u011flayabilece\u011fini s\u00f6yledi.<\/p>\n<p style=\"color: #0a0a0a;\">T\u00fcrkiye\u2019nin jeopolitik konumu a\u00e7\u0131s\u0131ndan Rusya, Hazar B\u00f6lgesi, Ortado\u011fu ve Do\u011fu Akdeniz\u2019e yak\u0131n oldu\u011funu ve bunun \u00e7ok \u00f6nemli avantajlar\u0131 da beraberinde getirdi\u011fini anlatan Prof. Dr. Kumbaro\u011flu, \u015f\u00f6yle devam etti:<\/p>\n<p style=\"color: #0a0a0a;\">\u201cDo\u011fudan gelecek b\u00fct\u00fcn bu gazlar\u0131n Avrupa\u2019ya ta\u015f\u0131nma ihtiyac\u0131 do\u011fuyor. Bunun i\u00e7in de bir gaz hub\u2019\u0131na ihtiya\u00e7 var. Gaz\u0131n gaz ile rekabetini olu\u015fturmak ve gaz\u0131 ticareti yap\u0131labilir bir hale getirmek i\u00e7in, bu hub\u2019\u0131n ideal noktas\u0131 da T\u00fcrkiye-Yunanistan s\u0131n\u0131r\u0131nda. Gaz ticareti i\u00e7in do\u011fal bir konumda olan bu s\u0131n\u0131rda gaz hub\u2019\u0131 kurulmas\u0131, fiziksel gaz ticaretini beraberinde getirerek, referans al\u0131nabilecek fiyat olu\u015fumuna da katk\u0131da bulunacak. Sadece fiyat a\u00e7\u0131s\u0131ndan de\u011fil, Avrupa\u2019n\u0131n arz g\u00fccenli\u011fi ve kaynaklar\u0131n\u0131 \u00e7e\u015fitlendirmesi a\u00e7\u0131s\u0131ndan da bu hub \u00e7ok \u00f6nemli bir kazan\u00e7 olur.\u201d<\/p>\n<p style=\"color: #0a0a0a;\"><strong>\u201cMoskova, gaz piyasas\u0131n\u0131n ger\u00e7eklerine adapte olmal\u0131\u201d<\/strong><\/p>\n<p style=\"color: #0a0a0a;\">BOTA\u015e\u2019\u0131n Yunanistan\u2019daki e\u015f kurumu olan Kamusal Gaz \u015eirketi DEPA\u2019n\u0131n Ba\u015fkan Yard\u0131mc\u0131s\u0131 Prof. Dr. Kostas Andriosopoulos ise T\u00fcrkiye\u2019ye farkl\u0131 kaynaklardan do\u011falgaz gelece\u011fine inand\u0131\u011f\u0131n\u0131 s\u00f6yledi.<\/p>\n<p style=\"color: #0a0a0a;\">Yunanistan\u2019\u0131n da s\u0131v\u0131la\u015ft\u0131r\u0131lm\u0131\u015f do\u011falgaz (LNG) tesisi projesiyle Katar ve Cezayir gibi halihaz\u0131rdaki tedarik\u00e7ilere ABD ve Avustralya\u2019dan yeni gaz arz\u0131 ekleyece\u011fini belirten Andriosopoulos, b\u00fct\u00fcn bu kaynaklar\u0131n da ortak hub\u2019da toplanarak rekabet\u00e7i bir ortamda do\u011falgaz fiyat\u0131n\u0131n belirlenece\u011fine i\u015faret etti.<\/p>\n<p style=\"color: #0a0a0a;\">Andriosopoulos, serbest piyasada gaz\u0131n kendi i\u00e7inde rekabet ile fiyatland\u0131r\u0131lmas\u0131 fikrine, sabit fiyatl\u0131 ve uzun d\u00f6nemli s\u00f6zle\u015fmeler yapan Rusya\u2019n\u0131n nas\u0131l bir tepki verece\u011fini de de\u011ferlendirerek, \u201cMoskova\u2019n\u0131n k\u00fcresel gaz piyasas\u0131n\u0131n ger\u00e7eklerine adapte olmas\u0131 gerekiyor. T\u00fcrkiye, Rus gaz ihrac\u0131 i\u00e7in ikinci b\u00fcy\u00fck pazar, Avrupa\u2019n\u0131n ise Moskova i\u00e7in geleneksel ve uzun s\u00fcredir varolan g\u00fc\u00e7l\u00fc bir piyasa. Yunanistan ve T\u00fcrkiye, Avrupa ve Asya\u2019da ge\u00e7i\u015f k\u00f6pr\u00fcs\u00fc konumunda. \u015eimdi bu konumlar\u0131n\u0131 gaz ticaretiyle ve ortak hub projesiyle g\u00fc\u00e7lendirme zaman\u0131\u201d dedi.<\/p>\n<p style=\"color: #0a0a0a;\">Kaynak: B\u00fcltenler<\/p>\n<p><\/p>","protected":false},"excerpt":{"rendered":"<p>Sorry, this entry is only available in Turkish. For the sake of viewer convenience, the content is shown below in the alternative language. You may click the link to switch the active language. Uluslararas\u0131 Enerji Ekonomisi Birli\u011fi (IAEE) ba\u015fkan\u0131 Prof. Dr. G\u00fcrkan Kumbaro\u011flu\u2019na g\u00f6re Yunanistan ile T\u00fcrkiye s\u0131n\u0131r\u0131nda kurulabilecek ortak bir gaz merkezi (hub), farkl\u0131 [&hellip;]<\/p>\n","protected":false},"author":1,"featured_media":47254,"comment_status":"open","ping_status":"open","sticky":false,"template":"","format":"standard","meta":[],"categories":[46,53],"tags":[92,226,9302,1363,19761,2092,2677,63,67,1009,2698,165,19155,18715,12387,2012,4221,2297,27166],"views":1112,"_links":{"self":[{"href":"https:\/\/www.enerjigazetesi.ist\/en\/wp-json\/wp\/v2\/posts\/47253"}],"collection":[{"href":"https:\/\/www.enerjigazetesi.ist\/en\/wp-json\/wp\/v2\/posts"}],"about":[{"href":"https:\/\/www.enerjigazetesi.ist\/en\/wp-json\/wp\/v2\/types\/post"}],"author":[{"embeddable":true,"href":"https:\/\/www.enerjigazetesi.ist\/en\/wp-json\/wp\/v2\/users\/1"}],"replies":[{"embeddable":true,"href":"https:\/\/www.enerjigazetesi.ist\/en\/wp-json\/wp\/v2\/comments?post=47253"}],"version-history":[{"count":1,"href":"https:\/\/www.enerjigazetesi.ist\/en\/wp-json\/wp\/v2\/posts\/47253\/revisions"}],"predecessor-version":[{"id":47255,"href":"https:\/\/www.enerjigazetesi.ist\/en\/wp-json\/wp\/v2\/posts\/47253\/revisions\/47255"}],"wp:featuredmedia":[{"embeddable":true,"href":"https:\/\/www.enerjigazetesi.ist\/en\/wp-json\/wp\/v2\/media\/47254"}],"wp:attachment":[{"href":"https:\/\/www.enerjigazetesi.ist\/en\/wp-json\/wp\/v2\/media?parent=47253"}],"wp:term":[{"taxonomy":"category","embeddable":true,"href":"https:\/\/www.enerjigazetesi.ist\/en\/wp-json\/wp\/v2\/categories?post=47253"},{"taxonomy":"post_tag","embeddable":true,"href":"https:\/\/www.enerjigazetesi.ist\/en\/wp-json\/wp\/v2\/tags?post=47253"}],"curies":[{"name":"wp","href":"https:\/\/api.w.org\/{rel}","templated":true}]}}