{"id":47215,"date":"2015-11-29T19:33:28","date_gmt":"2015-11-29T16:33:28","guid":{"rendered":"https:\/\/www.enerjigazetesi.ist\/?p=47215"},"modified":"2015-11-29T19:33:28","modified_gmt":"2015-11-29T16:33:28","slug":"bis-enerji-yuksek-uretim-maliyeti-nedeniyle-faaliyetlerini-durdurdu","status":"publish","type":"post","link":"https:\/\/www.enerjigazetesi.ist\/en\/bis-enerji-yuksek-uretim-maliyeti-nedeniyle-faaliyetlerini-durdurdu\/","title":{"rendered":"(Turkish) B\u0130S Enerji Y\u00fcksek \u00dcretim Maliyeti Nedeniyle Faaliyetlerini Durdurdu&#8230;"},"content":{"rendered":"<p class=\"qtranxs-available-languages-message qtranxs-available-languages-message-en\">Sorry, this entry is only available in <a href=\"https:\/\/www.enerjigazetesi.ist\/tr\/wp-json\/wp\/v2\/posts\/47215\" class=\"qtranxs-available-language-link qtranxs-available-language-link-tr\" title=\"Turkish\">Turkish<\/a>. For the sake of viewer convenience, the content is shown below in the alternative language. You may click the link to switch the active language.<\/p><p><\/p>\n<p style=\"color: #0a0a0a;\"><strong>T\u00fcrkiye enerji sekt\u00f6r\u00fcn\u00fcn \u00f6nemli \u015firketlerinden B\u0130S Enerji faaliyetlerini durdurdu. Gerek\u00e7e olarak ise, sekt\u00f6rdeki dalgalanma ve ekonomide ya\u015fanan s\u0131k\u0131nt\u0131lar g\u00f6sterildi. Ayn\u0131 zamanda Metro City\u2019nin de sahibi A\u011f\u0131m Ailesi\u2019ne ait \u015firket, T\u00fcrkiye\u2019nin en b\u00fcy\u00fck 500 sanayi kurulu\u015fu aras\u0131nda yer al\u0131yordu.<\/strong><span id=\"more-74331\"><\/span><\/p>\n<p style=\"color: #0a0a0a;\">Hisseleri Borsa \u0130stanbul\u2019da da i\u015flem g\u00f6ren B\u0130S Enerji Elektrik \u00dcretim A.\u015e.\u2019den, d\u00fcn ge\u00e7 saatlerde Kam<a href=\"https:\/\/www.enerjigazetesi.ist\/wp-content\/uploads\/2015\/11\/bis-enerji-yuksek-uretim-maliyeti-nedeniyle-faaliyetlerini-durdurdu.jpg\"><img loading=\"lazy\" class=\"alignright size-medium wp-image-47216\" src=\"https:\/\/www.enerjigazetesi.ist\/wp-content\/uploads\/2015\/11\/bis-enerji-yuksek-uretim-maliyeti-nedeniyle-faaliyetlerini-durdurdu-300x165.jpg\" alt=\"bis-enerji-yuksek-uretim-maliyeti-nedeniyle-faaliyetlerini-durdurdu\" width=\"300\" height=\"165\" srcset=\"https:\/\/www.enerjigazetesi.ist\/wp-content\/uploads\/2015\/11\/bis-enerji-yuksek-uretim-maliyeti-nedeniyle-faaliyetlerini-durdurdu-300x165.jpg 300w, https:\/\/www.enerjigazetesi.ist\/wp-content\/uploads\/2015\/11\/bis-enerji-yuksek-uretim-maliyeti-nedeniyle-faaliyetlerini-durdurdu-500x276.jpg 500w, https:\/\/www.enerjigazetesi.ist\/wp-content\/uploads\/2015\/11\/bis-enerji-yuksek-uretim-maliyeti-nedeniyle-faaliyetlerini-durdurdu-80x44.jpg 80w, https:\/\/www.enerjigazetesi.ist\/wp-content\/uploads\/2015\/11\/bis-enerji-yuksek-uretim-maliyeti-nedeniyle-faaliyetlerini-durdurdu.jpg 696w\" sizes=\"(max-width: 300px) 100vw, 300px\" \/><\/a>uyu Ayd\u0131nlatma Platformu\u2019na (KAP) bir bildirimde bulunuldu.<\/p>\n<p style=\"color: #0a0a0a;\"><strong>KAP a\u00e7\u0131klamas\u0131 i\u00e7in\u00a0<a style=\"color: #1e73be;\" href=\"http:\/\/kap.gov.tr\/bildirim-sorgulari\/bildirim-detayi.aspx?id=484341\" target=\"_blank\" rel=\"nofollow\">t\u0131klay\u0131n\u0131z&gt;&gt;&gt;<\/a><\/strong><\/p>\n<p style=\"color: #0a0a0a;\">\u015eirket ad\u0131na yap\u0131lan KAP a\u00e7\u0131klamas\u0131nda \u015f\u00f6yle denildi: \u201cEnerji sekt\u00f6r\u00fcndeki halen devam eden negatif dalgalanmalar ve reel sekt\u00f6rde ekonomik ko\u015fullar\u0131n zorla\u015fmas\u0131, do\u011falgazdan \u00fcretim maliyetlerinin y\u00fcksek olmas\u0131 ve tahsilat tarihleri ile \u00f6deme tarihlerinin \u00f6rt\u00fc\u015fmemesi nedeniyle \u00fcretim faaliyetleri \u015fimdilik durdurulup tesisin \u00fcretim gruplar\u0131 bak\u0131ma al\u0131nm\u0131\u015ft\u0131r. Mevcut kapasitemiz sayesinde sistemden ucuz fiyatla elektrik sat\u0131n al\u0131narak % 100 i\u015ftirakimiz olan Bisen Elektrik Sat\u0131\u015f A.\u015e. \u00fczerinden m\u00fc\u015fterilerin elektri\u011fi kar\u015f\u0131lanmaktad\u0131r. Bu s\u00fcre\u00e7 i\u00e7erisinde baz\u0131 hukuki prosed\u00fcrler de ba\u015flam\u0131\u015f olup konunun \u00e7\u00f6z\u00fcmlenmesi ile ilgili olarak gerekli g\u00f6r\u00fc\u015fmeler devam etmektedir\u201d denildi.<\/p>\n<h3 style=\"font-weight: 400; color: #111111;\">\u00dcretim Portf\u00f6y\u00fc<\/h3>\n<table style=\"color: #0a0a0a;\" border=\"0\" width=\"100%\" cellspacing=\"0\" cellpadding=\"0\">\n<tbody>\n<tr>\n<td width=\"25%\" height=\"30\"><strong>YILLAR<\/strong><\/td>\n<td width=\"25%\" height=\"30\"><strong>KURULU KAPAS\u0130TE<\/strong><\/td>\n<td width=\"25%\" height=\"30\"><strong>YILLIK \u00dcRET\u0130M<\/strong><\/td>\n<td width=\"25%\" height=\"30\"><strong>G\u00dc\u00c7 \u00dcN\u0130TES\u0130<\/strong><\/td>\n<\/tr>\n<tr>\n<td width=\"25%\" height=\"30\">1993<\/td>\n<td width=\"25%\" height=\"30\">48,5 MW<\/td>\n<td width=\"25%\" height=\"30\">264.000 MWh<\/td>\n<td width=\"25%\" height=\"30\">1 GT<\/td>\n<\/tr>\n<tr>\n<td width=\"25%\" height=\"30\">1999<\/td>\n<td width=\"25%\" height=\"30\">179,5 MW<\/td>\n<td width=\"25%\" height=\"30\">870.000 MWh<\/td>\n<td width=\"25%\" height=\"30\">3 GT + 1 BT<\/td>\n<\/tr>\n<tr>\n<td width=\"25%\" height=\"30\">2008<\/td>\n<td width=\"25%\" height=\"30\">410 MW<\/td>\n<td width=\"25%\" height=\"30\">3.430.000 MWh<\/td>\n<td width=\"25%\" height=\"30\">7 GT + 2 BT<\/td>\n<\/tr>\n<tr>\n<td width=\"25%\" height=\"30\">2013<\/td>\n<td width=\"25%\" height=\"30\">486 MW<\/td>\n<td width=\"25%\" height=\"30\">4.200.000 MWh<\/td>\n<td width=\"25%\" height=\"30\">8 GT + 3 BT<\/td>\n<\/tr>\n<tr>\n<td width=\"25%\" height=\"30\"><strong><em>GT : Gaz T\u00fcrbini<\/em><\/strong><\/td>\n<td width=\"25%\" height=\"30\"><strong><em>BT : Buhar T\u00fcrbini<\/em><\/strong><\/td>\n<td width=\"25%\" height=\"30\"><\/td>\n<td width=\"25%\" height=\"30\"><\/td>\n<\/tr>\n<\/tbody>\n<\/table>\n<table style=\"color: #0a0a0a;\" border=\"0\" width=\"100%\" cellspacing=\"3\" cellpadding=\"0\">\n<tbody>\n<tr>\n<td width=\"75%\" height=\"30\">Lisans\u2019a esas kurulu g\u00fc\u00e7<\/td>\n<td height=\"30\">486 MW<\/td>\n<\/tr>\n<tr>\n<td width=\"75%\" height=\"30\">Sahadaki kurulu g\u00fc\u00e7<\/td>\n<td height=\"30\">486 MW<\/td>\n<\/tr>\n<\/tbody>\n<\/table>\n<p style=\"color: #0a0a0a;\"><strong>Arz fazlas\u0131 elektrik fiyatlar\u0131n\u0131 %16 d\u00fc\u015f\u00fcrd\u00fc<\/strong><\/p>\n<p style=\"color: #0a0a0a;\">Son 5 y\u0131lda enerji yat\u0131r\u0131mlar\u0131, T\u00fcrkiye elektrik t\u00fcketimindeki art\u0131\u015f\u0131n\u00a0\u00e7ok \u00fczerinde ger\u00e7ekle\u015fti. Sistemde olu\u015fan\u00a0enerji fazlas\u0131 nedeniyle toptan elektrik piyasas\u0131nda 2010-2014 aras\u0131nda s\u00fcrekli art\u0131\u015f trendinde olan elektrik fiyatlar\u0131 2015 y\u0131l\u0131 genelinde ilk 11 ayda\u00a0%16 oran\u0131nda gerileyerek 136 TL\/MWh oldu. TE\u0130A\u015e verilerine g\u00f6re, T\u00fcrkiye elektrik kurulu g\u00fcc\u00fc son 4 y\u0131lda % 40 d\u00fczeyinde art\u0131\u015f g\u00f6stererek 72.544 MW\u2019a ula\u015ft\u0131, ayn\u0131 d\u00f6nemde elektrik t\u00fcketimindeki art\u0131\u015f ise % 22\u2019de kald\u0131.<\/p>\n<p style=\"color: #0a0a0a;\"><strong>Serbest Piyasada Ortalama Elektrik Al\u0131\u015f \/ Sat\u0131\u015f Fiyatlar\u0131 (TL\/MWh)<\/strong><\/p>\n<p style=\"color: #0a0a0a;\"><a style=\"color: #1e73be;\" href=\"http:\/\/statik1.enerjienstitusu.com\/wp-content\/uploads\/bis-enerji-bisen-faaliyetlerini-du%C4%B1rdurdu-pmum-arz-fazlasi-elektrik-fiyati.jpg\" target=\"_blank\"><img loading=\"lazy\" class=\"aligncenter  wp-image-74338\" src=\"http:\/\/statik1.enerjienstitusu.com\/wp-content\/uploads\/bis-enerji-bisen-faaliyetlerini-du%C4%B1rdurdu-pmum-arz-fazlasi-elektrik-fiyati.jpg\" alt=\"bis enerji bisen faaliyetlerini du\u0131rdurdu pmum arz fazlasi elektrik fiyati\" width=\"555\" height=\"321\" \/><\/a><\/p>\n<h3 style=\"font-weight: 400; color: #111111;\"><strong>Ortakl\u0131k Aray\u0131\u015f\u0131<\/strong><\/h3>\n<p style=\"color: #0a0a0a;\">A\u00e7\u0131klaman\u0131n devam\u0131nda, yabanc\u0131 firmalar ile ortakl\u0131k g\u00f6r\u00fc\u015fmelerinin de y\u00fcr\u00fct\u00fcld\u00fc\u011f\u00fcne i\u015faret edilerek \u201cAyr\u0131ca firmam\u0131za b\u00fcy\u00fck katk\u0131s\u0131 olaca\u011f\u0131na inand\u0131\u011f\u0131m\u0131z yabanc\u0131 firmalarla da ortakl\u0131k konusunda \u00f6n anla\u015fmalar imzalanm\u0131\u015f olup, y\u0131l sonuna kadar sonu\u00e7land\u0131rmak amac\u0131yla g\u00f6r\u00fc\u015fmeler h\u0131zl\u0131 bir \u015fekilde devam etmektedir\u201d denildi.<\/p>\n<p style=\"color: #0a0a0a;\">\u2014<\/p>\n<p style=\"color: #0a0a0a;\"><em>Grafikte referans al\u0131nan elektrik fiyatlar\u0131 Enerji Enstit\u00fcs\u00fc piyasa anket sonu\u00e7lar\u0131ndan elde edilmi\u015ftir.<\/em><\/p>\n<p style=\"color: #0a0a0a;\">Kaynak: B\u00fcltenler<\/p>\n<p><\/p>","protected":false},"excerpt":{"rendered":"<p>Sorry, this entry is only available in Turkish. For the sake of viewer convenience, the content is shown below in the alternative language. You may click the link to switch the active language. T\u00fcrkiye enerji sekt\u00f6r\u00fcn\u00fcn \u00f6nemli \u015firketlerinden B\u0130S Enerji faaliyetlerini durdurdu. Gerek\u00e7e olarak ise, sekt\u00f6rdeki dalgalanma ve ekonomide ya\u015fanan s\u0131k\u0131nt\u0131lar g\u00f6sterildi. Ayn\u0131 zamanda Metro [&hellip;]<\/p>\n","protected":false},"author":1,"featured_media":47216,"comment_status":"open","ping_status":"open","sticky":false,"template":"","format":"standard","meta":[],"categories":[46,53],"tags":[12152,27147,27148,92,226,19761,2092,5300,16298,21114,63,67,1009,2698,165,3570],"views":949,"_links":{"self":[{"href":"https:\/\/www.enerjigazetesi.ist\/en\/wp-json\/wp\/v2\/posts\/47215"}],"collection":[{"href":"https:\/\/www.enerjigazetesi.ist\/en\/wp-json\/wp\/v2\/posts"}],"about":[{"href":"https:\/\/www.enerjigazetesi.ist\/en\/wp-json\/wp\/v2\/types\/post"}],"author":[{"embeddable":true,"href":"https:\/\/www.enerjigazetesi.ist\/en\/wp-json\/wp\/v2\/users\/1"}],"replies":[{"embeddable":true,"href":"https:\/\/www.enerjigazetesi.ist\/en\/wp-json\/wp\/v2\/comments?post=47215"}],"version-history":[{"count":1,"href":"https:\/\/www.enerjigazetesi.ist\/en\/wp-json\/wp\/v2\/posts\/47215\/revisions"}],"predecessor-version":[{"id":47217,"href":"https:\/\/www.enerjigazetesi.ist\/en\/wp-json\/wp\/v2\/posts\/47215\/revisions\/47217"}],"wp:featuredmedia":[{"embeddable":true,"href":"https:\/\/www.enerjigazetesi.ist\/en\/wp-json\/wp\/v2\/media\/47216"}],"wp:attachment":[{"href":"https:\/\/www.enerjigazetesi.ist\/en\/wp-json\/wp\/v2\/media?parent=47215"}],"wp:term":[{"taxonomy":"category","embeddable":true,"href":"https:\/\/www.enerjigazetesi.ist\/en\/wp-json\/wp\/v2\/categories?post=47215"},{"taxonomy":"post_tag","embeddable":true,"href":"https:\/\/www.enerjigazetesi.ist\/en\/wp-json\/wp\/v2\/tags?post=47215"}],"curies":[{"name":"wp","href":"https:\/\/api.w.org\/{rel}","templated":true}]}}