{"id":47196,"date":"2015-11-28T23:51:13","date_gmt":"2015-11-28T20:51:13","guid":{"rendered":"https:\/\/www.enerjigazetesi.ist\/?p=47196"},"modified":"2015-11-28T23:51:13","modified_gmt":"2015-11-28T20:51:13","slug":"musteriyi-isin-odagina-alan-yeni-bir-donem-aciyoruz","status":"publish","type":"post","link":"https:\/\/www.enerjigazetesi.ist\/en\/musteriyi-isin-odagina-alan-yeni-bir-donem-aciyoruz\/","title":{"rendered":"(Turkish) \u201cM\u00fc\u015fteriyi \u0130\u015fin Oda\u011f\u0131na Alan Yeni Bir D\u00f6nem A\u00e7\u0131yoruz&#8230;\u201d"},"content":{"rendered":"<p class=\"qtranxs-available-languages-message qtranxs-available-languages-message-en\">Sorry, this entry is only available in <a href=\"https:\/\/www.enerjigazetesi.ist\/tr\/wp-json\/wp\/v2\/posts\/47196\" class=\"qtranxs-available-language-link qtranxs-available-language-link-tr\" title=\"Turkish\">Turkish<\/a>. For the sake of viewer convenience, the content is shown below in the alternative language. You may click the link to switch the active language.<\/p><p><strong>Sabanc\u0131 Holding Y\u00f6netim Kurulu Ba\u015fkan\u0131 G\u00fcler Sabanc\u0131: \u201cBiz de Enerjisa olarak bu sekt\u00f6r\u00fcn lider ve \u00f6nc\u00fc oyuncusuyuz. Bunun getirdi\u011fi sorumlulukla, Enerjisa olarak liberalle\u015fen elektrik piyasas\u0131nda m\u00fc\u015fteriyi i\u015fin oda\u011f\u0131na alan yeni bir d\u00f6nem a\u00e7\u0131yoruz.\u201d<\/strong><\/p>\n<p>Elektrik da\u011f\u0131t\u0131m\u0131 sekt\u00f6r\u00fcnde faaliyet g\u00f6steren kurulu\u015flar\u0131n m\u00fc\u015fteri odakl\u0131 \u00e7al\u0131\u015fma sistemini benimsemeye <a href=\"https:\/\/www.enerjigazetesi.ist\/wp-content\/uploads\/2015\/11\/musteriyi-isin-odagina-alan-yeni-bir-donem-aciyoruz.jpg\"><img loading=\"lazy\" class=\"alignright  wp-image-47197\" src=\"https:\/\/www.enerjigazetesi.ist\/wp-content\/uploads\/2015\/11\/musteriyi-isin-odagina-alan-yeni-bir-donem-aciyoruz-300x110.jpg\" alt=\"musteriyi-isin-odagina-alan-yeni-bir-donem-aciyoruz\" width=\"285\" height=\"189\" \/><\/a>ba\u015flamalar\u0131 sevindirici. Bu do\u011frultuda, markala\u015fma da m\u00fc\u015fteriyi \u00f6n plana alan yakla\u015f\u0131m\u0131n bir sonucu olarak de\u011ferlendirilebilir.<\/p>\n<p>2.500 MW kurulu g\u00fcc\u00fcyle elektrik \u00fcreten, 14 ilde yakla\u015f\u0131k 20 milyon n\u00fcfusu elektrik enerjisi ile bulu\u015fturan ve 9 milyon m\u00fc\u015fterisine yenilik\u00e7i \u00e7\u00f6z\u00fcmler sunan enerji \u015firketi Enerjisa, T\u00fcrkiye\u2019nin Enerjisi\u201d slogan\u0131yla yeni marka kimli\u011fini tan\u0131tmak i\u00e7in d\u00fczenlenen bas\u0131n toplant\u0131s\u0131 d\u00fczenledi. Toplant\u0131da konu\u015fan Sabanc\u0131 Holding Y\u00f6netim Kurulu Ba\u015fkan\u0131 G\u00fcler Sabanc\u0131, \u201cBiz de Enerjisa olarak bu sekt\u00f6r\u00fcn lider ve \u00f6nc\u00fc oyuncusuyuz. Bunun getirdi\u011fi sorumlulukla, Enerjisa olarak liberalle\u015fen elektrik piyasas\u0131nda m\u00fc\u015fteriyi i\u015fin oda\u011f\u0131na alan yeni bir d\u00f6nem a\u00e7\u0131yoruz\u201d<br \/>\ndedi.<\/p>\n<p>Sabanc\u0131, h\u00fck\u00fcmetin program\u0131nda enerji sekt\u00f6r\u00fcne \u00f6zel \u00f6nem verilmesini \u00e7ok olumlu bulduklar\u0131n\u0131 belirterek, yeni bir reform s\u00fcrecine ve d\u00f6rt y\u0131ll\u0131k kesintisiz uygulama d\u00f6nemine T\u00fcrkiye\u2019nin haz\u0131r oldu\u011funu s\u00f6yledi.<\/p>\n<p><strong>\u201cEnerji stratejik \u00f6nemde\u201d<\/strong><\/p>\n<p>Sabanc\u0131 bug\u00fcn\u00fcn d\u00fcnyas\u0131nda, en \u00f6nlenemez trendlerden birinin \u015fehirle\u015fme ve bununla birlikte ortaya \u00e7\u0131kan, elektirifikasyon ve dijitalle\u015fme oldu\u011funu belirterek, toplumlar\u0131n ya\u015fam kalitesi ve ekonomilerin sa\u011fl\u0131kl\u0131 i\u015fleyi\u015fi bak\u0131m\u0131ndan stratejik \u00f6nemde olan enerjinin, d\u00fcnya genelinde ba\u015fl\u0131ca g\u00fcndem maddelerinden birisi olma \u00f6zelli\u011fini korudu\u011funu altard\u0131. Sabanc\u0131 \u015fu a\u00e7\u0131klamay\u0131 yapt\u0131: \u201cBu ay sonunda Paris\u2019te ba\u015flayacak ve d\u00fcnyam\u0131z\u0131n gelece\u011fi bak\u0131m\u0131ndan \u00e7ok \u00f6nemli olan iklim toplant\u0131lar\u0131n\u0131n g\u00fcndeminde de enerji sekt\u00f6r\u00fcn\u00fcn olduk\u00e7a a\u011f\u0131rl\u0131kl\u0131 bir yeri olacak. Elektri\u011fin artan \u00f6nemi, bizleri daha iyi bir enerji gelece\u011fine ula\u015fmak y\u00f6n\u00fcnde, yeni teknolojiler, uygulamalar ve i\u015f modelleri \u00fczerinde daha fazla yo\u011funla\u015fmaya y\u00f6neltiyor.<\/p>\n<p>Enerjide t\u00fcketicinin rol\u00fc ve \u00f6nemi art\u0131yor, t\u00fcketiciyi \u201ci\u015fin merkezine alan\u201d yeni yakla\u015f\u0131mlar ve uygulamalar yayg\u0131nl\u0131k kazan\u0131yor. T\u00fcrkiye\u2019ye bakt\u0131\u011f\u0131m\u0131zda ise, son 10 y\u0131lda \u00e7ok b\u00fcy\u00fck b\u00f6l\u00fcm\u00fc \u00f6zel sekt\u00f6r taraf\u0131ndan olmak \u00fczere, kurulu g\u00fcc\u00fcm\u00fcz yakla\u015f\u0131k iki kat artt\u0131. \u00c7e\u015fitli \u00fcretim ve t\u00fcm da\u011f\u0131t\u0131m \u00f6zelle\u015ftirmeleri ger\u00e7ekle\u015ftirildi. Enerji Bakanl\u0131\u011f\u0131m\u0131z ve EPDK\u2019n\u0131n liderli\u011finde elektrik piyasas\u0131n\u0131n liberalle\u015fmesinde \u00e7ok \u00f6nemli ad\u0131mlar at\u0131ld\u0131. Elektrik sekt\u00f6r\u00fcne son 10 y\u0131lda yakla\u015f\u0131k 60 milyar dolar yat\u0131r\u0131m ger\u00e7ekle\u015ftirildi. Bunun 11 milyar dolarl\u0131k k\u0131sm\u0131n\u0131, Sabanc\u0131 Holding olarak, orta\u011f\u0131m\u0131z EON ile birlikte Enerjisa\u2019da yapt\u0131k. Bu yat\u0131r\u0131mlarla, b\u00fcy\u00fck bir d\u00f6n\u00fc\u015f\u00fcm ya\u015fand\u0131 ve yepyeni bir sekt\u00f6r do\u011fdu. Bu sekt\u00f6re yap\u0131lan yat\u0131r\u0131mlarda, enerji politikalar\u0131na, uygulamalar\u0131na ve bu sekt\u00f6r\u00fc y\u00f6netenlere olan g\u00fcvenin \u00e7ok b\u00fcy\u00fck bir rol\u00fc olmu\u015ftur.<\/p>\n<p>\u015eimdi; bu sekt\u00f6rde \u201cliberalle\u015fme\u201d ad\u0131mlar\u0131n\u0131 h\u0131zland\u0131rmal\u0131, daha ileriye ta\u015f\u0131mal\u0131 ve daha t\u00fcketici lehine olan bir piyasaya kavu\u015fmal\u0131y\u0131z! Bunu sa\u011flamak \u00fczere, enerji piyasalar\u0131ndaki d\u00fczenlemelerin; piyasan\u0131n rekabet\u00e7ili\u011fini, \u015feffafl\u0131\u011f\u0131n\u0131 ve \u00f6ng\u00f6r\u00fclebilirli\u011fini art\u0131racak \u015fekilde g\u00fc\u00e7lendirilmesini bekliyoruz. D\u00fcn Say\u0131n Ba\u015fbakan\u0131m\u0131z\u0131n a\u00e7\u0131klad\u0131\u011f\u0131 programda enerji konusuna \u00f6zel \u00f6nem verildi\u011fini g\u00f6rd\u00fck.<\/p>\n<p>Enerji verimlili\u011fi, rekabet\u00e7i piyasan\u0131n olu\u015fmas\u0131, yerli ve yenilenebilir kaynaklara \u00f6nem verilmesi, dolay\u0131s\u0131yla vatanda\u015f\u0131n s\u00fcrekli kaliteli, g\u00fcvenli ve asgari maliyette enerjiye kavu\u015fmas\u0131 hedeflerini memnuniyetle kar\u015f\u0131l\u0131yoruz. Bu program\u0131n detay uygulama planlar\u0131n\u0131 ve \u00f6zellikle ilk y\u00fcz g\u00fcn kapsam\u0131nda at\u0131lacak ad\u0131mlar\u0131 bekliyoruz. Bu vesileyle de, ba\u015fta Say\u0131n Ba\u015fbakan\u0131m\u0131z olmak \u00fczere, yeni kurulan h\u00fck\u00fcmetimizi, bakanlar\u0131m\u0131z\u0131 kutluyor; hay\u0131rl\u0131 u\u011furlu olsun diyoruz.<\/p>\n<p>Sabanc\u0131 olarak, Enerjisa olarak, bizim i\u015fimizin \u00f6z\u00fc \u201cinsan\u201d ve insana hizmet etmek. Halk\u0131m\u0131z her \u015feyin en iyisine lay\u0131k oldu\u011funa inanarak \u00e7al\u0131\u015f\u0131yoruz. Hedefimiz, insan\u0131m\u0131za y\u00fcksek d\u00fcnya standartlar\u0131n\u0131 sa\u011flamak ve buna uygun olarak, hayat kalitesini y\u00fckseltmektir. Bu perspektifte enerjinin \u00e7ok \u00f6nemli bir yeri oldu\u011funa inan\u0131yoruz. Daha \u201ciyi bir enerji gelece\u011fi\u201d i\u00e7in \u00e7al\u0131\u015f\u0131yoruz. Bu y\u00fczden de Enerjisa\u2019ya \u201cT\u00fcrkiye\u2019nin Enerjisi\u201d diyoruz. Enerjisa, \u00fcretimden da\u011f\u0131t\u0131ma, ticaretten perakendeye t\u00fcm i\u015f alanlar\u0131nda yenilik\u00e7i uygulamalar\u0131 ile, t\u00fcm payda\u015flar\u0131na T\u00fcrkiye\u2019nin Enerjisi olarak de\u011fer yaratmaya devam edecek. T\u00fcrkiye\u2019nin enerjisinin hi\u00e7 eksilmemesini diliyorum\u201d.<\/p>\n<p>De\u011fi\u015fime \u00f6nc\u00fcl\u00fck etmeyi ana sorumlulu\u011fumuz olarak g\u00f6r\u00fcyoruz.<\/p>\n<p>Enerji sekt\u00f6r\u00fcn\u00fcn h\u0131zla geli\u015fip de\u011fi\u015fti\u011fini vurgulayan Enerjisa CEO\u2019su Yetik K.Mert\u2019de de\u011fi\u015fimin sekt\u00f6rde yeni dinamikleri, yeni ihtiya\u00e7lar\u0131 da beraberinde getirdi\u011fini belirterek, \u015f\u00f6yle konu\u015ftu:<\/p>\n<p>\u201cT\u00fcrkiye\u2019nin Enerjisi olarak biz, bu de\u011fi\u015fime \u00f6nc\u00fcl\u00fck etmeyi ana sorumlulu\u011fumuz olarak g\u00f6r\u00fcyoruz. Enerjisa olarak bug\u00fcn sekt\u00f6r\u00fcm\u00fczde yeni bir d\u00f6nem a\u00e7\u0131yoruz. T\u00fcrkiye elektrik enerjisi sekt\u00f6r\u00fcnde m\u00fc\u015fteri odakl\u0131 bir d\u00f6nemi ba\u015flat\u0131yoruz. Bu yeni d\u00f6nemde t\u00fcm faaliyetlerimizin oda\u011f\u0131nda, her zaman oldu\u011fu gibi yine insan var. Enerjimiz ile T\u00fcrk halk\u0131n\u0131n g\u00fcnl\u00fck hayat\u0131n\u0131n \u00e7ok \u00f6nemli bir par\u00e7as\u0131 oldu\u011fumuzu biliyoruz. Bu bilin\u00e7le, hane halk\u0131ndan, k\u00fc\u00e7\u00fck veya b\u00fcy\u00fck \u00f6l\u00e7ekteki i\u015fletmelere kadar 9 milyon m\u00fc\u015fterimize \u00f6zel \u00fcr\u00fcn ve hizmetler \u00fcretiyoruz.\u201d<\/p>\n<p>Enerjisa\u2019n\u0131n yeni marka kimli\u011fini yarat\u0131rken, en b\u00fcy\u00fck enerji kayna\u011f\u0131ndan ilham ald\u0131klar\u0131n\u0131 s\u00f6yledi. Yetik K. Mert, \u201cM\u00fc\u015fterilerimiz i\u00e7in \u0131\u015f\u0131\u011f\u0131n, mutlulu\u011fun ve dinamizmin rengini yeni y\u00fcz\u00fcm\u00fcze ta\u015f\u0131d\u0131k. Gerek yeni marka kimli\u011fimizle, gerekse her ihtiyaca \u00f6zel \u015fekillendirdi\u011fimiz hizmetlerimizle, T\u00fcrk halk\u0131n\u0131n elektrikle ili\u015fkisini yeniden \u015fekillendiriyoruz. M\u00fc\u015fterilerimize daha iyi hizmet vermek i\u00e7in en ileri teknolojilerle yenilik\u00e7i \u00fcr\u00fcn ve servisler geli\u015ftiriyoruz\u201d dedi.<\/p>\n<p><strong>Enerjisa\u2019n\u0131n 20 y\u0131ll\u0131k yolculu\u011fu<\/strong><\/p>\n<p>1996 y\u0131l\u0131nda bir otoprod\u00fckt\u00f6r \u015firketi olarak yola \u00e7\u0131kan Enerjisa\u2019n\u0131n bug\u00fcn T\u00fcrkiye elektrik piyasas\u0131n\u0131n lider enerji \u015firketi oldu\u011funu hat\u0131rlatan Yetik Kadri Mert, s\u00f6zlerini \u015f\u00f6yle s\u00fcrd\u00fcrd\u00fc:<\/p>\n<p>\u201cLiberalle\u015fme yolunda emin ad\u0131mlarla ilerleyen sekt\u00f6r\u00fcm\u00fcz\u00fcn gelece\u011fine duydu\u011fumuz g\u00fcven ile yat\u0131r\u0131mlar\u0131m\u0131z\u0131 hayata ge\u00e7irdik. 120 MW\u2019 l\u0131k bir \u00fcretim portf\u00f6y\u00fc ile yola \u00e7\u0131kt\u0131k, bug\u00fcn 2500 MW ile T\u00fcrkiye\u2019nin en b\u00fcy\u00fck \u00f6zel sekt\u00f6r \u00fcreticisi haline geldik. 2008\u2019de T\u00fcrkiye enerji piyasas\u0131nda a\u00e7\u0131lan ilk da\u011f\u0131t\u0131m b\u00f6lgesi ihalesini ald\u0131k. Ba\u015fkent EDA\u015e ile yolumuza ba\u015flad\u0131k. 2013 y\u0131l\u0131nda Ayeda\u015f ve Toroslar\u2019\u0131 da ald\u0131k, 14 ilde 20 milyon n\u00fcfusa ula\u015ft\u0131k. Liderlik yolculu\u011fumuza 125 ki\u015fi ile ba\u015flad\u0131k, \u015fimdi ise 9.000\u2019i a\u015fk\u0131n \u00e7al\u0131\u015fan\u0131m\u0131zla \u00f6nc\u00fc faaliyetlerimizi s\u00fcrd\u00fcr\u00fcyoruz. Bu kadar \u00e7e\u015fitli faaliyet alanlar\u0131nda, bu \u00f6l\u00e7\u00fcde b\u00fcy\u00fck hacimleri y\u00f6neten tek enerji \u015firketiyiz. En verimli ve ileri teknolojileri kullan\u0131yoruz. \u0130\u015fte t\u00fcm bunlar Enerjisa\u2019y\u0131 T\u00fcrkiye\u2019nin Enerjisi yap\u0131yor.\u201d<\/p>\n<p>Kaynak: B\u00fcltenler<\/p>","protected":false},"excerpt":{"rendered":"<p>Sorry, this entry is only available in Turkish. For the sake of viewer convenience, the content is shown below in the alternative language. You may click the link to switch the active language.Sabanc\u0131 Holding Y\u00f6netim Kurulu Ba\u015fkan\u0131 G\u00fcler Sabanc\u0131: \u201cBiz de Enerjisa olarak bu sekt\u00f6r\u00fcn lider ve \u00f6nc\u00fc oyuncusuyuz. Bunun getirdi\u011fi sorumlulukla, Enerjisa olarak liberalle\u015fen [&hellip;]<\/p>\n","protected":false},"author":1,"featured_media":47197,"comment_status":"open","ping_status":"open","sticky":false,"template":"","format":"standard","meta":[],"categories":[51,53],"tags":[68,61,1451,63,67,1009,165,422,1049],"views":989,"_links":{"self":[{"href":"https:\/\/www.enerjigazetesi.ist\/en\/wp-json\/wp\/v2\/posts\/47196"}],"collection":[{"href":"https:\/\/www.enerjigazetesi.ist\/en\/wp-json\/wp\/v2\/posts"}],"about":[{"href":"https:\/\/www.enerjigazetesi.ist\/en\/wp-json\/wp\/v2\/types\/post"}],"author":[{"embeddable":true,"href":"https:\/\/www.enerjigazetesi.ist\/en\/wp-json\/wp\/v2\/users\/1"}],"replies":[{"embeddable":true,"href":"https:\/\/www.enerjigazetesi.ist\/en\/wp-json\/wp\/v2\/comments?post=47196"}],"version-history":[{"count":1,"href":"https:\/\/www.enerjigazetesi.ist\/en\/wp-json\/wp\/v2\/posts\/47196\/revisions"}],"predecessor-version":[{"id":47198,"href":"https:\/\/www.enerjigazetesi.ist\/en\/wp-json\/wp\/v2\/posts\/47196\/revisions\/47198"}],"wp:featuredmedia":[{"embeddable":true,"href":"https:\/\/www.enerjigazetesi.ist\/en\/wp-json\/wp\/v2\/media\/47197"}],"wp:attachment":[{"href":"https:\/\/www.enerjigazetesi.ist\/en\/wp-json\/wp\/v2\/media?parent=47196"}],"wp:term":[{"taxonomy":"category","embeddable":true,"href":"https:\/\/www.enerjigazetesi.ist\/en\/wp-json\/wp\/v2\/categories?post=47196"},{"taxonomy":"post_tag","embeddable":true,"href":"https:\/\/www.enerjigazetesi.ist\/en\/wp-json\/wp\/v2\/tags?post=47196"}],"curies":[{"name":"wp","href":"https:\/\/api.w.org\/{rel}","templated":true}]}}