{"id":47156,"date":"2015-11-27T21:26:12","date_gmt":"2015-11-27T18:26:12","guid":{"rendered":"https:\/\/www.enerjigazetesi.ist\/?p=47156"},"modified":"2015-11-27T21:26:12","modified_gmt":"2015-11-27T18:26:12","slug":"akkuyu-nukleer-santrali-projesi-iptal-olmaz-ama-ertelenebilir","status":"publish","type":"post","link":"https:\/\/www.enerjigazetesi.ist\/en\/akkuyu-nukleer-santrali-projesi-iptal-olmaz-ama-ertelenebilir\/","title":{"rendered":"(Turkish) \u201dAkkuyu N\u00fckleer Santrali Projesi \u0130ptal Olmaz Ama Ertelenebilir!\u201d"},"content":{"rendered":"<p class=\"qtranxs-available-languages-message qtranxs-available-languages-message-en\">Sorry, this entry is only available in <a href=\"https:\/\/www.enerjigazetesi.ist\/tr\/wp-json\/wp\/v2\/posts\/47156\" class=\"qtranxs-available-language-link qtranxs-available-language-link-tr\" title=\"Turkish\">Turkish<\/a>. For the sake of viewer convenience, the content is shown below in the alternative language. You may click the link to switch the active language.<\/p><p><\/p>\n<p style=\"color: #0a0a0a;\"><strong>Rusya Federasyonu h\u00fck\u00fcmetine ba\u011fl\u0131 Analiz Merkezi\u2019nin Stratejik Enerji Ara\u015ft\u0131rmalar\u0131 Direkt\u00f6r\u00fc Kurdin, Gazprom\u2019un, T\u00fcrkiye\u2019ye satt\u0131\u011f\u0131 gaz\u0131 kesmeyece\u011fini s\u00f6yledi. Kurdin, Akkuyu N\u00fckleer G\u00fc\u00e7 Santrali projesiyle ilgili de konu\u015ftu.<\/strong><span id=\"more-74323\"><\/span><\/p>\n<p style=\"color: #0a0a0a;\">Alexander Kurdin, T\u00fcrk hava sahas\u0131n\u0131 ihlal eden Rus sava\u015f u\u00e7a\u011f\u0131n d\u00fc\u015f\u00fcr\u00fclmesinin mevcut projeleri etkilemeyece\u011fi s\u00f6yledi.<\/p>\n<p style=\"color: #0a0a0a;\">Rus milli do\u011falgaz \u015f<a href=\"https:\/\/www.enerjigazetesi.ist\/wp-content\/uploads\/2015\/11\/akkuyu-nukleer-santrali-projesi-iptal-olmaz-ama-ertelenebilir.jpg\"><img loading=\"lazy\" class=\"alignleft size-medium wp-image-47157\" src=\"https:\/\/www.enerjigazetesi.ist\/wp-content\/uploads\/2015\/11\/akkuyu-nukleer-santrali-projesi-iptal-olmaz-ama-ertelenebilir-300x165.jpg\" alt=\"akkuyu-nukleer-santrali-projesi-iptal-olmaz-ama-ertelenebilir\" width=\"300\" height=\"165\" srcset=\"https:\/\/www.enerjigazetesi.ist\/wp-content\/uploads\/2015\/11\/akkuyu-nukleer-santrali-projesi-iptal-olmaz-ama-ertelenebilir-300x165.jpg 300w, https:\/\/www.enerjigazetesi.ist\/wp-content\/uploads\/2015\/11\/akkuyu-nukleer-santrali-projesi-iptal-olmaz-ama-ertelenebilir-500x276.jpg 500w, https:\/\/www.enerjigazetesi.ist\/wp-content\/uploads\/2015\/11\/akkuyu-nukleer-santrali-projesi-iptal-olmaz-ama-ertelenebilir-80x44.jpg 80w, https:\/\/www.enerjigazetesi.ist\/wp-content\/uploads\/2015\/11\/akkuyu-nukleer-santrali-projesi-iptal-olmaz-ama-ertelenebilir.jpg 696w\" sizes=\"(max-width: 300px) 100vw, 300px\" \/><\/a>irketi Gazprom\u2019un, her ko\u015fulda gaz tedarik eden \u015firket posizyonunda olmak istedi\u011fi i\u00e7in T\u00fcrkiye\u2019ye satt\u0131\u011f\u0131 gaz\u0131 kesmeyece\u011fini dile getiren Kurdin, daha \u00f6nce Ukrayna-Rusya krizinde oldu\u011fu gibi paralar\u0131 \u00f6dendik\u00e7e Gazprom\u2019un gaz satmaya devam edece\u011fini s\u00f6yledi.<\/p>\n<p style=\"color: #0a0a0a;\">Kurdin, \u201cPolitik tansiyonun y\u00fcksek olmas\u0131 bile etkilemez, \u00e7\u00fcnk\u00fc gaz sat\u0131\u015f\u0131 ticari bir olgudur\u201d dedi.<\/p>\n<p style=\"color: #0a0a0a;\">Alexander Kurdin, \u201cAkkuyu N\u00fckleer G\u00fc\u00e7 Santrali projesi ile ilgili olarak da \u015funlar\u0131 kaydetti: \u201cAkkuyu N\u00fckleer G\u00fc\u00e7 Santrali projesi tamamen iptal olmaz fakat herhangi bir siyasi geli\u015fme projenin ertelenmesine sebep olabilir.\u201d<br \/>\nLahey Stratejik Ara\u015ft\u0131rmalar Merkezi Uzman\u0131 Sijbren de Jong da Akkuyu N\u00fckleer G\u00fc\u00e7 Santrali ile alakal\u0131 projenin s\u00fcre\u00e7ten etkilenebilece\u011fini s\u00f6yledi.<\/p>\n<p style=\"color: #0a0a0a;\">T\u00fcrkiye\u2019nin Gazprom\u2019un en b\u00fcy\u00fck ikinci pazar\u0131 konumunda oldu\u011funu hat\u0131rlatan de Jong, \u201cRusya\u2019n\u0131n gaz\u0131 kesmesi zaten mant\u0131ks\u0131z bir durumdur\u201d diye konu\u015ftu.<\/p>\n<p style=\"color: #0a0a0a;\">Kaynak: Enerji Enstit\u00fcs\u00fc<\/p>\n<p><\/p>","protected":false},"excerpt":{"rendered":"<p>Sorry, this entry is only available in Turkish. For the sake of viewer convenience, the content is shown below in the alternative language. You may click the link to switch the active language. Rusya Federasyonu h\u00fck\u00fcmetine ba\u011fl\u0131 Analiz Merkezi\u2019nin Stratejik Enerji Ara\u015ft\u0131rmalar\u0131 Direkt\u00f6r\u00fc Kurdin, Gazprom\u2019un, T\u00fcrkiye\u2019ye satt\u0131\u011f\u0131 gaz\u0131 kesmeyece\u011fini s\u00f6yledi. Kurdin, Akkuyu N\u00fckleer G\u00fc\u00e7 Santrali [&hellip;]<\/p>\n","protected":false},"author":1,"featured_media":47157,"comment_status":"open","ping_status":"open","sticky":false,"template":"","format":"standard","meta":[],"categories":[53,43],"tags":[3019,1303,1026,27117,63,67,1009,2698,165,1277,71,21,25480,2973,27118,27101],"views":1181,"_links":{"self":[{"href":"https:\/\/www.enerjigazetesi.ist\/en\/wp-json\/wp\/v2\/posts\/47156"}],"collection":[{"href":"https:\/\/www.enerjigazetesi.ist\/en\/wp-json\/wp\/v2\/posts"}],"about":[{"href":"https:\/\/www.enerjigazetesi.ist\/en\/wp-json\/wp\/v2\/types\/post"}],"author":[{"embeddable":true,"href":"https:\/\/www.enerjigazetesi.ist\/en\/wp-json\/wp\/v2\/users\/1"}],"replies":[{"embeddable":true,"href":"https:\/\/www.enerjigazetesi.ist\/en\/wp-json\/wp\/v2\/comments?post=47156"}],"version-history":[{"count":1,"href":"https:\/\/www.enerjigazetesi.ist\/en\/wp-json\/wp\/v2\/posts\/47156\/revisions"}],"predecessor-version":[{"id":47158,"href":"https:\/\/www.enerjigazetesi.ist\/en\/wp-json\/wp\/v2\/posts\/47156\/revisions\/47158"}],"wp:featuredmedia":[{"embeddable":true,"href":"https:\/\/www.enerjigazetesi.ist\/en\/wp-json\/wp\/v2\/media\/47157"}],"wp:attachment":[{"href":"https:\/\/www.enerjigazetesi.ist\/en\/wp-json\/wp\/v2\/media?parent=47156"}],"wp:term":[{"taxonomy":"category","embeddable":true,"href":"https:\/\/www.enerjigazetesi.ist\/en\/wp-json\/wp\/v2\/categories?post=47156"},{"taxonomy":"post_tag","embeddable":true,"href":"https:\/\/www.enerjigazetesi.ist\/en\/wp-json\/wp\/v2\/tags?post=47156"}],"curies":[{"name":"wp","href":"https:\/\/api.w.org\/{rel}","templated":true}]}}