{"id":47139,"date":"2015-11-27T10:43:02","date_gmt":"2015-11-27T07:43:02","guid":{"rendered":"https:\/\/www.enerjigazetesi.ist\/?p=47139"},"modified":"2015-11-27T10:43:02","modified_gmt":"2015-11-27T07:43:02","slug":"gercek-elektrik-fiyatinin-olusmasini-saglayacagiz","status":"publish","type":"post","link":"https:\/\/www.enerjigazetesi.ist\/en\/gercek-elektrik-fiyatinin-olusmasini-saglayacagiz\/","title":{"rendered":"(Turkish) \u201cGer\u00e7ek Elektrik Fiyat\u0131n\u0131n Olu\u015fmas\u0131n\u0131 Sa\u011flayaca\u011f\u0131z&#8230;\u201d"},"content":{"rendered":"<p class=\"qtranxs-available-languages-message qtranxs-available-languages-message-en\">Sorry, this entry is only available in <a href=\"https:\/\/www.enerjigazetesi.ist\/tr\/wp-json\/wp\/v2\/posts\/47139\" class=\"qtranxs-available-language-link qtranxs-available-language-link-tr\" title=\"Turkish\">Turkish<\/a>. For the sake of viewer convenience, the content is shown below in the alternative language. You may click the link to switch the active language.<\/p><p><\/p>\n<div class=\"entry_content\" style=\"color: #666666;\">\n<p><strong style=\"font-weight: bold; color: #222222;\"><a href=\"https:\/\/www.enerjigazetesi.ist\/wp-content\/uploads\/2015\/11\/alternatif-enerji-elektrik-dagitim-500x500_c.jpg\"><img loading=\"lazy\" class=\"alignright size-medium wp-image-47140\" src=\"https:\/\/www.enerjigazetesi.ist\/wp-content\/uploads\/2015\/11\/alternatif-enerji-elektrik-dagitim-500x500_c-300x300.jpg\" alt=\"alternatif-enerji-elektrik-dagitim-500x500_c\" width=\"300\" height=\"300\" srcset=\"https:\/\/www.enerjigazetesi.ist\/wp-content\/uploads\/2015\/11\/alternatif-enerji-elektrik-dagitim-500x500_c-300x300.jpg 300w, https:\/\/www.enerjigazetesi.ist\/wp-content\/uploads\/2015\/11\/alternatif-enerji-elektrik-dagitim-500x500_c-150x150.jpg 150w, https:\/\/www.enerjigazetesi.ist\/wp-content\/uploads\/2015\/11\/alternatif-enerji-elektrik-dagitim-500x500_c-400x400.jpg 400w, https:\/\/www.enerjigazetesi.ist\/wp-content\/uploads\/2015\/11\/alternatif-enerji-elektrik-dagitim-500x500_c-50x50.jpg 50w, https:\/\/www.enerjigazetesi.ist\/wp-content\/uploads\/2015\/11\/alternatif-enerji-elektrik-dagitim-500x500_c.jpg 500w\" sizes=\"(max-width: 300px) 100vw, 300px\" \/><\/a>Enerji Piyasalar\u0131 \u0130\u015fletme A\u015e (EP\u0130A\u015e) Genel M\u00fcd\u00fcr\u00fc Hasan H\u00fcseyin Sava\u015f, ger\u00e7ek elektrik fiyat\u0131n\u0131n olu\u015fmas\u0131n\u0131 sa\u011flamaya \u00e7al\u0131\u015ft\u0131klar\u0131n\u0131 s\u00f6yledi.<\/strong><\/p>\n<p><strong style=\"font-weight: bold; color: #222222;\">Elektrik piyasas\u0131nda<\/strong>\u00a0fiyat konusu, en \u00f6nemli tart\u0131\u015fma konular\u0131ndan birini olu\u015fturuyor. Piyasan\u0131n dinamikleri g\u00f6z \u00f6n\u00fcne al\u0131narak belirlenecek fiyatlar \u00f6nem kazan\u0131yor.<\/p>\n<p>Enerji Piyasalar\u0131 \u0130\u015fletme A\u015e (EP\u0130A\u015e) Genel M\u00fcd\u00fcr\u00fc Hasan H\u00fcseyin Sava\u015f, haz\u0131rl\u0131\u011f\u0131 s\u00fcren veri ve analiz platformu sayesinde, \u015feffaf bir piyasa y\u00f6ntemiyle maliyet bazl\u0131 ger\u00e7ek\u00a0<strong style=\"font-weight: bold; color: #222222;\">elektrik fiyat\u0131n\u0131n<\/strong>\u00a0olu\u015fmas\u0131n\u0131 sa\u011flamaya \u00e7al\u0131\u015ft\u0131klar\u0131n\u0131 s\u00f6yledi.<\/p>\n<p>Sava\u015f, halen hem piyasa kat\u0131l\u0131mc\u0131lar\u0131 hem de kamuyla verilerini payla\u015ft\u0131klar\u0131n\u0131 ve bu platformu b\u00fcy\u00fcterek geli\u015ftireceklerini ifade etti.<\/p>\n<p>Sava\u015f, veri ve analiz platformuyla birlikte Kamu Ayd\u0131nlatma Platformu\u2019na (KAP) benzer bir yap\u0131n\u0131n gelecek d\u00f6nemde\u00a0<strong style=\"font-weight: bold; color: #222222;\">elektrik piyasas\u0131<\/strong>\u00a0i\u00e7in de olu\u015fturulaca\u011f\u0131n\u0131 belirterek, \u201cPiyasada faaliyet g\u00f6steren 868 kat\u0131l\u0131mc\u0131 var, sekt\u00f6r\u00fcn daha sa\u011flam ve \u015feffaf bir yap\u0131ya kavu\u015fmas\u0131 i\u00e7in hem kamu hem \u00f6zel sekt\u00f6r\u00fcn bu s\u00fcrece katk\u0131 sunmas\u0131 gerekir\u201d dedi.<\/p>\n<p>Haberin devam\u0131 i\u00e7in\u00a0<a style=\"color: #fc8d8d;\" href=\"http:\/\/enerjienstitusu.com\/2015\/11\/26\/epias-genel-muduru-savas-gercek-elektrik-fiyatinin-olusmasini-saglayacagiz\/\" target=\"_blank\">t\u0131klay\u0131n<\/a><\/p>\n<\/div>\n<div class=\"bottom_wrapper\" style=\"color: #666666;\"><\/div>\n<p>&nbsp;<\/p>","protected":false},"excerpt":{"rendered":"<p>Sorry, this entry is only available in Turkish. For the sake of viewer convenience, the content is shown below in the alternative language. You may click the link to switch the active language. Enerji Piyasalar\u0131 \u0130\u015fletme A\u015e (EP\u0130A\u015e) Genel M\u00fcd\u00fcr\u00fc Hasan H\u00fcseyin Sava\u015f, ger\u00e7ek elektrik fiyat\u0131n\u0131n olu\u015fmas\u0131n\u0131 sa\u011flamaya \u00e7al\u0131\u015ft\u0131klar\u0131n\u0131 s\u00f6yledi. Elektrik piyasas\u0131nda\u00a0fiyat konusu, en \u00f6nemli [&hellip;]<\/p>\n","protected":false},"author":1,"featured_media":47140,"comment_status":"open","ping_status":"open","sticky":false,"template":"","format":"standard","meta":[],"categories":[51,53],"tags":[68,1266],"views":990,"_links":{"self":[{"href":"https:\/\/www.enerjigazetesi.ist\/en\/wp-json\/wp\/v2\/posts\/47139"}],"collection":[{"href":"https:\/\/www.enerjigazetesi.ist\/en\/wp-json\/wp\/v2\/posts"}],"about":[{"href":"https:\/\/www.enerjigazetesi.ist\/en\/wp-json\/wp\/v2\/types\/post"}],"author":[{"embeddable":true,"href":"https:\/\/www.enerjigazetesi.ist\/en\/wp-json\/wp\/v2\/users\/1"}],"replies":[{"embeddable":true,"href":"https:\/\/www.enerjigazetesi.ist\/en\/wp-json\/wp\/v2\/comments?post=47139"}],"version-history":[{"count":1,"href":"https:\/\/www.enerjigazetesi.ist\/en\/wp-json\/wp\/v2\/posts\/47139\/revisions"}],"predecessor-version":[{"id":47141,"href":"https:\/\/www.enerjigazetesi.ist\/en\/wp-json\/wp\/v2\/posts\/47139\/revisions\/47141"}],"wp:featuredmedia":[{"embeddable":true,"href":"https:\/\/www.enerjigazetesi.ist\/en\/wp-json\/wp\/v2\/media\/47140"}],"wp:attachment":[{"href":"https:\/\/www.enerjigazetesi.ist\/en\/wp-json\/wp\/v2\/media?parent=47139"}],"wp:term":[{"taxonomy":"category","embeddable":true,"href":"https:\/\/www.enerjigazetesi.ist\/en\/wp-json\/wp\/v2\/categories?post=47139"},{"taxonomy":"post_tag","embeddable":true,"href":"https:\/\/www.enerjigazetesi.ist\/en\/wp-json\/wp\/v2\/tags?post=47139"}],"curies":[{"name":"wp","href":"https:\/\/api.w.org\/{rel}","templated":true}]}}