{"id":47094,"date":"2015-11-26T12:29:53","date_gmt":"2015-11-26T09:29:53","guid":{"rendered":"https:\/\/www.enerjigazetesi.ist\/?p=47094"},"modified":"2015-11-26T14:08:37","modified_gmt":"2015-11-26T11:08:37","slug":"bentleyden-elektrikli-spor-araba","status":"publish","type":"post","link":"https:\/\/www.enerjigazetesi.ist\/en\/bentleyden-elektrikli-spor-araba\/","title":{"rendered":"(Turkish) Bentley\u2019den Elektrikli Spor Araba!"},"content":{"rendered":"<p class=\"qtranxs-available-languages-message qtranxs-available-languages-message-en\">Sorry, this entry is only available in <a href=\"https:\/\/www.enerjigazetesi.ist\/tr\/wp-json\/wp\/v2\/posts\/47094\" class=\"qtranxs-available-language-link qtranxs-available-language-link-tr\" title=\"Turkish\">Turkish<\/a>. For the sake of viewer convenience, the content is shown below in the alternative language. You may click the link to switch the active language.<\/p><p><\/p>\n<p style=\"color: #666666;\"><span style=\"font-weight: bold; color: #222222;\">\u0130ngiliz l\u00fcks araba \u00fcreticilerinden Bentley, elektrikle \u00e7al\u0131\u015fan spor araba \u00fcretecek.<a href=\"https:\/\/www.enerjigazetesi.ist\/wp-content\/uploads\/2015\/11\/alternatif-enerji-bentley-500x500_c.jpg\"><img loading=\"lazy\" class=\"alignright size-medium wp-image-47095\" src=\"https:\/\/www.enerjigazetesi.ist\/wp-content\/uploads\/2015\/11\/alternatif-enerji-bentley-500x500_c-300x300.jpg\" alt=\"alternatif-enerji-bentley-500x500_c\" width=\"300\" height=\"300\" srcset=\"https:\/\/www.enerjigazetesi.ist\/wp-content\/uploads\/2015\/11\/alternatif-enerji-bentley-500x500_c-300x300.jpg 300w, https:\/\/www.enerjigazetesi.ist\/wp-content\/uploads\/2015\/11\/alternatif-enerji-bentley-500x500_c-150x150.jpg 150w, https:\/\/www.enerjigazetesi.ist\/wp-content\/uploads\/2015\/11\/alternatif-enerji-bentley-500x500_c-400x400.jpg 400w, https:\/\/www.enerjigazetesi.ist\/wp-content\/uploads\/2015\/11\/alternatif-enerji-bentley-500x500_c-50x50.jpg 50w, https:\/\/www.enerjigazetesi.ist\/wp-content\/uploads\/2015\/11\/alternatif-enerji-bentley-500x500_c.jpg 500w\" sizes=\"(max-width: 300px) 100vw, 300px\" \/><\/a><\/span><\/p>\n<p style=\"color: #666666;\"><span style=\"font-weight: bold; color: #222222;\">Elektrikli ara\u00e7 konseptine<\/span>\u00a0spor arabalar da dahil oluyor. Yak\u0131n zamanda, T\u00fcrkiye\u2019de de bu t\u00fcr otomobillere rastlamak m\u00fcmk\u00fcn olabilir.<\/p>\n<p style=\"color: #666666;\">shiftdelete.net\u2019in haberine g\u00f6re, l\u00fcks otomobil \u00fcreticilerinden Bentley,\u00a0<span style=\"font-weight: bold; color: #222222;\">elektrikli otomobil\u00a0<\/span>\u00fcretmeye haz\u0131rlan\u0131yor. Elektrikli spor araba \u00fcretimi \u00fczerinde \u00e7al\u0131\u015fmalar yapt\u0131\u011f\u0131n\u0131 a\u00e7\u0131klayan \u0130ngiliz firma, olduk\u00e7a g\u00fc\u00e7l\u00fc bir model \u00fczerinde \u00e7al\u0131\u015f\u0131yor. Tek kap\u0131l\u0131 spor konsept de yer alan bu ara\u00e7, 500 beygir g\u00fc\u00e7 \u00fcretebiliyor.<\/p>\n<p style=\"color: #666666;\">Bentley\u2019in y\u00f6neticisi Wolfgang D\u00fcrheimer, daha \u00f6nce yapt\u0131klar\u0131 konsept EXP 10 Speed 6\u2019n\u0131n geli\u015ftirildi\u011fini belitti. Konsept tasar\u0131mdan \u00e7\u0131kart\u0131m g\u00fcnl\u00fck kullan\u0131m i\u00e7in haz\u0131rlana bu araban\u0131n, 500 beygir\u2019lik bir g\u00fc\u00e7\u2019e sahip olmas\u0131 bekleniyor. 4 \u00e7eker olarak haz\u0131rlanan bu arac\u0131n maksimum s\u00fcrati ise 321 Km olacak.<\/p>\n<p style=\"color: #666666;\">Haberin devam\u0131 i\u00e7in\u00a0<a style=\"color: #fc8d8d;\" href=\"http:\/\/shiftdelete.net\/bentley-elektrikli-spor-araba-uretecek-66045\" target=\"_blank\">t\u0131klay\u0131n<\/a><\/p>\n<p><\/p>","protected":false},"excerpt":{"rendered":"<p>Sorry, this entry is only available in Turkish. For the sake of viewer convenience, the content is shown below in the alternative language. You may click the link to switch the active language. \u0130ngiliz l\u00fcks araba \u00fcreticilerinden Bentley, elektrikle \u00e7al\u0131\u015fan spor araba \u00fcretecek. Elektrikli ara\u00e7 konseptine\u00a0spor arabalar da dahil oluyor. Yak\u0131n zamanda, T\u00fcrkiye\u2019de de bu [&hellip;]<\/p>\n","protected":false},"author":1,"featured_media":47095,"comment_status":"open","ping_status":"open","sticky":false,"template":"","format":"standard","meta":[],"categories":[51,53,157],"tags":[215],"views":1941,"_links":{"self":[{"href":"https:\/\/www.enerjigazetesi.ist\/en\/wp-json\/wp\/v2\/posts\/47094"}],"collection":[{"href":"https:\/\/www.enerjigazetesi.ist\/en\/wp-json\/wp\/v2\/posts"}],"about":[{"href":"https:\/\/www.enerjigazetesi.ist\/en\/wp-json\/wp\/v2\/types\/post"}],"author":[{"embeddable":true,"href":"https:\/\/www.enerjigazetesi.ist\/en\/wp-json\/wp\/v2\/users\/1"}],"replies":[{"embeddable":true,"href":"https:\/\/www.enerjigazetesi.ist\/en\/wp-json\/wp\/v2\/comments?post=47094"}],"version-history":[{"count":1,"href":"https:\/\/www.enerjigazetesi.ist\/en\/wp-json\/wp\/v2\/posts\/47094\/revisions"}],"predecessor-version":[{"id":47096,"href":"https:\/\/www.enerjigazetesi.ist\/en\/wp-json\/wp\/v2\/posts\/47094\/revisions\/47096"}],"wp:featuredmedia":[{"embeddable":true,"href":"https:\/\/www.enerjigazetesi.ist\/en\/wp-json\/wp\/v2\/media\/47095"}],"wp:attachment":[{"href":"https:\/\/www.enerjigazetesi.ist\/en\/wp-json\/wp\/v2\/media?parent=47094"}],"wp:term":[{"taxonomy":"category","embeddable":true,"href":"https:\/\/www.enerjigazetesi.ist\/en\/wp-json\/wp\/v2\/categories?post=47094"},{"taxonomy":"post_tag","embeddable":true,"href":"https:\/\/www.enerjigazetesi.ist\/en\/wp-json\/wp\/v2\/tags?post=47094"}],"curies":[{"name":"wp","href":"https:\/\/api.w.org\/{rel}","templated":true}]}}