{"id":47017,"date":"2015-11-24T12:54:58","date_gmt":"2015-11-24T09:54:58","guid":{"rendered":"https:\/\/www.enerjigazetesi.ist\/?p=47017"},"modified":"2015-11-24T12:54:58","modified_gmt":"2015-11-24T09:54:58","slug":"izlandalilar-turkiyenin-jeotermal-enerjisi-icin-sirada-bekliyor","status":"publish","type":"post","link":"https:\/\/www.enerjigazetesi.ist\/en\/izlandalilar-turkiyenin-jeotermal-enerjisi-icin-sirada-bekliyor\/","title":{"rendered":"(Turkish) \u0130zlandal\u0131lar T\u00fcrkiye\u2019nin Jeotermal Enerjisi \u0130\u00e7in S\u0131rada Bekliyor!"},"content":{"rendered":"<p class=\"qtranxs-available-languages-message qtranxs-available-languages-message-en\">Sorry, this entry is only available in <a href=\"https:\/\/www.enerjigazetesi.ist\/tr\/wp-json\/wp\/v2\/posts\/47017\" class=\"qtranxs-available-language-link qtranxs-available-language-link-tr\" title=\"Turkish\">Turkish<\/a>. For the sake of viewer convenience, the content is shown below in the alternative language. You may click the link to switch the active language.<\/p><p><\/p>\n<p style=\"color: #0a0a0a;\"><strong>\u0130zlanda Sanayi ve Ticaret Bakan\u0131 Agnheidur Elin Arnadottir, \u201cT\u00fcrkiye 30 bin megavatl\u0131k jeotermal enerji kapasitesine sahip ve \u0130zlandal\u0131 \u015firketler T\u00fcrkiye\u2019ye gelmek i\u00e7in s\u0131rada bekliyorlar diyebilirim\u201d dedi.<\/strong><span id=\"more-74272\"><\/span><\/p>\n<p style=\"color: #0a0a0a;\">\u0130zlanda Sanayi ve Ticaret Bakan\u0131 Agnheidur Elin Arnadotti, T\u00fcrkiye\u2019nin jeotermal enerjideki potansiyeline ili\u015fkin de\u011ferlendirmelerde<img loading=\"lazy\" class=\"alignleft size-medium wp-image-47018\" src=\"https:\/\/www.enerjigazetesi.ist\/wp-content\/uploads\/2015\/11\/izlandalilar-turkiyenin-jeotermal-enerjisi-icin-sirada-bekliyor-300x165.jpg\" alt=\"izlandalilar-turkiyenin-jeotermal-enerjisi-icin-sirada-bekliyor\" width=\"300\" height=\"165\" srcset=\"https:\/\/www.enerjigazetesi.ist\/wp-content\/uploads\/2015\/11\/izlandalilar-turkiyenin-jeotermal-enerjisi-icin-sirada-bekliyor-300x165.jpg 300w, https:\/\/www.enerjigazetesi.ist\/wp-content\/uploads\/2015\/11\/izlandalilar-turkiyenin-jeotermal-enerjisi-icin-sirada-bekliyor-500x276.jpg 500w, https:\/\/www.enerjigazetesi.ist\/wp-content\/uploads\/2015\/11\/izlandalilar-turkiyenin-jeotermal-enerjisi-icin-sirada-bekliyor-80x44.jpg 80w, https:\/\/www.enerjigazetesi.ist\/wp-content\/uploads\/2015\/11\/izlandalilar-turkiyenin-jeotermal-enerjisi-icin-sirada-bekliyor.jpg 696w\" sizes=\"(max-width: 300px) 100vw, 300px\" \/> bulundu.<\/p>\n<p style=\"color: #0a0a0a;\">\u0130zlanda\u2019da elektrik \u00fcretiminin b\u00fcy\u00fck k\u0131sm\u0131n\u0131n yenilenebilir enerji kaynaklar\u0131ndan elde edildi\u011fini kaydeden Arnadottir, \u00fclkenin genel olarak enerji t\u00fcketiminde ise yenilenebilir enerjinin pay\u0131n\u0131n y\u00fczde 75\u2019i buldu\u011funu s\u00f6yledi.<\/p>\n<p style=\"color: #0a0a0a;\">\nT\u00fcrkiye\u2019nin jeotermal enerji potansiyelini daha fazla dikkate almas\u0131 ve d\u00fc\u015f\u00fcnmesi gerekti\u011fini vurgulayan Arnadottir, \u201cSon be\u015f y\u0131lda T\u00fcrkiye\u2019de jeotermal enerji kullan\u0131m\u0131n\u0131n artt\u0131\u011f\u0131n\u0131 g\u00f6r\u00fcyoruz. Asl\u0131nda T\u00fcrkiye\u2019nin \u015fu an jeotermalden \u00fcretti\u011fi megavat miktar\u0131 bizimle benzer rakamlarda olsa da T\u00fcrkiye\u2019nin \u00e7ok daha b\u00fcy\u00fck potansiyeli oldu\u011funu g\u00f6z \u00f6n\u00fcnde bulundurmal\u0131y\u0131z\u201d dedi.<\/p>\n<p style=\"color: #0a0a0a;\">Arnadottir, jeotermaldeki potansiyelin, T\u00fcrkiye gibi enerjide y\u00fcksek oranda ithalata ba\u011f\u0131ml\u0131 bir \u00fclke i\u00e7in \u00e7ok \u00f6nemli oldu\u011funu vurgulayarak, \u201cT\u00fcrkiye 30 bin megavatl\u0131k jeotermal enerji kapasitesine sahip ve \u0130zlandal\u0131 \u015firketler T\u00fcrkiye\u2019ye gelmek i\u00e7in s\u0131rada bekliyorlar diyebilirim. T\u00fcrk yetkililere ve \u015firketlere bu alana yat\u0131r\u0131m konusunda tavsiyelerde bulunabiliriz\u201d diye konu\u015ftu.<\/p>\n<p style=\"color: #0a0a0a;\">Kaynak: <a href=\"http:\/\/enerjienstitusu.com\/2015\/11\/24\/izlandalilar-turkiyenin-jeotermal-enerjisi-icin-sirada-bekliyor\/\" target=\"_blank\" rel=\"nofollow\">Enerji Enstit\u00fcs\u00fc<\/a><\/p>\n<p><\/p>","protected":false},"excerpt":{"rendered":"<p>Sorry, this entry is only available in Turkish. For the sake of viewer convenience, the content is shown below in the alternative language. You may click the link to switch the active language. \u0130zlanda Sanayi ve Ticaret Bakan\u0131 Agnheidur Elin Arnadottir, \u201cT\u00fcrkiye 30 bin megavatl\u0131k jeotermal enerji kapasitesine sahip ve \u0130zlandal\u0131 \u015firketler T\u00fcrkiye\u2019ye gelmek i\u00e7in [&hellip;]<\/p>\n","protected":false},"author":1,"featured_media":47018,"comment_status":"open","ping_status":"open","sticky":false,"template":"","format":"standard","meta":[],"categories":[53,48],"tags":[63,67,1009,2698,165,27039,58,56,23226,23225,27040,508],"views":1114,"_links":{"self":[{"href":"https:\/\/www.enerjigazetesi.ist\/en\/wp-json\/wp\/v2\/posts\/47017"}],"collection":[{"href":"https:\/\/www.enerjigazetesi.ist\/en\/wp-json\/wp\/v2\/posts"}],"about":[{"href":"https:\/\/www.enerjigazetesi.ist\/en\/wp-json\/wp\/v2\/types\/post"}],"author":[{"embeddable":true,"href":"https:\/\/www.enerjigazetesi.ist\/en\/wp-json\/wp\/v2\/users\/1"}],"replies":[{"embeddable":true,"href":"https:\/\/www.enerjigazetesi.ist\/en\/wp-json\/wp\/v2\/comments?post=47017"}],"version-history":[{"count":1,"href":"https:\/\/www.enerjigazetesi.ist\/en\/wp-json\/wp\/v2\/posts\/47017\/revisions"}],"predecessor-version":[{"id":47019,"href":"https:\/\/www.enerjigazetesi.ist\/en\/wp-json\/wp\/v2\/posts\/47017\/revisions\/47019"}],"wp:featuredmedia":[{"embeddable":true,"href":"https:\/\/www.enerjigazetesi.ist\/en\/wp-json\/wp\/v2\/media\/47018"}],"wp:attachment":[{"href":"https:\/\/www.enerjigazetesi.ist\/en\/wp-json\/wp\/v2\/media?parent=47017"}],"wp:term":[{"taxonomy":"category","embeddable":true,"href":"https:\/\/www.enerjigazetesi.ist\/en\/wp-json\/wp\/v2\/categories?post=47017"},{"taxonomy":"post_tag","embeddable":true,"href":"https:\/\/www.enerjigazetesi.ist\/en\/wp-json\/wp\/v2\/tags?post=47017"}],"curies":[{"name":"wp","href":"https:\/\/api.w.org\/{rel}","templated":true}]}}