{"id":47014,"date":"2015-11-24T12:43:11","date_gmt":"2015-11-24T09:43:11","guid":{"rendered":"https:\/\/www.enerjigazetesi.ist\/?p=47014"},"modified":"2015-11-24T12:50:12","modified_gmt":"2015-11-24T09:50:12","slug":"applein-gunes-enerjili-ilk-magazasi-aciliyor","status":"publish","type":"post","link":"https:\/\/www.enerjigazetesi.ist\/en\/applein-gunes-enerjili-ilk-magazasi-aciliyor\/","title":{"rendered":"(Turkish) Apple\u2019\u0131n G\u00fcne\u015f Enerjili \u0130lk Ma\u011fazas\u0131 A\u00e7\u0131l\u0131yor&#8230;"},"content":{"rendered":"<p class=\"qtranxs-available-languages-message qtranxs-available-languages-message-en\">Sorry, this entry is only available in <a href=\"https:\/\/www.enerjigazetesi.ist\/tr\/wp-json\/wp\/v2\/posts\/47014\" class=\"qtranxs-available-language-link qtranxs-available-language-link-tr\" title=\"Turkish\">Turkish<\/a>. For the sake of viewer convenience, the content is shown below in the alternative language. You may click the link to switch the active language.<\/p><p><\/p>\n<p style=\"color: #666666;\"><strong style=\"font-weight: bold; color: #222222;\"><a href=\"https:\/\/www.enerjigazetesi.ist\/wp-content\/uploads\/2015\/11\/alternatif-enerji-apple-ma\u011faza-500x500_c.jpg\"><img loading=\"lazy\" class=\"alignright size-medium wp-image-47015\" src=\"https:\/\/www.enerjigazetesi.ist\/wp-content\/uploads\/2015\/11\/alternatif-enerji-apple-ma\u011faza-500x500_c-300x300.jpg\" alt=\"alternatif-enerji-apple-ma\u011faza-500x500_c\" width=\"300\" height=\"300\" srcset=\"https:\/\/www.enerjigazetesi.ist\/wp-content\/uploads\/2015\/11\/alternatif-enerji-apple-ma\u011faza-500x500_c-300x300.jpg 300w, https:\/\/www.enerjigazetesi.ist\/wp-content\/uploads\/2015\/11\/alternatif-enerji-apple-ma\u011faza-500x500_c-150x150.jpg 150w, https:\/\/www.enerjigazetesi.ist\/wp-content\/uploads\/2015\/11\/alternatif-enerji-apple-ma\u011faza-500x500_c-400x400.jpg 400w, https:\/\/www.enerjigazetesi.ist\/wp-content\/uploads\/2015\/11\/alternatif-enerji-apple-ma\u011faza-500x500_c-50x50.jpg 50w, https:\/\/www.enerjigazetesi.ist\/wp-content\/uploads\/2015\/11\/alternatif-enerji-apple-ma\u011faza-500x500_c.jpg 500w\" sizes=\"(max-width: 300px) 100vw, 300px\" \/><\/a>Apple, tamamen g\u00fcne\u015f enerjisi ile \u00e7al\u0131\u015fan ilk ma\u011fazas\u0131n\u0131 Singapur\u2019da a\u00e7\u0131yor 800 binan\u0131n \u00e7at\u0131s\u0131na yerle\u015ftirilen G\u00fcne\u015f panelleri apple ma\u011fazas\u0131na enerji sa\u011flayacak.<\/strong><\/p>\n<p style=\"color: #666666;\">Apple, G\u00fcneydo\u011fu Asya\u2019daki ilk Apple Store ma\u011faz\u0131n\u0131 a\u00e7aca\u011f\u0131n\u0131 ve bu ma\u011fazan\u0131n\u00a0<strong style=\"font-weight: bold; color: #222222;\">g\u00fcne\u015f enerjisi<\/strong>\u00a0ile \u00e7al\u0131\u015faca\u011f\u0131n\u0131 duyurdu.<\/p>\n<p style=\"color: #666666;\">Apple ma\u011fazan\u0131n enerjisini sa\u011flamak \u00fczere Singapur\u2019un en b\u00fcy\u00fck temiz enerji sa\u011flay\u0131c\u0131 \u015firketlerinden Sunseat Grup ile anla\u015ft\u0131. Sunseap Grup\u2019un g\u00fcne\u015f panelleri 50 megawattl\u0131k kapasiteye sahip olacak, bu da Singapurdaki 9 bin evin ayd\u0131nlanabilece\u011fi bir\u00a0<strong style=\"font-weight: bold; color: #222222;\">enerjiye\u00a0<\/strong>kar\u015f\u0131l\u0131k geliyor. Bununla birlkte Apple bu enerjinin 33 megawatt\u0131n\u0131 kullanacak.<\/p>\n<p style=\"color: #666666;\">Apple karbon emisyonlar\u0131n\u0131 azaltmak i\u00e7in ma\u011fazalar\u0131nda\u00a0<strong style=\"font-weight: bold; color: #222222;\">g\u00fcne\u015f enerjisi\u00a0<\/strong>ile yetinmeyece\u011fini bunun yan\u0131 s\u0131ra\u00a0<strong style=\"font-weight: bold; color: #222222;\">jeotermal enerji kaynaklar\u0131, r\u00fczgar enerjisi ve mikro-hidro enerjiyi<\/strong>\u00a0de ma\u011faza ve ofislerinde kullanaca\u011f\u0131ndan kurumsal web sitesinde bahsediyor. Apple son d\u00f6nemde mevcut binalar\u0131n\u0131\u00a0<strong style=\"font-weight: bold; color: #222222;\">elektrik t\u00fcketimini<\/strong>\u00a0azaltmak i\u00e7in yeniden dizayn ediyor ve bu ama\u00e7la yeni binalar tasarl\u0131yor.<\/p>\n<p style=\"color: #666666;\">Haber http:\/\/www.techtimes.com\u2019dan \u00e7evrilmi\u015ftir.<\/p>\n<p><\/p>","protected":false},"excerpt":{"rendered":"<p>Sorry, this entry is only available in Turkish. For the sake of viewer convenience, the content is shown below in the alternative language. You may click the link to switch the active language. Apple, tamamen g\u00fcne\u015f enerjisi ile \u00e7al\u0131\u015fan ilk ma\u011fazas\u0131n\u0131 Singapur\u2019da a\u00e7\u0131yor 800 binan\u0131n \u00e7at\u0131s\u0131na yerle\u015ftirilen G\u00fcne\u015f panelleri apple ma\u011fazas\u0131na enerji sa\u011flayacak. Apple, G\u00fcneydo\u011fu [&hellip;]<\/p>\n","protected":false},"author":1,"featured_media":47015,"comment_status":"open","ping_status":"open","sticky":false,"template":"","format":"standard","meta":[],"categories":[53,49],"tags":[2655,27038],"views":861,"_links":{"self":[{"href":"https:\/\/www.enerjigazetesi.ist\/en\/wp-json\/wp\/v2\/posts\/47014"}],"collection":[{"href":"https:\/\/www.enerjigazetesi.ist\/en\/wp-json\/wp\/v2\/posts"}],"about":[{"href":"https:\/\/www.enerjigazetesi.ist\/en\/wp-json\/wp\/v2\/types\/post"}],"author":[{"embeddable":true,"href":"https:\/\/www.enerjigazetesi.ist\/en\/wp-json\/wp\/v2\/users\/1"}],"replies":[{"embeddable":true,"href":"https:\/\/www.enerjigazetesi.ist\/en\/wp-json\/wp\/v2\/comments?post=47014"}],"version-history":[{"count":1,"href":"https:\/\/www.enerjigazetesi.ist\/en\/wp-json\/wp\/v2\/posts\/47014\/revisions"}],"predecessor-version":[{"id":47016,"href":"https:\/\/www.enerjigazetesi.ist\/en\/wp-json\/wp\/v2\/posts\/47014\/revisions\/47016"}],"wp:featuredmedia":[{"embeddable":true,"href":"https:\/\/www.enerjigazetesi.ist\/en\/wp-json\/wp\/v2\/media\/47015"}],"wp:attachment":[{"href":"https:\/\/www.enerjigazetesi.ist\/en\/wp-json\/wp\/v2\/media?parent=47014"}],"wp:term":[{"taxonomy":"category","embeddable":true,"href":"https:\/\/www.enerjigazetesi.ist\/en\/wp-json\/wp\/v2\/categories?post=47014"},{"taxonomy":"post_tag","embeddable":true,"href":"https:\/\/www.enerjigazetesi.ist\/en\/wp-json\/wp\/v2\/tags?post=47014"}],"curies":[{"name":"wp","href":"https:\/\/api.w.org\/{rel}","templated":true}]}}