{"id":46990,"date":"2015-11-23T19:13:23","date_gmt":"2015-11-23T16:13:23","guid":{"rendered":"https:\/\/www.enerjigazetesi.ist\/?p=46990"},"modified":"2015-11-23T19:17:16","modified_gmt":"2015-11-23T16:17:16","slug":"yorum-anti-dumping-ve-gunes-enerjisi-panellerinin-yerli-uretimi","status":"publish","type":"post","link":"https:\/\/www.enerjigazetesi.ist\/en\/yorum-anti-dumping-ve-gunes-enerjisi-panellerinin-yerli-uretimi\/","title":{"rendered":"(Turkish) Yorum: Anti-Dumping ve G\u00fcne\u015f Enerjisi Panellerinin Yerli \u00dcretimi!"},"content":{"rendered":"<p class=\"qtranxs-available-languages-message qtranxs-available-languages-message-en\">Sorry, this entry is only available in <a href=\"https:\/\/www.enerjigazetesi.ist\/tr\/wp-json\/wp\/v2\/posts\/46990\" class=\"qtranxs-available-language-link qtranxs-available-language-link-tr\" title=\"Turkish\">Turkish<\/a>. For the sake of viewer convenience, the content is shown below in the alternative language. You may click the link to switch the active language.<\/p><p><\/p>\n<h2 style=\"font-weight: 400; color: #111111;\"><strong>Bir fikir olarak yerli \u00fcretim&#8230;<\/strong><\/h2>\n<p style=\"color: #0a0a0a;\">Bir \u00fcr\u00fcn\u00fcn bir \u00fclke topraklar\u0131nda; o topraklar\u0131n sahibi halk taraf\u0131ndan \u00fcretilmesi kadar g\u00fczel bir\u015fey elbette yoktur. Uzun y\u0131llard\u0131r sinemalarda filmlerde g\u00f6r\u00fcr\u00fcz dokuma tezgah\u0131 ba\u015f\u0131nda \u00e7al\u0131\u015fan binlerce i\u015f\u00e7iyi; emekle a\u015fkla \u015fevkle bir\u015feyler \u00fcretirler.<span id=\"more-74256\"><\/span>\u00a0Tezgahl<a href=\"https:\/\/www.enerjigazetesi.ist\/wp-content\/uploads\/2015\/11\/yorum-anti-dumping-ve-gunes-enerjisi-panellerinin-yerli-uretimi.jpg\"><img loading=\"lazy\" class=\"alignleft size-medium wp-image-46991\" src=\"https:\/\/www.enerjigazetesi.ist\/wp-content\/uploads\/2015\/11\/yorum-anti-dumping-ve-gunes-enerjisi-panellerinin-yerli-uretimi-300x165.jpg\" alt=\"yorum-anti-dumping-ve-gunes-enerjisi-panellerinin-yerli-uretimi\" width=\"300\" height=\"165\" srcset=\"https:\/\/www.enerjigazetesi.ist\/wp-content\/uploads\/2015\/11\/yorum-anti-dumping-ve-gunes-enerjisi-panellerinin-yerli-uretimi-300x165.jpg 300w, https:\/\/www.enerjigazetesi.ist\/wp-content\/uploads\/2015\/11\/yorum-anti-dumping-ve-gunes-enerjisi-panellerinin-yerli-uretimi-500x276.jpg 500w, https:\/\/www.enerjigazetesi.ist\/wp-content\/uploads\/2015\/11\/yorum-anti-dumping-ve-gunes-enerjisi-panellerinin-yerli-uretimi-80x44.jpg 80w, https:\/\/www.enerjigazetesi.ist\/wp-content\/uploads\/2015\/11\/yorum-anti-dumping-ve-gunes-enerjisi-panellerinin-yerli-uretimi.jpg 696w\" sizes=\"(max-width: 300px) 100vw, 300px\" \/><\/a>ar hep doludur, bantlardan \u00fcr\u00fcnler akar. \u0130\u015f\u00e7i ak\u015fam evine ekmek g\u00f6t\u00fcr\u00fcr, patron mal\u0131n\u0131 yurt d\u0131\u015f\u0131na satar, \u00fclke ekonomisi kazan\u0131r; cari a\u00e7\u0131\u011f\u0131n \u00f6n\u00fcne ge\u00e7ilir. Asl\u0131na bakarsan\u0131z cari a\u00e7\u0131\u011f\u0131n b\u00fcy\u00fcd\u00fc\u011f\u00fc g\u00fcn\u00fcm\u00fczde bu durum tam da ihtiyac\u0131m\u0131z olan \u015fey lakin bir fark ile; devir art\u0131k de\u011fi\u015fti. Anti-Dumping \u2018de bizi o eski g\u00fczel g\u00fcnlerimize g\u00f6t\u00fcrecek bir ara\u00e7 ne yaz\u0131k ki de\u011fil.<\/p>\n<p style=\"color: #0a0a0a;\">\u00d6ncelikle buraya kadar okuduysan\u0131z ve nerede \u00e7al\u0131\u015f\u0131p ne i\u015f yapt\u0131\u011f\u0131m\u0131 biliyorsan\u0131z \u015funu belirteyim; yaz\u0131n\u0131n geri kalan\u0131nda bahsetti\u011fim konular, fikirler hi\u00e7bir \u015fekilde \u00e7al\u0131\u015ft\u0131\u011f\u0131m ve temsil etti\u011fim firman\u0131n g\u00f6r\u00fc\u015flerini yans\u0131tmamaktad\u0131r. Yazd\u0131klar\u0131m sadece benim fikirlerimdir.<\/p>\n<p style=\"color: #0a0a0a;\">Bu filmlerin ger\u00e7ekle\u015fti\u011fi zamanlarda insanlar\u0131n bir fabrikada \u00e7al\u0131\u015farak \u00fcrettikleri \u00fcr\u00fcnler katma de\u011ferli \u00fcr\u00fcnler idi; nakliye imkanlar\u0131 eskisi kadar yoktu. Bug\u00fcn \u00c7in\u2019den sipari\u015f etti\u011finiz en ucuz oyuncak bile size bir hafta i\u00e7erisinde ula\u015f\u0131yorken o devirde \u00c7in\u2019den bir\u015feyler sipari\u015f etmek m\u00fcmk\u00fcn de\u011fildi. O devirde \u00fclke i\u00e7erisinde ya\u015famak i\u00e7in gerekli maliyetler de bu kadar y\u00fcksek de\u011fildi. O g\u00fcnlerden bug\u00fcne ba\u015fta g\u0131da olmak \u00fczere pek \u00e7ok temel harcamam\u0131z di\u011fer geli\u015fmekte olan \u00fclkelere k\u0131yasla olduk\u00e7a art\u0131.\u00a0Bu durum art\u0131k \u00fclkenin daha katma de\u011ferli \u00fcr\u00fcn ve hizmetler \u00fcretmesi ve orta gelir dar bo\u011faz\u0131ndan \u00e7\u0131kmas\u0131\u00a0gerekti\u011fine\u00a0i\u015farettir. T\u00fcrkiye\u2019nin de art\u0131k \u00fcretim stratejisinin de\u011fi\u015fmesi gereklidir.<\/p>\n<h2 style=\"font-weight: 400; color: #111111;\"><strong>Yerli \u00fcretimi te\u015fvik etmek i\u00e7in Anti-Dumping gerekli mi ?<\/strong><\/h2>\n<p style=\"color: #0a0a0a;\">\u00d6ncelikle \u201cAnti-Dumping\u201d den ne ama\u00e7lad\u0131\u011f\u0131m\u0131za ve bu \u00f6nlemin asl\u0131nda hangi ko\u015fullar i\u00e7in kullan\u0131ld\u0131\u011f\u0131na bakal\u0131m. Anti-dumping\u2019de ki \u201cdump\u201d kelimesi \u00e7\u00f6pe atmak anlam\u0131na geliyor. Kelime anlam itibariyle kalitesiz mallar\u0131n \u00e7ok ucuz fiyattan bir piyasaya pompalanmas\u0131n\u0131 \u00f6nlemek anlam\u0131 i\u00e7erir. Bizim hedefimiz ise al\u0131c\u0131 ve sat\u0131c\u0131 taraflar\u0131n\u0131 yerli \u00fcretim\u2019e ve yerli mal\u2019a te\u015fvik etmek. Bu hedefimiz i\u00e7in kalitesiz olmayan yabanc\u0131 mallar\u0131n piyasaya girmesini engellemenin\u00a0ve piyasa ko\u015fullar\u0131n\u0131 de\u011fi\u015ftirmenin yarataca\u011f\u0131 sorunlar asl\u0131nda yerli \u00fcr\u00fcn\u00fc te\u015fvik etmekten daha b\u00fcy\u00fck olacakt\u0131r.<\/p>\n<p style=\"color: #0a0a0a;\">Anti-dumping uygulayan ilk \u00fclke elbette biz de\u011filiz. \u00d6n\u00fcm\u00fczde kocaman bir\u00a0<a style=\"color: #1e73be;\" href=\"http:\/\/www.pv-magazine.com\/news\/details\/beitrag\/eu-imposes-maximum-421-anti-dumping-tariff-on-chinese-solar-glass-exporters_100013572\/\" target=\"_blank\" rel=\"nofollow\">avrupa birli\u011fi \u00f6rne\u011fi<\/a>\u00a0mevcut. Bu konu pek \u00e7ok kez tart\u0131\u015f\u0131ld\u0131. EU ProSun taraf\u0131ndan lobi faaliyetlerinin y\u00fcr\u00fcld\u00fc\u011f\u00fc bu durumda Avrupa birli\u011finde Kas\u0131m 2013 tarihinde anti-dumping yasas\u0131 devreye girdi. Lobi faaliyeti ger\u00e7ekle\u015ftiren firman\u0131n \u00f6ne s\u00fcrd\u00fc\u011f\u00fc en \u00f6nemli kriterlerden birtanesi b\u00fcy\u00fcmekte olan solar sekt\u00f6r\u00fcnde yerel i\u015f hacminin artt\u0131r\u0131lmas\u0131 ve yerel firmalar\u0131n kara ge\u00e7meleriydi. Bir yerel \u00fcretici olarak da en \u00e7ok kendisi kar hedefliyordu. Lakin fiyat\u0131 \u20ac0.58\u2019e sabitleyen ve y\u0131ll\u0131k giri\u015fe 7GW kota koyan uygulaman\u0131n yan etkileri hemen ortaya \u00e7\u0131kmad\u0131.<\/p>\n<p style=\"color: #0a0a0a;\">Firmalar ilk ba\u015fta fiyatlar\u0131 sabitlemenin verdi\u011fi heyecanla pozitif nakit ak\u0131\u015f\u0131na ge\u00e7tiler lakin olumsuz etki t\u00fcm Avrupa Birli\u011fini vurdu; solar sekt\u00f6r\u00fcn\u00fcn b\u00fcy\u00fcmesi d\u00fc\u015f\u00fcyordu ve bu alanda yat\u0131r\u0131mlar ve istihdam h\u0131zla azal\u0131yordu. Unutmamak gerekir ki fabrikada \u00e7al\u0131\u015fan personel nas\u0131l 1 istihdam ise arazide yat\u0131r\u0131m s\u0131ras\u0131nda \u00e7al\u0131\u015fan i\u015f\u00e7i ve yat\u0131r\u0131m sonraki \u00e7al\u0131\u015fan m\u00fchendis de 1 istihdamd\u0131r. Firmalar bu durumda kendi i\u00e7 karl\u0131l\u0131klar\u0131n\u0131 artt\u0131r\u0131p istihdam\u0131\u00a0da dolay\u0131s\u0131 ile artt\u0131rmay\u0131 d\u00fc\u015f\u00fcn\u00fcrken beklemedikleri yerden yakaland\u0131lar; sekt\u00f6r k\u00fc\u00e7\u00fcld\u00fc. Bu konuda<a style=\"color: #1e73be;\" href=\"http:\/\/www.businessgreen.com\/bg\/analysis\/2405942\/have-anti-dumping-measures-helped-or-hindered-europes-solar-industry\" target=\"_blank\" rel=\"nofollow\">BusinessGreen\u2019in bir makalesini<\/a>okuyabilirsiniz. G\u00fcne\u015f konusunda s\u00f6z sahibi olan EPIA\u2019da bu etkilerin olumsuzlu\u011funu defalarca dile getirdi. Avrupa yenilenebilir enerji yat\u0131r\u0131m\u0131nda k\u00fc\u00e7\u00fclmeye girdi.<\/p>\n<p style=\"color: #0a0a0a;\">\u00dcretici firmalar i\u00e7in de bu bir ilk de\u011fil; o sebeple onlar da bu duruma haz\u0131rl\u0131kl\u0131. Avrupa Birli\u011fi ilk defa anti-dumping uygulamas\u0131 yapt\u0131\u011f\u0131nda \u00e7e\u015fitli firmalar \u00c7in\u2019de \u00fcretilen anti-damping\u2019e esas \u00fcr\u00fcnlerini\u00a0<a style=\"color: #1e73be;\" href=\"http:\/\/www.bloomberg.com\/news\/articles\/2015-06-05\/three-china-solar-panel-groups-lose-eu-tariff-exemptions\" target=\"_blank\" rel=\"nofollow\">Afrika pazar\u0131 \u00fczerinde avrupaya sokarak<\/a>ucuz mal vermeye devam etti. Baz\u0131lar\u0131 panelin as\u0131l para tutan ve en \u00f6nemli par\u00e7as\u0131 olan h\u00fccre\u2019yi yine \u00c7in\u2019de \u00fcrettirip panelin katma de\u011fersiz i\u015flemi olan laminasyonu Tayvan\u2019da yaparak \u201ckural\u0131na uygun\u201d \u015fekilde Avrupa\u2019ya \u00fcr\u00fcn vermeye devam\u00a0etti. Baz\u0131 \u00fcreticiler de T\u00fcrkiye gibi yerlerde laminasyon yapabilecekleri tesis kurup veya kurulmu\u015f bir tesisi kiralay\u0131p Avrupa pazar\u0131na sat\u0131\u015f ger\u00e7ekle\u015ftirdi.<\/p>\n<p style=\"color: #0a0a0a;\">\u00d6zetleyecek olursak anti-dumping \u00e7al\u0131\u015fmalar\u0131 hem bir pazar\u0131n k\u00fc\u00e7\u00fclmesine sebep oldu, hem de \u00c7in\u2019li firmalar\u0131n katma de\u011fersiz fabrikalar\u0131n\u0131 ba\u015fka lokasyonlara ta\u015f\u0131yarak yine \u00fcr\u00fcn tedarik etmelerine\u00a0izin verdi. Katma de\u011fersiz \u00fcretim tesislerindeki (laminasyon tesisleri) el al\u0131\u015fkanl\u0131\u011f\u0131 ve beceriklilik\u00a0yeni yat\u0131r\u0131m yap\u0131lan yerlere kolayca aktar\u0131lamad\u0131\u011f\u0131 i\u00e7in de \u00fcretilen \u00fcr\u00fcnler eskisine nispeten \u00e7ok daha kalitesiz oldu. \u015eimdi gelin panel \u00fcretimine bir g\u00f6z atal\u0131m; katma de\u011ferli ve katma de\u011fersiz i\u015flere ve yerli te\u015fvik\u2019e bir bakal\u0131m.<\/p>\n<h2 style=\"font-weight: 400; color: #111111;\"><strong>Panel \u00fcretiminde katma de\u011fer yarat\u0131m\u0131 ve d\u0131\u015far\u0131ya ba\u011fl\u0131 oldu\u011fumuz etmenler<\/strong><\/h2>\n<p style=\"color: #0a0a0a;\">\u0130nce-film mod\u00fcller hari\u00e7 olmak \u00fczere; d\u00fcnya genelinde kullan\u0131lan ve sekt\u00f6rdeki b\u00fcy\u00fck \u00e7o\u011funlu\u011fu olu\u015fturan silikon panellerin hammadde \u00fcretim noktalar\u0131na bir bakal\u0131m. (Thin-film\u2019lerde Cadmium Telluride\u00a0<strong>CdTe<\/strong>, copper indium gallium diselenide\u00a0<strong>CIGS<\/strong>\u00a0ve amorphus thin-film silicon\u00a0<strong>a-Si<\/strong>,\u00a0<strong>TF-Si<\/strong>maddelerinden de galiba sadece Telluride yan-mamul olarak T\u00fcrkiye\u2019de \u00e7\u0131k\u0131yor).<\/p>\n<p style=\"color: #0a0a0a;\">Bu \u00fclkeler ba\u015fl\u0131ca silikon \u00fcreten \u00fclkeler. T\u00fcrkiye bu \u00fclkelerden birisi ne yaz\u0131k ki de\u011fil. Hammaddesi bizde olmayan bir \u00fcr\u00fcn\u00fcn \u00fcretim a\u015famalar\u0131na g\u00f6z atal\u0131m; bakal\u0131m panel nas\u0131l \u00fcretiliyor.<\/p>\n<p>&#8211; Silikon hammadde olarak \u00e7\u0131kar\u0131l\u0131yor<br \/>\n&#8211; Eritilip temizlenip ingot (k\u00fcl\u00e7e) haline getiriliyor<br \/>\n&#8211; K\u00fcl\u00e7eler h\u00fccre ebad\u0131nda kesiliyor<br \/>\n&#8211; Kesilmi\u015f k\u00fcl\u00e7eler ince wafer\u2019lara b\u00f6l\u00fcn\u00fcyor.<br \/>\n&#8211; Wafer\u2019lar\u0131n \u00fczerine elektriksel iletkenli\u011fi ta\u015f\u0131y\u0131c\u0131 iletkenler konuluyor (CSUN)<br \/>\n&#8211; H\u00fccreler bir PV mod\u00fcl\u2019de s\u0131cakl\u0131k ile monte ediliyor. (T\u00fcrk PV \u00fcreticiler)<\/p>\n<p style=\"color: #0a0a0a;\">Bu uygulamay\u0131 4 Eyl\u00fcl 2013 \u2013 28755 say\u0131l\u0131 resmi gazete yay\u0131nlanarak y\u00fcr\u00fcrl\u00fc\u011fe giren \u00a0<a style=\"color: #1e73be;\" href=\"http:\/\/www.eie.gov.tr\/yenilenebilir\/document\/4_eylul_2013.pdf\" target=\"_blank\" rel=\"nofollow\">Yenilenebilir Enerji Kaynaklar\u0131ndan Elektrik Enerjisi \u00dcreten Tesislerde Kullan\u0131lan Aksam\u0131n Yurt \u0130\u00e7inde \u0130malat\u0131 Hakk\u0131nda Y\u00f6netmelik<\/a>\u00a0\u2018de nas\u0131l irdelemi\u015fiz bakal\u0131m.<\/p>\n<p>&#8211; Yap\u0131sal Mekanik \u0130malat\u0131: T\u00fcrkiye\u2019de pek \u00e7ok konstr\u00fcksiyon imalat\u00e7\u0131s\u0131 oldu\u011fu halde bu konuda hi\u00e7bir firmaya yerli te\u015fvik belgesi verilmemi\u015ftir.<br \/>\n&#8211; PV Mod\u00fclleri i\u00e7in sadece 2.1.1, 2.1.2 ve 2.1.5 konular\u0131nda yerlili\u011fi \u0131spatlanm\u0131\u015f Ekinler Eurosol\u2019\u00fcn kendi tesislerinde kulland\u0131\u011f\u0131 ve\u00a0<strong>kendine \u00f6zel \u00fcrettirdi\u011fi<\/strong>panelleri vard\u0131r. Ba\u015fka te\u015fvik alan yoktur. 2.1.3 ve 2.1.4 bildi\u011fim kadar\u0131yla T\u00fcrkiye\u2019de \u00fcretilmemektedir. Ekinler Eurosol panel \u00fcreticisi de\u011fil junction box \u00fcreticisidir. \u00c7e\u015fitli panellerin sat\u0131\u015f faaliyetlerini ger\u00e7ekle\u015ftirmektedir.<br \/>\n&#8211; H\u00fccre \u00fcretiminde serbest b\u00f6lgede kurulu CSUN sadece haz\u0131r dilimlenmi\u015f wafer\u2019dan (3.1.3), h\u00fccre \u00fcretimi (3.1.4) yapt\u0131\u011f\u0131 i\u00e7in h\u00fccre \u00fcretim te\u015fvi\u011fini alamamaktad\u0131r (Te\u015fvi\u011fin ilgili maddesini alabilmek i\u00e7in %50 \u015fart vard\u0131r. CSUN %30\u2019da kalmaktad\u0131r).<\/p>\n<h2 style=\"font-weight: 400; color: #111111;\"><strong>Uluslararas\u0131 pazarda silikon, wafer, h\u00fccre ve mod\u00fcl fiyatlar\u0131 ge\u00e7mi\u015fi<\/strong><\/h2>\n<p style=\"color: #0a0a0a;\">T\u00fcrkiye\u2019de h\u00fccre \u00fcretimi konusunda \u201cbir ad\u0131m\u201d atm\u0131\u015f sadece CSUN vard\u0131r o da te\u015fvikte yer alan konular\u0131n sadece %30\u2019una haizdir. T\u00fcrkiye\u2019de panel \u00fcretimi ger\u00e7ekle\u015ftiren \u201claminasyon\u201d tesislerinin hi\u00e7bisi EVA ve Tedlar folyo\u2019yu yurt i\u00e7inden tedarik edememektedir.<\/p>\n<p style=\"color: #0a0a0a;\">Panel laminasyonunda h\u00fccre maliyeti panel maliyetinin %60\u2019\u0131n\u0131 olu\u015fturmaktad\u0131r. Ekinler Eurosol plastik enjeksiyonu ile junction box \u00fcreten tek firmad\u0131r. T\u00fcrkiye\u2019de rekabete a\u00e7\u0131k ve \u00fcretim\u00a0kapasitesi y\u00fcksek olan\u00a0sadece cam ve aluminyum vard\u0131r. Laminasyon tesislerinin darbo\u011faz\u0131 laminat\u00f6rd\u00fcr. Yakla\u015f\u0131k 15dk s\u00fcren panel laminasyon i\u015fleminde laminat\u00f6r\u00fcn i\u00e7ine ald\u0131\u011f\u0131 panel say\u0131s\u0131 ile fabrikan\u0131n y\u0131ll\u0131k kapasitesi belirlenmektedir. Birazdan a\u015fa\u011f\u0131da g\u00f6rece\u011finiz fabrika \u00fcretim verileri 3-vardiya esas\u0131ne g\u00f6re hesaplanan maksimum kapasitelerdir.\u00a0Kapasite artt\u0131r\u0131m\u0131 i\u00e7in \u201cdaha fazla\u201d laminat\u00f6r makinas\u0131 al\u0131nmas\u0131 gerekmekte. Bu makinalar da hak verirsiniz ki yine yurt d\u0131\u015f\u0131ndan al\u0131nmaktad\u0131r, T\u00fcrk mal\u0131 laminasyon makinas\u0131 bildi\u011fim kadar\u0131yla yoktur.<\/p>\n<p style=\"color: #0a0a0a;\">D\u00fcnya\u2019da silikon \u00fcretimi ve talebi artt\u0131k\u00e7a fiyatlar da d\u00fc\u015f\u00fc\u015fe ge\u00e7mektedir. Ge\u00e7ti\u011fimiz 3 y\u0131l\u0131n hammadde ve son mamul fiyatlar\u0131n\u0131n de\u011fi\u015fimi yukar\u0131daki gibidir. Yabanc\u0131 \u00fcreticilerin T\u00fcrk \u00fcreticilere k\u0131yasla en b\u00fcy\u00fck fark\u0131 \u00f6l\u00e7ek ekonomisidir (Economics-of-scale). Y\u00fcksek miktarda al\u0131m yapt\u0131klar\u0131 i\u00e7in %60 h\u00fccre maliyetini \u00e7ok daha a\u015fa\u011f\u0131ya \u00e7ekip kar marj\u0131 yaratabilmektedirler.<\/p>\n<h2 style=\"font-weight: 400; color: #111111;\"><strong>2023 Hedefleri ve T\u00fcrkiye<\/strong><\/h2>\n<p style=\"color: #0a0a0a;\">YEGM taraf\u0131ndan yay\u0131nlanan \u201c<a style=\"color: #1e73be;\" href=\"http:\/\/www.eie.gov.tr\/duyurular_haberler\/document\/Turkiye_Ulusal_Yenilenebilir_Enerji_Eylem_Plani.PDF\" target=\"_blank\" rel=\"nofollow\">T\u00fcrkiye Yenilenebilir Enerji Ulusal Eylem Plan\u0131<\/a>\u201d 2023 i\u00e7in %30 yenilenebilir \u00f6n g\u00f6r\u00fcyor. Bu hedefte g\u00fcne\u015f i\u00e7in \u00f6n g\u00f6r\u00fclen kapasite 3.000MW\u2019d\u0131r. Teda\u015f GES Proje M\u00fcd\u00fcr\u00a0<a style=\"color: #1e73be;\" href=\"https:\/\/www.youtube.com\/watch?v=zB7KdMYJZQA\" target=\"_blank\">Bilal \u015eim\u015fek Bey\u2019in ge\u00e7ti\u011fimiz g\u00fcnlerde Rensef fuar\u0131nda a\u00e7\u0131klad\u0131\u011f\u0131 rakamlara<\/a>\u00a0bakarsak bu yaz\u0131n\u0131n yaz\u0131ld\u0131\u011f\u0131 2015 y\u0131l\u0131 sonu itibariyle Teda\u015f\u2019a 3000MW g\u00fcc\u00fcnde proje onay i\u00e7in ba\u015fvurmu\u015f; bu ba\u015fvurunun 1500MW\u2019\u0131 proje onay\u0131ndan ge\u00e7mi\u015f. 250MW kadar\u0131 ise sahada kurulmu\u015f durumda. Benzer bir h\u0131z ile gidersek e\u011fer 2023 y\u0131l\u0131nda 3000MW kurulu g\u00fcc\u00fcn \u00e7ok daha \u00fczerinde olaca\u011f\u0131m\u0131za kesin g\u00f6z\u00fcyle bak\u0131yorum.<\/p>\n<p style=\"color: #0a0a0a;\">Bu 3000MW\u2019a ek olarak 600MW Lisansl\u0131 kapasite tahsis edilmi\u015f durumda ve bakanl\u0131\u011f\u0131n Karaman\u2019da, Ni\u011fde\u2019de ve Van\u2019da toplam 6000MW\u2019a yak\u0131n\u00a0GES sahas\u0131 arazisi de tahsis etmesi de\u00a0g\u00fcncel konular i\u00e7erisinde.<\/p>\n<p style=\"color: #0a0a0a;\">Solart\u00fcrk Genel M\u00fcd\u00fcr Osman \u00d6zberk Bey ile ge\u00e7enlerde yapt\u0131\u011f\u0131m bir konu\u015fmada \u00e7ok ba\u015far\u0131l\u0131 bir yakla\u015f\u0131mdan bahsetti. T\u00fcrkiyede ki t\u00fcm \u00fcreticilerin tek bir marka alt\u0131nda birle\u015fip maliyetlerini d\u00fc\u015f\u00fcrmesi ve daha y\u00fcksek bir \u00fcretim kapasitesine sahip olmas\u0131. Konsolidasyon Solar sekt\u00f6r\u00fcnde s\u0131kl\u0131kla g\u00f6rd\u00fc\u011f\u00fcm\u00fcz bir durum. T\u00fcrkiyedeki t\u00fcm \u00fcreticilerin tek bir \u00e7at\u0131 alt\u0131nda toplanarak hareket etmesi onlar\u0131 \u00e7ok daha iyi rekabet edebilir hale getirecektir tabi s\u00f6ylemesi kolay olan bu durumun uygulanmas\u0131 ne kadar kolayd\u0131r bilinmez. T\u00fcrkiye\u2019de serbest b\u00f6lgede kurulmu\u015f CSUN harici yakla\u015f\u0131k 615MWp\/Y\u0131l \u00fcretim kapasitesi var. CSUN\u2019\u0131n da bildi\u011fim kadar\u0131yla yurt i\u00e7ine \u00fcr\u00fcn sokmak ile ilgili %30 gibi bir kotas\u0131 var. Bu \u00fcreticilerin ne kadar\u0131 aktif, ne kadar\u0131 verimli bir \u015fekilde fabrikalar\u0131n\u0131 \u00e7al\u0131\u015ft\u0131r\u0131yorlar bilmiyorum ama \u00f6n\u00fcm\u00fczdeki g\u00fcnlerde g\u00f6rece\u011fiz.<\/p>\n<p style=\"color: #0a0a0a;\">Ayr\u0131ca her \u00fcretim tesisinin %100 verim ile ve \u00e7ok sa\u011fl\u0131kl\u0131 \u00e7al\u0131\u015faca\u011f\u0131n\u0131 d\u00fc\u015f\u00fcnmek hatal\u0131 olur. 2010-2012 y\u0131llar\u0131 aras\u0131nda \u00fcretim hatt\u0131n\u0131 izlemem ka\u011f\u0131t \u00fczerinde g\u00fczel g\u00f6z\u00fcken \u015feylerin ger\u00e7ekte \u00f6yle olmad\u0131\u011f\u0131n\u0131 g\u00f6sterdi. Bu konuya ilaveten yukar\u0131daki kapasitelerde h\u00fccre tedarik edilmesi nispeten zordur. H\u00fccre tedarik\u00e7ilerinin sat\u0131\u015f kuyru\u011funu GW mertebesinde \u00fcretimi olan oyuncular genelde doldurmaktad\u0131rlar.<\/p>\n<p style=\"color: #0a0a0a;\">Anti-dumping\u2019in gelmesi ile beraber yerli \u00fcretim ve yerli \u00fcretici say\u0131s\u0131nda bir patlama ya\u015fanacakt\u0131r ve bu konuda belirleyici fakt\u00f6r T\u00fcrkiye\u2019de ki \u201cLaminat\u00f6r\u201d say\u0131s\u0131 olacakt\u0131r.<\/p>\n<p style=\"color: #0a0a0a;\">Belki yerli laminat\u00f6r de \u00fcretmeliyiz ?<\/p>\n<h2 style=\"font-weight: 400; color: #111111;\"><strong>Yerli \u00fcretimin maliyetlere yans\u0131t\u0131lmas\u0131<\/strong><\/h2>\n<p style=\"color: #0a0a0a;\">G\u00fcn\u00fcm\u00fcz ko\u015fullar\u0131nda yerli te\u015fvi\u011fin maliyetlere yans\u0131t\u0131lmas\u0131na bakal\u0131m<\/p>\n<p style=\"color: #0a0a0a;\">Yukar\u0131daki \u00e7al\u0131\u015fma benim daha \u00f6nce\u00a0<a style=\"color: #1e73be;\" href=\"http:\/\/orcun.baslak.com\/fotovoltaik-enerji-tesislerinde-yerli-tesvik\/\" target=\"_blank\" rel=\"nofollow\">Yerli Te\u015fvi\u011fin GES Yat\u0131r\u0131m Maliyetlerine Olan Etkisi<\/a>\u00a0konulu yaz\u0131mda incelenmi\u015fti. Ayn\u0131 \u00e7al\u0131\u015fmay\u0131 g\u00fcn\u00fcm\u00fcz EURUSD paritesine g\u00f6re g\u00fcncelledi\u011fimizde Mod\u00fcl te\u015fvi\u011finin maliyete \u20ac0,10\/Wp olarak yans\u0131d\u0131\u011f\u0131n\u0131 g\u00f6ryoruz. \u0130lk defa yerli \u00fcr\u00fcn te\u015fvi\u011fi alan Ekinler Eurosol ise bu te\u015fvi\u011fin 55%\u2019inden 18 Kas\u0131m itibariyle yararlanabildi. Bu gelirin maliyete etkisi ise \u20ac0,05\/Wp. Te\u015fvik alamad\u0131klar\u0131 k\u0131s\u0131m ise EVA ve Tedlar folye.<\/p>\n<p style=\"color: #0a0a0a;\">Yerli \u00fcretici e\u011fer te\u015fvik mekanizmas\u0131 sa\u011fl\u0131kl\u0131 bir \u015fekilde i\u015flerse yabanc\u0131 \u00fcreticiden yakla\u015f\u0131k\u00a0<strong>\u20ac0,10\/Wp<\/strong>\u00a0\u00f6nde ba\u015fl\u0131yor. Bu yabanc\u0131 firmalardan\u00a0<strong>%20 daha pahal\u0131ya<\/strong>\u00a0mal satabilir demek. Bu te\u015fvik mekanizmas\u0131n\u0131n sa\u011fl\u0131kl\u0131 i\u015fletilmesi yat\u0131r\u0131mc\u0131y\u0131 yerliye y\u00f6neltecek do\u011fru ad\u0131md\u0131r.<\/p>\n<h2 style=\"font-weight: 400; color: #111111;\"><strong>Yerli \u00dcretim ve Riskler<\/strong><\/h2>\n<p style=\"color: #0a0a0a;\">\u201cHangi panel firmas\u0131ndan alay\u0131m ?\u201d<\/p>\n<p style=\"color: #0a0a0a;\">Bu soru g\u00fcndelik ya\u015famda bulundu\u011fum pozisyondan \u00f6t\u00fcr\u00fc \u00e7ok kar\u015f\u0131la\u015ft\u0131\u011f\u0131m bir soru. Bu sorunun net bir cevab\u0131 da yok ve\u00a0eldeki riskleri nas\u0131l mitige etti\u011finize ba\u011fl\u0131 olarak de\u011fi\u015fir. Panel \u00fcretimindeki ba\u015fl\u0131ca risklerden bahsetmek istiyorum \u00e7\u00fcnk\u00fc yabanc\u0131 firmalara anti-dumping uygulasak da, yerli \u00fcreticiden de alsak da bu riskler hep ge\u00e7erli.<\/p>\n<p>1- EVA Riski: EVA dedi\u011fimiz panelin i\u00e7inde eriyerek yap\u0131\u015ft\u0131r\u0131c\u0131 g\u00f6revi g\u00f6ren malzeme asl\u0131nda panelin en kritik malzemelerinden. Bu kimyasal kaliteli de olabilir kalitesiz de ve bunu bakarak veya test ederek anlaman\u0131n bir yolu yok. EVA ile ilgili problemler genelde 5 y\u0131l sonra kendini g\u00f6sterir. Bir \u00fcretici her panelde ayn\u0131 EVA\u2019y\u0131 kullanmayabilir ve bunu \u201ckimse\u201d anlayamaz. Burada \u00fcreticinin insiyatifine kalm\u0131\u015f durumdas\u0131n\u0131z. Bu riski mitige etmenin en kolay yolu ucuz ve \u00e7ok panel satarak ayakta kalmaktan ziyade duru\u015funu bozmay\u0131p 5 sene sonra ayakta kalaca\u011f\u0131na inand\u0131\u011f\u0131n\u0131z bir firma olmal\u0131.<br \/>\n2- H\u00fccreler: T\u00fcrkiye\u2019de sadece CSUN h\u00fccre \u00fcretimi yapabilecek teknolojiye sahip. Bildi\u011fim kadar\u0131yla aktif olarak i\u015fleyen kurulu bir h\u00fccre \u00fcreticisi T\u00fcrk firma yok. H\u00fccre verimlili\u011fi d\u00fczenli olarak artarken ve teknolojik olarak ilerlenirken T\u00fcrkiye\u2019de ki t\u00fcketici hacmi i\u00e7in bu kadar b\u00fcy\u00fck yat\u0131r\u0131m\u0131 kim yapar ve yapmaya devam ederek fabrikas\u0131n\u0131 g\u00fcncel tutar bilinmez. Ayr\u0131ca sadece panel lamine eden \u00fcreticiler her \u00fcretim i\u00e7in ayn\u0131 tedarik\u00e7iden mal almak zorunda de\u011filler. Bir parti malda \u00e7ok kaliteli h\u00fccre kullanan \u00fcretici ba\u015fka bir partide ucuz bir \u00e7inli h\u00fccreyi de kullanabilir. Bu durumu uzmanlar h\u00fccrelere bakarak anlayabilir lakin 1 MW\u2019da yakla\u015f\u0131k 4000 adet panel oldu\u011funu d\u00fc\u015f\u00fcnecek olursak bu olduk\u00e7a zor.<br \/>\n3- Backsheet (Tedlar Folye): Bu \u00fcr\u00fcn de belirli ortam ko\u015fullar\u0131na dayanabilir olmal\u0131. Bu \u00fcr\u00fcn panelden panele farkl\u0131 kullan\u0131ld\u0131\u011f\u0131nda genelde kolayca fark edilebilir ama \u00fcreticinin t\u00fcm \u00fcr\u00fcnleri yine k\u00f6t\u00fc olabilir.<\/p>\n<p style=\"color: #0a0a0a;\">Bu riskler kar\u015f\u0131s\u0131nda benim g\u00f6rebildi\u011fim kadar\u0131yla iki adet duru\u015f mevcut<\/p>\n<p><strong>1- Bu firma benimle beraber s\u00fcrs\u00fcn:<\/strong>\u00a0Paneli tedarik edece\u011finiz firma sizinle beraber ayakta kalabilmeli. Bu yakla\u015f\u0131mda fiyat ikinci planda kal\u0131yor. Tedarik edece\u011finiz firman\u0131n \u00fcretim hacmine, finansal durumuna bakman\u0131z gerekiyor. Firman\u0131n ba\u015fka sanayi dallar\u0131nda da yat\u0131r\u0131m\u0131 olmas\u0131 kesinlikle olumlu. En ucuz paneli bu yolla tedarik edemezsiniz ama \u00e7ok b\u00fcy\u00fck bir problem ile kar\u015f\u0131la\u015ft\u0131\u011f\u0131n\u0131zda firma bu riskleri sizinle \u00fcstlenecektir.<br \/>\n<strong>2- En ucuz panel olsun, bozulunca de\u011fi\u015ftiririm:<\/strong>\u00a0Bu da farkl\u0131 bir yakla\u015f\u0131m. Yenileme maliyetinin \u00e7ok ucuz oldu\u011fu, santrallerde t\u00fcm panellerin bir anda degrade olmad\u0131\u011f\u0131 durumlarda ge\u00e7erli bir mant\u0131k. Kendisini 5-7 y\u0131lda kurtarabilen bir proje i\u00e7in panellerin 5 y\u0131l g\u00f6t\u00fcrmesi sonra daha d\u00fc\u015f\u00fck maliyetle daha verimli paneller tak\u0131lmas\u0131n\u0131 i\u00e7erir (bir nevi yenileme). Uzun vadeli RoI\u2019larda d\u00fc\u015f\u00fc\u015f\u2019e yol a\u00e7abilir de a\u00e7mayabilir de. Bu yakla\u015f\u0131m risk\u2019e olan bak\u0131\u015f\u0131 daha farkl\u0131 olan yat\u0131r\u0131mc\u0131lara g\u00f6re (veya ger\u00e7ek fiyat avantaj\u0131 yakalayabilen b\u00fcy\u00fck yat\u0131r\u0131mc\u0131lara g\u00f6re). Lakin \u015funu da unutmamak gerekir; h\u00fccre hammadde maliyetinin y\u00fcksekli\u011fi ve \u00fcretim bantlar\u0131n\u0131n b\u00fcy\u00fck \u00fcreticileri taraf\u0131ndan kapat\u0131lmas\u0131 sonucunda karaborsa kalitesiz h\u00fccrelerde de \u00e7ok fiyat fark\u0131 olmamakta dolay\u0131s\u0131yla panellerde \u00e7ok ucuz olmamakta.<\/p>\n<h2 style=\"font-weight: 400; color: #111111;\"><strong>Peki Anti-Dumping ?<\/strong><\/h2>\n<p style=\"color: #0a0a0a;\">Bu yaz\u0131 yaz\u0131ld\u0131\u011f\u0131 s\u0131rada anti-dumping uygulamas\u0131n\u0131n ba\u015flang\u0131c\u0131 kabul edilebilecek bir uygulama olan G\u00f6zetim Uygulamas\u0131 devreye girdi. Bu uygulamaya g\u00f6re g\u00fcne\u015f panelleri Kg cinsinden olmak suretiyle Kg bedeli 35$ olacak \u015fekilde minimum fiyatlan\u0131yor. A\u015fa\u011f\u0131da ilgili resmi gazete tebli\u011fi.<\/p>\n<p style=\"color: #0a0a0a;\">Bu uygulama ile WP fiyat\u0131 yakla\u015f\u0131k 0.50USDc\/Wp olan 72 h\u00fccreli bir g\u00fcne\u015f paneli (G\u00fcc\u00fc 300W-320W aral\u0131\u011f\u0131nda \u2013 fiyat\u0131 yakla\u015f\u0131k 155$) olan bir \u00fcr\u00fcne (Yakla\u015f\u0131k 26.5Kg bir \u00fcr\u00fcn) 927,5$ (26,5Kg * 35$) \u00fczerinden fiyat bi\u00e7ilerek KDV tahakkuk ettirilmektedir (166$). B\u00f6ylelikle 155$ olan \u00fcr\u00fcn 321$\u2019dan i\u00e7 pazara sunulabilmektedir. Bu uygulama panel fiyat\u0131n\u0131 yakla\u015f\u0131k olarak %107 artt\u0131rm\u0131\u015ft\u0131r.<\/p>\n<p style=\"color: #0a0a0a;\">Bakanl\u0131k ile yapt\u0131\u011f\u0131m g\u00f6r\u00fc\u015fmelerde \u00f6\u011frendi\u011fim verginin Kg \u00fczerinden uygulanmas\u0131n\u0131n sebebi T\u00dc\u0130K verilerinin Kg \u00fczerinden tutulmas\u0131ym\u0131\u015f.<\/p>\n<p style=\"color: #0a0a0a;\">\u00d6ncelikle \u015funu belirteyim; yabanc\u0131 firmalar\u0131n fiyatlar\u0131n\u0131n d\u00fc\u015f\u00fck olmas\u0131n\u0131n sebebi kalitesiz mal de\u011fil \u00f6l\u00e7ek ekonomisidir. Daha b\u00fcy\u00fck bir pazara h\u00fckmettikleri i\u00e7in daha y\u00fckl\u00fc miktarlarda al\u0131m yapmaktalar. PV mod\u00fcl \u00fcretici sekt\u00f6r\u00fcndeki ilk 10 firma t\u00fcm d\u00fcnyadaki sekt\u00f6r\u00fcn %50\u2019sine h\u00fckmediyor. \u00dcretimleri Adam\/Saat \u00fccretleri \u00e7ok d\u00fc\u015f\u00fck \u00fclkelerde yap\u0131yorlar. Sat\u0131n almadaki avantaj ve i\u015f\u00e7ilik maliyetlerinin d\u00fc\u015f\u00fck olmas\u0131 firmalar\u0131 yar\u0131\u015fabilir hale getiriyor. Y\u0131ll\u0131k yakla\u015f\u0131k 55GWp\u2019lik bir pazarda rekabet eden \u00fcreticiler 1GW\u2019l\u0131k T\u00fcrkiye pazar\u0131na (!) \u201cdump\u201d etme ihtiyac\u0131 hissetmeyeceklerdir.<\/p>\n<p style=\"color: #0a0a0a;\">T\u00fcrkiye\u2019de yerli te\u015fvi\u011fe ek olarak anti-dumping ile ivmelendirilmi\u015f bir sekt\u00f6r \u00c7in\u2019de 2013 y\u0131l\u0131nda g\u00f6r\u00fcld\u00fc\u011f\u00fc gibi ileride talebin azalmas\u0131yla resesyone girebilir ve kurulu kapasite \u00fclkeye zarar verebilir.\u00a0<a style=\"color: #1e73be;\" href=\"http:\/\/www.bloomberg.com\/news\/articles\/2014-10-21\/ldk-solar-affiliates-file-for-u-s-bankuptcy-protection\" target=\"_blank\" rel=\"nofollow\">LDK<\/a>\u00a0ve\u00a0<a style=\"color: #1e73be;\" href=\"http:\/\/www.bloomberg.com\/news\/articles\/2015-01-12\/suntech-america-files-for-bankruptcy-owing-at-least-100-million\" target=\"_blank\" rel=\"nofollow\">Suntech<\/a>\u2018in ba\u015fl\u0131ca batma sebebi olan kontrols\u00fcz b\u00fcy\u00fcme T\u00fcrk \u00fcreticilerin de ba\u015f\u0131na gelecektir. Burada arz-talep dengesinin kurulmas\u0131 \u00e7ok \u00f6nem te\u015fkil ediyor. Uzun vadede bu yat\u0131r\u0131m\u0131 yapm\u0131\u015f firmalar\u0131n temerr\u00fcde d\u00fc\u015ft\u00fcklerini g\u00f6rmek istemeyiz. Yerli \u00fcreticiler panelleri i\u00e7in yerli te\u015fvik belgesini al\u0131p \u201cger\u00e7ekten\u201d \u00f6denir te\u015fvikli paneller \u00fcreterek i\u015fe ba\u015flayabilirler. \u00dcrettikleri \u00fcr\u00fcn\u00fcn arkas\u0131nda duran ve g\u00fc\u00e7l\u00fc olan firmalar 0,10\u20ac\/Wp\u2019lik fiyat fark\u0131yla (Bu fark yabanc\u0131 \u00fcreticiden\u00a0<strong>%20 daha pahal\u0131ya<\/strong>\u00a0sat\u0131labilir demek) gayet rekabet\u00e7i olabilirler. Yat\u0131r\u0131mc\u0131ya LCOE analizleri ve yukar\u0131da Ekinler Eurosol\u2019e ait \u00f6rne\u011fini payla\u015ft\u0131\u011f\u0131m yerli te\u015fvik onay\u0131 ile gitmeleri yeterli olacakt\u0131r.<\/p>\n<p style=\"color: #0a0a0a;\">Anti-dumping\u2019in olu\u015fturdu\u011fu %107\u2019lik fark\u0131n hepsini olmasa da bir k\u0131sm\u0131n\u0131 yerli \u00fcreticiler kullanmak isteyecektir. Bu da GES kurulum maliyetlerini makul seviyelerden yukar\u0131ya ta\u015f\u0131yacakt\u0131r.<\/p>\n<p style=\"color: #0a0a0a;\">Anti-dumping uygulamas\u0131 yerine devletin kamusal yat\u0131r\u0131mlar\u0131nda veya Konya Karap\u0131nar gibi baz\u0131 kilit yat\u0131r\u0131m noktalar\u0131nda yerli \u00fcr\u00fcn talep etmesinin daha uygun olaca\u011f\u0131n\u0131 d\u00fc\u015f\u00fcn\u00fcyorum. Ayr\u0131ca yerli \u00fcreticiyi te\u015fvik etmek ve kar marjlar\u0131n\u0131 artt\u0131rmak i\u00e7in yurt d\u0131\u015f\u0131ndan al\u0131nan h\u00fccreden KKDF, KDV ve G\u00fcmr\u00fck Vergisi almayabilir. K\u0131sa vadede \u00fcretim tesisi sahiplerinin cebini doldurmaya y\u00f6nelik uygulamalar\u00a0enerjide \u00e7e\u015fitlili\u011fe ve arz g\u00fcvenli\u011fine olumsuz etkileyecektir.<\/p>\n<p style=\"color: #0a0a0a;\">Bu tebli\u011fin devreye girmesi ile birlikte (Ge\u00e7ti\u011fimiz 2 g\u00fcn i\u00e7erisinde) g\u00fcmr\u00fckte 30 g\u00fcn baraj\u0131na tak\u0131lmayan panellerin fiyatlar\u0131 yabanc\u0131 firmalar taraf\u0131ndan hemen %20 oran\u0131nda y\u00fckseltildi. Batan geminin mallar\u0131 gibi; bir daha uzun s\u00fcre T\u00fcrkiye\u2019ye mal sokamayacaklar\u0131n\u0131 bildikleri i\u00e7in eldeki mallar k\u0131ymete biniyor tabi.<\/p>\n<p style=\"color: #0a0a0a;\">Bu uygulama y\u00fcr\u00fcrl\u00fckte kald\u0131\u011f\u0131 s\u00fcrece T\u00fcrkiye enerji a\u00e7\u0131\u011f\u0131n\u0131 yine do\u011falgaz alarak kapatmaya \u00e7al\u0131\u015facakt\u0131r. Yerli \u00fcretim paneller de yeterince \u00fcretilemeyecektir. Uzun vadede kaybeden T\u00fcrkiye olacakt\u0131r. Bence T\u00fcrkiye\u2019nin \u00f6ncelikle \u201ctar\u0131m\u201d potansiyelini y\u00fckseltici \u00f6nlemler almas\u0131 gerekmektedir; enerji piyasas\u0131n\u0131 limitleyici de\u011fil.<\/p>\n<h2 style=\"font-weight: 400; color: #111111;\"><strong>\u00d6zetlersek;<\/strong><\/h2>\n<p>1- T\u00fcrkiye\u2019de enerjide d\u0131\u015fa ba\u011fl\u0131l\u0131\u011f\u0131n azalt\u0131lmas\u0131 ana hedefimizdir. Bu hedefimizden bizi \u015fa\u015f\u0131rtacak her eylem \u00fclkeye zarar verecektir.<br \/>\n2- Bizim as\u0131l ihtiyac\u0131m\u0131z \u201cKatma De\u011ferli\u201d mal \u00fcretimidir. Laminasyon tesisi kurmakta herhangi bir katma de\u011fer yoktur.<br \/>\n3- Varolan te\u015fvik mekanizmas\u0131 yerli \u00fcreticilere hali haz\u0131rda rekabet edecekler yeterli (0,10\u20ac\/Wp \u2013 %20 fiyat fark\u0131) bir alan sunmaktad\u0131r.<br \/>\n4- Yerli panel \u00fcreticisini yurt d\u0131\u015f\u0131ndan h\u00fccre, EVA, tedlar tedarik ederken KDV, G\u00fcmr\u00fck Vergisi, KKDF gibi giderlerden muaf tutmak gereklidir.<br \/>\n5- Yerli \u00fcreticiler \u00f6ncelikle YEGM\u2019den te\u015fvik belgelerini almal\u0131 ve en az\u0131ndan 1MW kendilerine kurarak bu te\u015fvi\u011fin \u00e7al\u0131\u015ft\u0131\u011f\u0131n\u0131 ve panellerin sa\u011flam oldu\u011funu ispatlamal\u0131d\u0131rlar.<br \/>\n6- Herhangi bir anti-dumping uygulamas\u0131 T\u00fcrkiye\u2019de GES sekt\u00f6r\u00fcn\u00fcn b\u00fcy\u00fcmesinin \u00f6n\u00fcne ge\u00e7ecektir. \u0130htiyac\u0131m\u0131z olan son \u015fey h\u0131zla b\u00fcy\u00fcyen yenilenebilir enerji sekt\u00f6r\u00fcn\u00fc\u00a0daraltmakt\u0131r.<br \/>\n7- Yine de bir anti-dumping uygulamas\u0131 gelirse bu ak\u0131llara GES lisans katk\u0131 paylar\u0131ndan sonra \u201cAcaba devlet yeni bir kendini finanse etme modeli ile mi kar\u015f\u0131m\u0131za \u00e7\u0131k\u0131yor ?\u201d sorusunu getirecektir.<\/p>\n<p style=\"color: #0a0a0a;\">Yazan: Or\u00e7un Ba\u015flak<\/p>\n<p style=\"color: #0a0a0a;\">Kaynak: B\u00fcltenler<\/p>\n<p><\/p>","protected":false},"excerpt":{"rendered":"<p>Sorry, this entry is only available in Turkish. For the sake of viewer convenience, the content is shown below in the alternative language. You may click the link to switch the active language. Bir fikir olarak yerli \u00fcretim&#8230; Bir \u00fcr\u00fcn\u00fcn bir \u00fclke topraklar\u0131nda; o topraklar\u0131n sahibi halk taraf\u0131ndan \u00fcretilmesi kadar g\u00fczel bir\u015fey elbette yoktur. Uzun [&hellip;]<\/p>\n","protected":false},"author":1,"featured_media":46991,"comment_status":"open","ping_status":"open","sticky":false,"template":"","format":"standard","meta":[],"categories":[53,49],"tags":[27032,63,67,1009,2698,165,9615,227,13,11263,5392,23133,142,27033,22975,4269,1331,1802,27034],"views":1411,"_links":{"self":[{"href":"https:\/\/www.enerjigazetesi.ist\/en\/wp-json\/wp\/v2\/posts\/46990"}],"collection":[{"href":"https:\/\/www.enerjigazetesi.ist\/en\/wp-json\/wp\/v2\/posts"}],"about":[{"href":"https:\/\/www.enerjigazetesi.ist\/en\/wp-json\/wp\/v2\/types\/post"}],"author":[{"embeddable":true,"href":"https:\/\/www.enerjigazetesi.ist\/en\/wp-json\/wp\/v2\/users\/1"}],"replies":[{"embeddable":true,"href":"https:\/\/www.enerjigazetesi.ist\/en\/wp-json\/wp\/v2\/comments?post=46990"}],"version-history":[{"count":4,"href":"https:\/\/www.enerjigazetesi.ist\/en\/wp-json\/wp\/v2\/posts\/46990\/revisions"}],"predecessor-version":[{"id":46995,"href":"https:\/\/www.enerjigazetesi.ist\/en\/wp-json\/wp\/v2\/posts\/46990\/revisions\/46995"}],"wp:featuredmedia":[{"embeddable":true,"href":"https:\/\/www.enerjigazetesi.ist\/en\/wp-json\/wp\/v2\/media\/46991"}],"wp:attachment":[{"href":"https:\/\/www.enerjigazetesi.ist\/en\/wp-json\/wp\/v2\/media?parent=46990"}],"wp:term":[{"taxonomy":"category","embeddable":true,"href":"https:\/\/www.enerjigazetesi.ist\/en\/wp-json\/wp\/v2\/categories?post=46990"},{"taxonomy":"post_tag","embeddable":true,"href":"https:\/\/www.enerjigazetesi.ist\/en\/wp-json\/wp\/v2\/tags?post=46990"}],"curies":[{"name":"wp","href":"https:\/\/api.w.org\/{rel}","templated":true}]}}