{"id":46951,"date":"2015-11-22T20:09:01","date_gmt":"2015-11-22T17:09:01","guid":{"rendered":"https:\/\/www.enerjigazetesi.ist\/?p=46951"},"modified":"2015-11-22T20:09:42","modified_gmt":"2015-11-22T17:09:42","slug":"abdnin-kilit-ismi-isidin-petrol-muslugunun-nasil-kesilecegini-anlatti","status":"publish","type":"post","link":"https:\/\/www.enerjigazetesi.ist\/en\/abdnin-kilit-ismi-isidin-petrol-muslugunun-nasil-kesilecegini-anlatti\/","title":{"rendered":"(Turkish) ABD\u2019nin Kilit \u0130smi I\u015e\u0130D\u2019in Petrol Muslu\u011funun Nas\u0131l Kesilece\u011fini Anlatt\u0131&#8230;"},"content":{"rendered":"<p class=\"qtranxs-available-languages-message qtranxs-available-languages-message-en\">Sorry, this entry is only available in <a href=\"https:\/\/www.enerjigazetesi.ist\/tr\/wp-json\/wp\/v2\/posts\/46951\" class=\"qtranxs-available-language-link qtranxs-available-language-link-tr\" title=\"Turkish\">Turkish<\/a>. For the sake of viewer convenience, the content is shown below in the alternative language. You may click the link to switch the active language.<\/p><p><\/p>\n<div class=\"news-detail-spot\">\n<h2 class=\"selectionShareable\">ABD D\u0131\u015fi\u015fleri Bakanl\u0131\u011f\u0131 Uluslararas\u0131 Enerji \u0130li\u015fkileri \u00d6zel Temsilcisi Amos Hochstein, I\u015e\u0130D\u2019in petrol gelirini kesme planlar\u0131n\u0131<a href=\"https:\/\/www.enerjigazetesi.ist\/wp-content\/uploads\/2015\/11\/abdnin-kilit-ismi-isidin-petrol-muslugunun-nasil-kesilecegini-anlatti.jpg\"><img loading=\"lazy\" class=\"alignright size-medium wp-image-46952\" src=\"https:\/\/www.enerjigazetesi.ist\/wp-content\/uploads\/2015\/11\/abdnin-kilit-ismi-isidin-petrol-muslugunun-nasil-kesilecegini-anlatti-300x169.jpg\" alt=\"abdnin-kilit-ismi-isidin-petrol-muslugunun-nasil-kesilecegini-anlatti\" width=\"300\" height=\"169\" srcset=\"https:\/\/www.enerjigazetesi.ist\/wp-content\/uploads\/2015\/11\/abdnin-kilit-ismi-isidin-petrol-muslugunun-nasil-kesilecegini-anlatti-300x169.jpg 300w, https:\/\/www.enerjigazetesi.ist\/wp-content\/uploads\/2015\/11\/abdnin-kilit-ismi-isidin-petrol-muslugunun-nasil-kesilecegini-anlatti-500x282.jpg 500w, https:\/\/www.enerjigazetesi.ist\/wp-content\/uploads\/2015\/11\/abdnin-kilit-ismi-isidin-petrol-muslugunun-nasil-kesilecegini-anlatti-80x45.jpg 80w, https:\/\/www.enerjigazetesi.ist\/wp-content\/uploads\/2015\/11\/abdnin-kilit-ismi-isidin-petrol-muslugunun-nasil-kesilecegini-anlatti.jpg 620w\" sizes=\"(max-width: 300px) 100vw, 300px\" \/><\/a>\u00a0anlatt\u0131. Hochstein, \u201cBirka\u00e7 tane petrol sahas\u0131na sald\u0131r\u0131p, kendimizi iyi hissetmek istemiyoruz. Enerji altyap\u0131lar\u0131n\u0131 hedef al\u0131yoruz. B\u00f6ylece sadece gelirlerini de\u011fil h\u00fckmetme kabiliyetlerini de bozaca\u011f\u0131z\u201d dedi.<\/h2>\n<\/div>\n<div class=\"news-box\">\n<p class=\"selectionShareable\">ABD \u00f6nc\u00fcl\u00fc\u011f\u00fcndeki koalisyon g\u00fc\u00e7lerinin, Suriye\u2019de I\u015e\u0130D kontrol\u00fcndeki petrol sahalar\u0131na y\u00f6nelik hava sald\u0131r\u0131lar\u0131 \u015fiddetlenirken, Amerikan enerji diplomasisinin kilit ismi Amos Hochstein ile bir araya geldik.<\/p>\n<p class=\"selectionShareable\">\u0130stanbul\u2019da d\u00fczenlenen 7. Atlantik Konseyi Enerji ve Ekonomi Zirvesi\u2019nde bir araya geldi\u011fimiz ABD D\u0131\u015fi\u015fleri Bakanl\u0131\u011f\u0131 Uluslararas\u0131 Enerji \u0130li\u015fkileri \u00d6zel Temsilcisi Hochstein, I\u015e\u0130D\u2019e y\u00f6nelik stratejilerinin Paris sald\u0131r\u0131lar\u0131ndan daha da \u00f6nce de\u011fi\u015fmeye ba\u015flad\u0131\u011f\u0131n\u0131 s\u00f6yleyerek, bunu hava sald\u0131r\u0131lar\u0131nda da g\u00f6rmenin m\u00fcmk\u00fcn oldu\u011funu vurgulad\u0131.<\/p>\n<p class=\"selectionShareable\"><span style=\"color: #000000;\"><strong>I\u015e\u0130D NERELER\u0130 KONTROL ED\u0130YOR?<\/strong><\/span><\/p>\n<p class=\"selectionShareable\"><img loading=\"lazy\" class=\"aligncenter\" src=\"http:\/\/i.hurimg.com\/i\/hurriyet\/75\/770x0\/564e523367b0a951387f17bd\" alt=\"\" width=\"509\" height=\"360\" \/><\/p>\n<p class=\"selectionShareable\"><strong>KA\u00c7AK PETROL A\u011eI \u0130\u00c7\u0130N\u00a0T\u00dcRK\u0130YE\u2019YLE TEMASTAYIZ<\/strong><\/p>\n<p class=\"selectionShareable\">I\u015e\u0130D\u2019in s\u0131n\u0131r \u00f6tesi petrol ka\u00e7ak\u00e7\u0131l\u0131\u011f\u0131 konusunda ise Hochstein, \u201cTabii ki gelirin b\u00fcy\u00fck \u00e7o\u011funlu\u011funu Suriye\u2019de elde ediyor. Fakat bir k\u0131sm\u0131 da s\u0131n\u0131r \u00f6tesinden geliyor. T\u00fcrkiye\u2019deki meslekta\u015flar\u0131m ve buradaki yetkililerle temas halindeyiz. Bilgi payla\u015f\u0131yoruz. Sorunu gidermeye y\u00f6nelik T\u00fcrkiye\u2019nin iyi \u00e7abalar\u0131 oldu. \u015eu an birka\u00e7 ay \u00f6ncesine g\u00f6re durum \u00e7ok daha iyi, bu da ABD ve T\u00fcrkiye\u2019nin birlikte \u00e7al\u0131\u015fma \u00e7abalar\u0131ndan kaynaklan\u0131yor. Bu K\u00fcrt b\u00f6lgesindeki meslekta\u015flar\u0131m ve Irak h\u00fck\u00fcmeti i\u00e7in de ge\u00e7erli. Bunu her a\u00e7\u0131dan durdurmak i\u00e7in birlikte hareket ediyoruz. I\u015e\u0130D\u2019in enerji gelirleri ile m\u00fccadele etmek, operasyonun t\u00fcm halkalar\u0131na bakmak demek; petrol\u00fcn toprakta \u00fcretilmesinden, i\u015flemesine, kamyonlara y\u00fcklenmesinden, \u00fclke i\u00e7inde ve s\u0131n\u0131r \u00f6tesine da\u011f\u0131t\u0131m\u0131na kadar. Hepsini hedef almazsan birini hedef alamazs\u0131n. Bu etkili olman\u0131n tek yolu. Bunu da hem \u00fclke olarak, hem bu m\u00fccadeledeki m\u00fcttefiklerimizle birlikte yap\u0131yoruz. Frans\u0131zlardan, T\u00fcrkiye\u2019deki dostlar\u0131m\u0131za\u201d diyor.<\/p>\n<p class=\"selectionShareable\"><strong>ABD\u2019DE 4 B\u0130N\u00a0\u00dcRET\u0130C\u0130 VAR<\/strong><\/p>\n<p class=\"selectionShareable\">D\u00dc\u015e\u00dcK petrol fiyatlar\u0131 ve ABD kaya gaz\u0131 ve petrol \u00fcretimine etkilerine y\u00f6nelik ise Hochstein, \u015funu s\u00f6yl\u00fcyor: \u201cBu kadar uzun s\u00fcren d\u00fc\u015f\u00fck petrol fiyatlar\u0131 ortam\u0131nda ABD \u00fcretimi insanlar\u0131n bekledi\u011finden \u00e7ok daha dayan\u0131kl\u0131 \u00e7\u0131kt\u0131. Ger\u00e7ekten serbestle\u015fmi\u015f bir piyasaya sahip oldu\u011funuzda, Amerika\u2019da oldu\u011fu gibi, yani birka\u00e7 de\u011fil, 4 binin \u00fczerinde \u00fcretici faaliyet g\u00f6sterdi\u011finde, bu da maliyeti d\u00fc\u015f\u00fcrerek, verimlili\u011fi art\u0131r\u0131yor, bu da t\u00fcm operasyonu daha etkin hale getiriyor. ABD\u2019de kaya gaz\u0131 ve petrol\u00fc \u00fcretim maliyetleri bug\u00fcn bir y\u0131l \u00f6ncesine g\u00f6re daha d\u00fc\u015f\u00fck. \u00c7\u00fcnk\u00fc \u00fcretim ve maliyet d\u00fc\u015f\u00fcrmede verimlilik sa\u011fland\u0131. ABD\u2019de son aylarda \u00fcretimde bir d\u00fc\u015f\u00fc\u015f g\u00f6zlemliyoruz. Petrol fiyatlar\u0131 tekrar y\u00fckseldi\u011finde, ABD \u00fcretimini nispeten h\u0131zl\u0131 ve olduk\u00e7a b\u00fcy\u00fck miktarda tekrar art\u0131rmak m\u00fcmk\u00fcn olacak.\u201d<\/p>\n<p class=\"selectionShareable\">Haberin <a href=\"http:\/\/www.hurriyet.com.tr\/abdnin-kilit-ismi-isidin-petrol-musluklarini-nasil-keseceklerini-anlatti-40016238\" target=\"_blank\">Devam\u0131 \u0130\u00e7in TIKLAYINIZ&gt;&gt;&gt;<\/a><\/p>\n<p class=\"selectionShareable\">Kaynak: H\u00fcrriyet<\/p>\n<\/div>\n<p><\/p>","protected":false},"excerpt":{"rendered":"<p>Sorry, this entry is only available in Turkish. For the sake of viewer convenience, the content is shown below in the alternative language. You may click the link to switch the active language. ABD D\u0131\u015fi\u015fleri Bakanl\u0131\u011f\u0131 Uluslararas\u0131 Enerji \u0130li\u015fkileri \u00d6zel Temsilcisi Amos Hochstein, I\u015e\u0130D\u2019in petrol gelirini kesme planlar\u0131n\u0131\u00a0anlatt\u0131. Hochstein, \u201cBirka\u00e7 tane petrol sahas\u0131na sald\u0131r\u0131p, kendimizi [&hellip;]<\/p>\n","protected":false},"author":1,"featured_media":46952,"comment_status":"open","ping_status":"open","sticky":false,"template":"","format":"standard","meta":[],"categories":[53,44],"tags":[1198,20909,63,67,1009,2698,165,13970,27014,59,79,2388,27013,887,8122],"views":865,"_links":{"self":[{"href":"https:\/\/www.enerjigazetesi.ist\/en\/wp-json\/wp\/v2\/posts\/46951"}],"collection":[{"href":"https:\/\/www.enerjigazetesi.ist\/en\/wp-json\/wp\/v2\/posts"}],"about":[{"href":"https:\/\/www.enerjigazetesi.ist\/en\/wp-json\/wp\/v2\/types\/post"}],"author":[{"embeddable":true,"href":"https:\/\/www.enerjigazetesi.ist\/en\/wp-json\/wp\/v2\/users\/1"}],"replies":[{"embeddable":true,"href":"https:\/\/www.enerjigazetesi.ist\/en\/wp-json\/wp\/v2\/comments?post=46951"}],"version-history":[{"count":2,"href":"https:\/\/www.enerjigazetesi.ist\/en\/wp-json\/wp\/v2\/posts\/46951\/revisions"}],"predecessor-version":[{"id":46954,"href":"https:\/\/www.enerjigazetesi.ist\/en\/wp-json\/wp\/v2\/posts\/46951\/revisions\/46954"}],"wp:featuredmedia":[{"embeddable":true,"href":"https:\/\/www.enerjigazetesi.ist\/en\/wp-json\/wp\/v2\/media\/46952"}],"wp:attachment":[{"href":"https:\/\/www.enerjigazetesi.ist\/en\/wp-json\/wp\/v2\/media?parent=46951"}],"wp:term":[{"taxonomy":"category","embeddable":true,"href":"https:\/\/www.enerjigazetesi.ist\/en\/wp-json\/wp\/v2\/categories?post=46951"},{"taxonomy":"post_tag","embeddable":true,"href":"https:\/\/www.enerjigazetesi.ist\/en\/wp-json\/wp\/v2\/tags?post=46951"}],"curies":[{"name":"wp","href":"https:\/\/api.w.org\/{rel}","templated":true}]}}