{"id":46942,"date":"2015-11-22T17:24:03","date_gmt":"2015-11-22T14:24:03","guid":{"rendered":"https:\/\/www.enerjigazetesi.ist\/?p=46942"},"modified":"2015-11-22T17:24:03","modified_gmt":"2015-11-22T14:24:03","slug":"avrupaya-bir-yuzer-ruzgar-santrali-daha","status":"publish","type":"post","link":"https:\/\/www.enerjigazetesi.ist\/en\/avrupaya-bir-yuzer-ruzgar-santrali-daha\/","title":{"rendered":"(Turkish) Avrupa\u2019ya Bir Y\u00fczer R\u00fczgar Santrali Daha!"},"content":{"rendered":"<p class=\"qtranxs-available-languages-message qtranxs-available-languages-message-en\">Sorry, this entry is only available in <a href=\"https:\/\/www.enerjigazetesi.ist\/tr\/wp-json\/wp\/v2\/posts\/46942\" class=\"qtranxs-available-language-link qtranxs-available-language-link-tr\" title=\"Turkish\">Turkish<\/a>. For the sake of viewer convenience, the content is shown below in the alternative language. You may click the link to switch the active language.<\/p><p><strong>Avrupa`n\u0131n ikinci y\u00fczer r\u00fczgar santrali, Portekiz a\u00e7\u0131klar\u0131nda be\u015f \u015firketin ortakl\u0131\u011f\u0131yla kurulacak.<\/strong><\/p>\n<p>Avrupa <strong>r\u00fczgar enerjisinden elektrik \u00fcretimi<\/strong> konusunda \u00e7al\u0131\u015fmalar\u0131n\u0131 s\u00fcrd\u00fcr\u00fcyor. Bu \u00e7er\u00e7evede <strong>y\u00fczer r\u00fczgar santralleri de<\/strong> <a href=\"https:\/\/www.enerjigazetesi.ist\/wp-content\/uploads\/2015\/11\/avrupaya-bir-yuzer-ruzgar-santrali-daha.jpg\"><img loading=\"lazy\" class=\"alignleft  wp-image-46943\" src=\"https:\/\/www.enerjigazetesi.ist\/wp-content\/uploads\/2015\/11\/avrupaya-bir-yuzer-ruzgar-santrali-daha-300x110.jpg\" alt=\"avrupaya-bir-yuzer-ruzgar-santrali-daha\" width=\"300\" height=\"167\" \/><\/a>devreye girmeye ba\u015flad\u0131.<\/p>\n<p>\u0130spanyol r\u00fczgar enerjisi \u015firketi EDP Renovaveis bir a\u00e7\u0131klama yaparak, Portekiz`in Viana do Castelo sahili a\u00e7\u0131klar\u0131nda 25 megawatt kapasiteli The WindFloat Atlantic (WFA) projesini hayata ge\u00e7ireceklerini bildirdi.<\/p>\n<p>Proje, Norve\u00e7li Statoil \u015firketinin \u0130sko\u00e7ya a\u00e7\u0131klar\u0131nda yapaca\u011f\u0131n\u0131 a\u00e7\u0131klad\u0131\u011f\u0131 30 MW`l\u0131k <strong>y\u00fczer r\u00fczgar santrali projesinden<\/strong> sonraki ikinci Avrupa y\u00fczer RES projesi olma \u00f6zelli\u011fini ta\u015f\u0131yor.<\/p>\n<p>Haberin devam\u0131 i\u00e7in <a href=\"http:\/\/enerjigunlugu.net\/avrupanin-ikinci-yuzer-ruzgar-santrali-kurulacak_16032.html#.Vkst017-m1s\" target=\"_blank\">t\u0131klay\u0131n&gt;&gt;&gt;<\/a><\/p>\n<p>Kaynak: Enerji G\u00fcnl\u00fc\u011f\u00fc<\/p>","protected":false},"excerpt":{"rendered":"<p>Sorry, this entry is only available in Turkish. For the sake of viewer convenience, the content is shown below in the alternative language. You may click the link to switch the active language.Avrupa`n\u0131n ikinci y\u00fczer r\u00fczgar santrali, Portekiz a\u00e7\u0131klar\u0131nda be\u015f \u015firketin ortakl\u0131\u011f\u0131yla kurulacak. Avrupa r\u00fczgar enerjisinden elektrik \u00fcretimi konusunda \u00e7al\u0131\u015fmalar\u0131n\u0131 s\u00fcrd\u00fcr\u00fcyor. Bu \u00e7er\u00e7evede y\u00fczer r\u00fczgar [&hellip;]<\/p>\n","protected":false},"author":1,"featured_media":46943,"comment_status":"open","ping_status":"open","sticky":false,"template":"","format":"standard","meta":[],"categories":[53,50],"tags":[27007,63,67,1009,2698,165,27008,474,69,16,231,23318,312,27009,27010,27006],"views":1262,"_links":{"self":[{"href":"https:\/\/www.enerjigazetesi.ist\/en\/wp-json\/wp\/v2\/posts\/46942"}],"collection":[{"href":"https:\/\/www.enerjigazetesi.ist\/en\/wp-json\/wp\/v2\/posts"}],"about":[{"href":"https:\/\/www.enerjigazetesi.ist\/en\/wp-json\/wp\/v2\/types\/post"}],"author":[{"embeddable":true,"href":"https:\/\/www.enerjigazetesi.ist\/en\/wp-json\/wp\/v2\/users\/1"}],"replies":[{"embeddable":true,"href":"https:\/\/www.enerjigazetesi.ist\/en\/wp-json\/wp\/v2\/comments?post=46942"}],"version-history":[{"count":1,"href":"https:\/\/www.enerjigazetesi.ist\/en\/wp-json\/wp\/v2\/posts\/46942\/revisions"}],"predecessor-version":[{"id":46944,"href":"https:\/\/www.enerjigazetesi.ist\/en\/wp-json\/wp\/v2\/posts\/46942\/revisions\/46944"}],"wp:featuredmedia":[{"embeddable":true,"href":"https:\/\/www.enerjigazetesi.ist\/en\/wp-json\/wp\/v2\/media\/46943"}],"wp:attachment":[{"href":"https:\/\/www.enerjigazetesi.ist\/en\/wp-json\/wp\/v2\/media?parent=46942"}],"wp:term":[{"taxonomy":"category","embeddable":true,"href":"https:\/\/www.enerjigazetesi.ist\/en\/wp-json\/wp\/v2\/categories?post=46942"},{"taxonomy":"post_tag","embeddable":true,"href":"https:\/\/www.enerjigazetesi.ist\/en\/wp-json\/wp\/v2\/tags?post=46942"}],"curies":[{"name":"wp","href":"https:\/\/api.w.org\/{rel}","templated":true}]}}