{"id":46925,"date":"2015-11-22T16:58:38","date_gmt":"2015-11-22T13:58:38","guid":{"rendered":"https:\/\/www.enerjigazetesi.ist\/?p=46925"},"modified":"2015-11-22T16:58:38","modified_gmt":"2015-11-22T13:58:38","slug":"fell-yeni-bir-iklim-stratejisi-yaratilmali","status":"publish","type":"post","link":"https:\/\/www.enerjigazetesi.ist\/en\/fell-yeni-bir-iklim-stratejisi-yaratilmali\/","title":{"rendered":"(Turkish) Fell: Yeni Bir \u0130klim Stratejisi Yarat\u0131lmal\u0131!"},"content":{"rendered":"<p class=\"qtranxs-available-languages-message qtranxs-available-languages-message-en\">Sorry, this entry is only available in <a href=\"https:\/\/www.enerjigazetesi.ist\/tr\/wp-json\/wp\/v2\/posts\/46925\" class=\"qtranxs-available-language-link qtranxs-available-language-link-tr\" title=\"Turkish\">Turkish<\/a>. For the sake of viewer convenience, the content is shown below in the alternative language. You may click the link to switch the active language.<\/p><p><strong>Energy Watch Group Ba\u015fkan\u0131 ve K\u00fcresel %100 Yenilenebilir Enerji Kampanyas\u0131 El\u00e7isiHans Josef Fell, global \u0131s\u0131nman\u0131n a\u011f\u0131r maliyetlerine dikkat \u00e7ekerek yeni bir iklim stratejisi yarat\u0131lmas\u0131 gerekti\u011fini s\u00f6yledi.<\/strong><\/p>\n<p>Elektrik M\u00fchendisleri Odas\u0131 (EMO) \u0130stanbul \u015eubesi taraf\u0131ndan Harbiye Askeri M\u00fcze ve K\u00fclt\u00fcr Merkezi\u2019nde d\u00fczenlenen Elektrik Elektronik M\u00fchendisli\u011fi Kongresi`nde (EEMKON 2015) % 100 Yenilenebilir Enerji M\u00fcmk\u00fcn m<a href=\"https:\/\/www.enerjigazetesi.ist\/wp-content\/uploads\/2015\/11\/fell-yeni-bir-iklim-stratejisi-yaratilmali.jpg\"><img loading=\"lazy\" class=\"alignright size-medium wp-image-46926\" src=\"https:\/\/www.enerjigazetesi.ist\/wp-content\/uploads\/2015\/11\/fell-yeni-bir-iklim-stratejisi-yaratilmali-300x168.jpg\" alt=\"fell-yeni-bir-iklim-stratejisi-yaratilmali\" width=\"300\" height=\"168\" srcset=\"https:\/\/www.enerjigazetesi.ist\/wp-content\/uploads\/2015\/11\/fell-yeni-bir-iklim-stratejisi-yaratilmali-300x168.jpg 300w, https:\/\/www.enerjigazetesi.ist\/wp-content\/uploads\/2015\/11\/fell-yeni-bir-iklim-stratejisi-yaratilmali-80x45.jpg 80w, https:\/\/www.enerjigazetesi.ist\/wp-content\/uploads\/2015\/11\/fell-yeni-bir-iklim-stratejisi-yaratilmali.jpg 448w\" sizes=\"(max-width: 300px) 100vw, 300px\" \/><\/a>\u00fc? oturumunda konu\u015fan Energy Watch Group Ba\u015fkan\u0131, K\u00fcresel %100 Yenilenebilir Enerji Kampanyas\u0131 El\u00e7isiHans Josef Fell, global \u0131s\u0131nman\u0131n a\u011f\u0131r maliyetlerinin kabul edilemez oldu\u011funu belirterek, yeni bir iklim stratejisi yarat\u0131lmas\u0131 gerekti\u011fini s\u00f6yledi.<\/p>\n<p>Fell, m\u00fcltecilik sorununun kayna\u011f\u0131n\u0131n da fosil yak\u0131t kullan\u0131m\u0131ndan kaynaklanan iklim de\u011fi\u015fikli\u011fi ile gelen yoksulluk oldu\u011funu ifade ederek, 330 ppm karbondioksit sal\u0131m\u0131 hedefli bir k\u00fcresel so\u011fuma stratejinin hedeflenmesi gerekti\u011fini ve d\u00fcnyada bu stratejinin m\u00fcmk\u00fcn oldu\u011funu s\u00f6yledi.<\/p>\n<p>Strateji yan\u0131nda politikalara da ihtiya\u00e7 oldu\u011funu ifade eden Fell, &#8220;Global so\u011fuma hareketine ne kadar \u00e7ok insan inan\u0131rsa amac\u0131m\u0131za o kadar h\u0131zl\u0131 ula\u015f\u0131r\u0131z&#8221; dedi.<\/p>\n<p>Haberin <a href=\"http:\/\/enerjigunlugu.net\/fell-yeni-bir-iklim-stratejisi-yaratilmali_16094.html\" target=\"_blank\" rel=\"&quot;nofollow\">Devam\u0131 \u0130\u00e7in TIKLAYINIZ&gt;&gt;&gt;<\/a><\/p>\n<p>Kaynak: Enerji G\u00fcnl\u00fc\u011f\u00fc<\/p>","protected":false},"excerpt":{"rendered":"<p>Sorry, this entry is only available in Turkish. For the sake of viewer convenience, the content is shown below in the alternative language. You may click the link to switch the active language.Energy Watch Group Ba\u015fkan\u0131 ve K\u00fcresel %100 Yenilenebilir Enerji Kampanyas\u0131 El\u00e7isiHans Josef Fell, global \u0131s\u0131nman\u0131n a\u011f\u0131r maliyetlerine dikkat \u00e7ekerek yeni bir iklim stratejisi [&hellip;]<\/p>\n","protected":false},"author":1,"featured_media":46926,"comment_status":"open","ping_status":"open","sticky":false,"template":"","format":"standard","meta":[],"categories":[53],"tags":[26735,63,67,1009,2698,165,1999,26999,27000,1471],"views":640,"_links":{"self":[{"href":"https:\/\/www.enerjigazetesi.ist\/en\/wp-json\/wp\/v2\/posts\/46925"}],"collection":[{"href":"https:\/\/www.enerjigazetesi.ist\/en\/wp-json\/wp\/v2\/posts"}],"about":[{"href":"https:\/\/www.enerjigazetesi.ist\/en\/wp-json\/wp\/v2\/types\/post"}],"author":[{"embeddable":true,"href":"https:\/\/www.enerjigazetesi.ist\/en\/wp-json\/wp\/v2\/users\/1"}],"replies":[{"embeddable":true,"href":"https:\/\/www.enerjigazetesi.ist\/en\/wp-json\/wp\/v2\/comments?post=46925"}],"version-history":[{"count":1,"href":"https:\/\/www.enerjigazetesi.ist\/en\/wp-json\/wp\/v2\/posts\/46925\/revisions"}],"predecessor-version":[{"id":46927,"href":"https:\/\/www.enerjigazetesi.ist\/en\/wp-json\/wp\/v2\/posts\/46925\/revisions\/46927"}],"wp:featuredmedia":[{"embeddable":true,"href":"https:\/\/www.enerjigazetesi.ist\/en\/wp-json\/wp\/v2\/media\/46926"}],"wp:attachment":[{"href":"https:\/\/www.enerjigazetesi.ist\/en\/wp-json\/wp\/v2\/media?parent=46925"}],"wp:term":[{"taxonomy":"category","embeddable":true,"href":"https:\/\/www.enerjigazetesi.ist\/en\/wp-json\/wp\/v2\/categories?post=46925"},{"taxonomy":"post_tag","embeddable":true,"href":"https:\/\/www.enerjigazetesi.ist\/en\/wp-json\/wp\/v2\/tags?post=46925"}],"curies":[{"name":"wp","href":"https:\/\/api.w.org\/{rel}","templated":true}]}}