{"id":46918,"date":"2015-11-21T14:48:57","date_gmt":"2015-11-21T11:48:57","guid":{"rendered":"https:\/\/www.enerjigazetesi.ist\/?p=46918"},"modified":"2015-11-21T14:51:56","modified_gmt":"2015-11-21T11:51:56","slug":"enerji-oncelikle-temel-bir-ihtiyactir","status":"publish","type":"post","link":"https:\/\/www.enerjigazetesi.ist\/en\/enerji-oncelikle-temel-bir-ihtiyactir\/","title":{"rendered":"(Turkish) \u201cEnerji \u00d6ncelikle Temel Bir \u0130htiya\u00e7t\u0131r!\u201d"},"content":{"rendered":"<p class=\"qtranxs-available-languages-message qtranxs-available-languages-message-en\">Sorry, this entry is only available in <a href=\"https:\/\/www.enerjigazetesi.ist\/tr\/wp-json\/wp\/v2\/posts\/46918\" class=\"qtranxs-available-language-link qtranxs-available-language-link-tr\" title=\"Turkish\">Turkish<\/a>. For the sake of viewer convenience, the content is shown below in the alternative language. You may click the link to switch the active language.<\/p><p><\/p>\n<p style=\"color: #666666;\"><strong style=\"font-weight: bold; color: #222222;\"><a href=\"https:\/\/www.enerjigazetesi.ist\/wp-content\/uploads\/2015\/11\/alternatif-enerji-enerji-alternatif-500x500_c.jpg\"><img loading=\"lazy\" class=\"alignright size-medium wp-image-46919\" src=\"https:\/\/www.enerjigazetesi.ist\/wp-content\/uploads\/2015\/11\/alternatif-enerji-enerji-alternatif-500x500_c-300x300.jpg\" alt=\"alternatif-enerji-enerji-alternatif-500x500_c\" width=\"300\" height=\"300\" srcset=\"https:\/\/www.enerjigazetesi.ist\/wp-content\/uploads\/2015\/11\/alternatif-enerji-enerji-alternatif-500x500_c-300x300.jpg 300w, https:\/\/www.enerjigazetesi.ist\/wp-content\/uploads\/2015\/11\/alternatif-enerji-enerji-alternatif-500x500_c-150x150.jpg 150w, https:\/\/www.enerjigazetesi.ist\/wp-content\/uploads\/2015\/11\/alternatif-enerji-enerji-alternatif-500x500_c-400x400.jpg 400w, https:\/\/www.enerjigazetesi.ist\/wp-content\/uploads\/2015\/11\/alternatif-enerji-enerji-alternatif-500x500_c-50x50.jpg 50w, https:\/\/www.enerjigazetesi.ist\/wp-content\/uploads\/2015\/11\/alternatif-enerji-enerji-alternatif-500x500_c.jpg 500w\" sizes=\"(max-width: 300px) 100vw, 300px\" \/><\/a>Mu\u011fla Valisi Amir \u00c7i\u00e7ek, enerji kaynaklar\u0131n\u0131n t\u00fckenmez olmad\u0131\u011f\u0131n\u0131 belirterek, \u201cEnerji \u00f6ncelikle temel bir ihtiya\u00e7t\u0131r. Bireysel ve toplumsal bir ihtiya\u00e7t\u0131r. Ya\u015fam\u0131n s\u00fcrd\u00fcr\u00fclebilmesi i\u00e7in olmazsa olmazlardan biri enerjidir\u201d dedi.<\/strong>enerji ihtiyac\u0131 hemen her platformda dile getiriliyor. Modern toplumlar a\u00e7\u0131s\u0131ndan<strong style=\"font-weight: bold; color: #222222;\">\u00a0enerjinin\u00a0<\/strong>\u00f6nemi giderek artarken, yeni\u00a0<strong style=\"font-weight: bold; color: #222222;\">enerji kaynaklar\u0131n\u0131n<\/strong>\u00a0ara\u015ft\u0131r\u0131kmas\u0131 da s\u00fcr\u00fcyor.<\/p>\n<p style=\"color: #666666;\">www.haber7.com\u2019un haberine g\u00f6re, G\u00fcney Ege Kalk\u0131nma Ajans\u0131 (GEKA) koordinasyonunda Mu\u011fla S\u0131tk\u0131 Ko\u00e7man \u00dcniversitesi, Uluslararas\u0131 G\u00fcne\u015f Enerjisi Toplulu\u011fu ve Mu\u011fla Ticaret ve Sanayi Odas\u0131 taraf\u0131ndan 2. Yenilenebilir Enerji Konferans\u0131 d\u00fczenlendi.<\/p>\n<p style=\"color: #666666;\">Mu\u011fla S\u0131tk\u0131 Ko\u00e7man \u00dcniversitesi Atat\u00fcrk K\u00fclt\u00fcr Merkezi\u2019nde d\u00fczenlenen konferans\u0131n a\u00e7\u0131l\u0131\u015f\u0131nda konu\u015fan \u00c7i\u00e7ek, Mu\u011fla\u2019n\u0131n \u00f6nemli derecede<strong style=\"font-weight: bold; color: #222222;\">yenilenebilir kaynak potansiyeli<\/strong>\u00a0oldu\u011funu ifade etti.<\/p>\n<p style=\"color: #666666;\"><strong style=\"font-weight: bold; color: #222222;\">Enerjinin s\u00fcrd\u00fcr\u00fclebilir<\/strong>\u00a0olmas\u0131 i\u00e7in bunun \u00fczerine kafa yorulmas\u0131 gerekti\u011fini, mevcut kaynaklar\u0131n ara\u015ft\u0131r\u0131lmas\u0131 gerekti\u011fini vurgulayan \u00c7i\u00e7ek, s\u0131n\u0131rl\u0131 durumdaki\u00a0<strong style=\"font-weight: bold; color: #222222;\">enerjinin<\/strong>\u00a0bitmeyenini, alternatifini bulmak gerekti\u011fini s\u00f6yledi.<\/p>\n<p style=\"color: #666666;\">Kentin<strong style=\"font-weight: bold; color: #222222;\">\u00a0g\u00fcne\u015f enerjisi\u00a0<\/strong>yat\u0131r\u0131mlar\u0131na elveri\u015fli oldu\u011funu belirten \u00c7i\u00e7ek, \u201cEnerji \u00f6ncelikle temel bir ihtiya\u00e7t\u0131r. Bireysel ve toplumsal bir ihtiya\u00e7t\u0131r. Ya\u015fam\u0131n s\u00fcrd\u00fcr\u00fclebilmesi i\u00e7in olmazsa olmazlardan biri\u00a0<strong style=\"font-weight: bold; color: #222222;\">enerjidir.<\/strong>\u00a0Ancak\u00a0<strong style=\"font-weight: bold; color: #222222;\">enerji kaynaklar\u0131\u00a0<\/strong>s\u0131n\u0131rs\u0131z de\u011fildir. Turizmi, tar\u0131m\u0131 s\u00fcrd\u00fcr\u00fclebilir yapal\u0131m diyoruz ve onun \u00fczerinde \u00e7al\u0131\u015f\u0131yoruz. Bunun i\u00e7in\u00a0<strong style=\"font-weight: bold; color: #222222;\">enerjinin de\u00a0<\/strong>s\u00fcrd\u00fcr\u00fclebilir olmas\u0131 bunun \u00fczerine kafa yormam\u0131z laz\u0131m\u201d diye konu\u015ftu.<\/p>\n<p style=\"color: #666666;\">Haberin devam\u0131 i\u00e7in<a style=\"color: #fc8d8d;\" href=\"http:\/\/www.haber7.com\/mugla\/1660824-2-yenilenebilir-enerji-konferansi\" target=\"_blank\">\u00a0t\u0131klay\u0131n<\/a><\/p>\n<p><\/p>","protected":false},"excerpt":{"rendered":"<p>Sorry, this entry is only available in Turkish. For the sake of viewer convenience, the content is shown below in the alternative language. You may click the link to switch the active language. Mu\u011fla Valisi Amir \u00c7i\u00e7ek, enerji kaynaklar\u0131n\u0131n t\u00fckenmez olmad\u0131\u011f\u0131n\u0131 belirterek, \u201cEnerji \u00f6ncelikle temel bir ihtiya\u00e7t\u0131r. Bireysel ve toplumsal bir ihtiya\u00e7t\u0131r. Ya\u015fam\u0131n s\u00fcrd\u00fcr\u00fclebilmesi i\u00e7in [&hellip;]<\/p>\n","protected":false},"author":1,"featured_media":46919,"comment_status":"open","ping_status":"open","sticky":false,"template":"","format":"standard","meta":[],"categories":[53,49],"tags":[63,1296,105],"views":987,"_links":{"self":[{"href":"https:\/\/www.enerjigazetesi.ist\/en\/wp-json\/wp\/v2\/posts\/46918"}],"collection":[{"href":"https:\/\/www.enerjigazetesi.ist\/en\/wp-json\/wp\/v2\/posts"}],"about":[{"href":"https:\/\/www.enerjigazetesi.ist\/en\/wp-json\/wp\/v2\/types\/post"}],"author":[{"embeddable":true,"href":"https:\/\/www.enerjigazetesi.ist\/en\/wp-json\/wp\/v2\/users\/1"}],"replies":[{"embeddable":true,"href":"https:\/\/www.enerjigazetesi.ist\/en\/wp-json\/wp\/v2\/comments?post=46918"}],"version-history":[{"count":1,"href":"https:\/\/www.enerjigazetesi.ist\/en\/wp-json\/wp\/v2\/posts\/46918\/revisions"}],"predecessor-version":[{"id":46920,"href":"https:\/\/www.enerjigazetesi.ist\/en\/wp-json\/wp\/v2\/posts\/46918\/revisions\/46920"}],"wp:featuredmedia":[{"embeddable":true,"href":"https:\/\/www.enerjigazetesi.ist\/en\/wp-json\/wp\/v2\/media\/46919"}],"wp:attachment":[{"href":"https:\/\/www.enerjigazetesi.ist\/en\/wp-json\/wp\/v2\/media?parent=46918"}],"wp:term":[{"taxonomy":"category","embeddable":true,"href":"https:\/\/www.enerjigazetesi.ist\/en\/wp-json\/wp\/v2\/categories?post=46918"},{"taxonomy":"post_tag","embeddable":true,"href":"https:\/\/www.enerjigazetesi.ist\/en\/wp-json\/wp\/v2\/tags?post=46918"}],"curies":[{"name":"wp","href":"https:\/\/api.w.org\/{rel}","templated":true}]}}