{"id":46898,"date":"2015-11-20T20:16:07","date_gmt":"2015-11-20T17:16:07","guid":{"rendered":"https:\/\/www.enerjigazetesi.ist\/?p=46898"},"modified":"2015-11-20T20:16:07","modified_gmt":"2015-11-20T17:16:07","slug":"alman-bir-yatirimci-iranda-275-gwlik-gunes-yatirimi-planliyor","status":"publish","type":"post","link":"https:\/\/www.enerjigazetesi.ist\/en\/alman-bir-yatirimci-iranda-275-gwlik-gunes-yatirimi-planliyor\/","title":{"rendered":"(Turkish) Alman Bir Yat\u0131r\u0131mc\u0131 \u0130ran\u2019da 2,75 GW\u2019l\u0131k G\u00fcne\u015f Yat\u0131r\u0131m\u0131 Planl\u0131yor!"},"content":{"rendered":"<p class=\"qtranxs-available-languages-message qtranxs-available-languages-message-en\">Sorry, this entry is only available in <a href=\"https:\/\/www.enerjigazetesi.ist\/tr\/wp-json\/wp\/v2\/posts\/46898\" class=\"qtranxs-available-language-link qtranxs-available-language-link-tr\" title=\"Turkish\">Turkish<\/a>. For the sake of viewer convenience, the content is shown below in the alternative language. You may click the link to switch the active language.<\/p><p><strong>B\u00fcy\u00fck bir Alman enerji \u015firketinin \u0130ran\u2019da b\u00fcy\u00fck \u00f6l\u00e7ekli g\u00fcne\u015f elektri\u011fi yat\u0131r\u0131mlar\u0131 yapmay\u0131 planlad\u0131\u011f\u0131 bildirildi.<\/strong><\/p>\n<p>\u00dclkenin resm\u00ee haber ajans\u0131 Mehr\u2019e konu\u015fan \u0130ran Elektrik Da\u011f\u0131t\u0131m \u015eirketi\u2019nin Tahran b\u00f6lgesi y\u00f6neticisi Seyid Ali Barbanda \u015firket Tahran\u2019da 1.250 <a href=\"https:\/\/www.enerjigazetesi.ist\/wp-content\/uploads\/2015\/11\/alman-bir-yatirimci-iranda-275-gwlik-gunes-yatirimi-planliyor.jpg\"><img loading=\"lazy\" class=\"alignleft size-medium wp-image-46899\" src=\"https:\/\/www.enerjigazetesi.ist\/wp-content\/uploads\/2015\/11\/alman-bir-yatirimci-iranda-275-gwlik-gunes-yatirimi-planliyor-300x163.jpg\" alt=\"alman-bir-yatirimci-iranda-275-gwlik-gunes-yatirimi-planliyor\" width=\"300\" height=\"163\" srcset=\"https:\/\/www.enerjigazetesi.ist\/wp-content\/uploads\/2015\/11\/alman-bir-yatirimci-iranda-275-gwlik-gunes-yatirimi-planliyor-300x163.jpg 300w, https:\/\/www.enerjigazetesi.ist\/wp-content\/uploads\/2015\/11\/alman-bir-yatirimci-iranda-275-gwlik-gunes-yatirimi-planliyor-80x43.jpg 80w, https:\/\/www.enerjigazetesi.ist\/wp-content\/uploads\/2015\/11\/alman-bir-yatirimci-iranda-275-gwlik-gunes-yatirimi-planliyor.jpg 460w\" sizes=\"(max-width: 300px) 100vw, 300px\" \/><\/a>MW g\u00fcc\u00fcnde, Kerec, Kehrizek ve Veramin \u015fehirlerinde ise 500 MW\u2019l\u0131k g\u00fcne\u015f elektri\u011fi projeleri geli\u015ftirmeyi planl\u0131yor.<\/p>\n<p>Barbanda a\u00e7\u0131klamas\u0131nda \u015firketin ismini vermez iken, Alman yat\u0131r\u0131mc\u0131n\u0131n projenin hayata ge\u00e7mesi i\u00e7in gerekli olan t\u00fcm finansman\u0131 kar\u015f\u0131layaca\u011f\u0131n\u0131 s\u00f6yledi.<\/p>\n<p>Bununla birlikte \u0130ran y\u00f6netimi projeler i\u00e7in al\u0131m garantileri sa\u011flaman\u0131n d\u0131\u015f\u0131nda, yat\u0131r\u0131mc\u0131n\u0131n kullanaca\u011f\u0131 arazileri \u00e7ok d\u00fc\u015f\u00fck fiyata uzun d\u00f6nemli olarak kiralayacak.<\/p>\n<p>Tahran\u2019daki projenin ne zaman ger\u00e7ekle\u015fece\u011fi konusunda bilgi vermeyen \u0130ran Elektrik Da\u011f\u0131t\u0131m \u015eirketi yetkilisi Barbanda, Tahran yak\u0131n\u0131ndaki 500 MW\u2019l\u0131k ilk projenin in\u015fa \u00e7al\u0131\u015fmalar\u0131n\u0131n 2016 ba\u015f\u0131nda ba\u015flayaca\u011f\u0131 ve 2016 May\u0131s ay\u0131nda devreye girece\u011fini s\u00f6yledi.<\/p>\n<p>Bununla birlikte yetkili Asyal\u0131 ve Avrupal\u0131 yat\u0131r\u0131mc\u0131lar ile Tahran b\u00f6lgesinde g\u00fcne\u015f ve r\u00fczg\u00e2r enerjisi yat\u0131r\u0131mlar\u0131 ger\u00e7ekle\u015ftirilmesi, \u00c7inli kurulu\u015flar ile de g\u00fcne\u015f paneli fabrikas\u0131 kurulmas\u0131 konusunda g\u00f6r\u00fc\u015fmeler ger\u00e7ekle\u015ftirilmekte oldu\u011fu bilgisini de verdi.<\/p>\n<p>Mehr ajans\u0131n\u0131n haberinde Tahran\u2019daki projenin ne zaman ba\u015flayaca\u011f\u0131 belirtilmez iken, Tahran\u2019\u0131n yak\u0131n\u0131ndaki 500 MW\u2019l\u0131k projelerin \u00e7al\u0131\u015fmalar\u0131n\u0131n 2016\u2019\u0131n ba\u015f\u0131nda ba\u015flayaca\u011f\u0131 ve ilk santralin 2016\u2019n\u0131n May\u0131s ay\u0131nda devreye girebilece\u011fi bildirildi.<\/p>\n<p>Kaynak: Ye\u015fil Ekonomi<\/p>","protected":false},"excerpt":{"rendered":"<p>Sorry, this entry is only available in Turkish. For the sake of viewer convenience, the content is shown below in the alternative language. You may click the link to switch the active language.B\u00fcy\u00fck bir Alman enerji \u015firketinin \u0130ran\u2019da b\u00fcy\u00fck \u00f6l\u00e7ekli g\u00fcne\u015f elektri\u011fi yat\u0131r\u0131mlar\u0131 yapmay\u0131 planlad\u0131\u011f\u0131 bildirildi. \u00dclkenin resm\u00ee haber ajans\u0131 Mehr\u2019e konu\u015fan \u0130ran Elektrik Da\u011f\u0131t\u0131m [&hellip;]<\/p>\n","protected":false},"author":1,"featured_media":46899,"comment_status":"open","ping_status":"open","sticky":false,"template":"","format":"standard","meta":[],"categories":[53,49],"tags":[21812,63,67,1009,2698,165,227,23712,13,22975,4269,4396,1333],"views":922,"_links":{"self":[{"href":"https:\/\/www.enerjigazetesi.ist\/en\/wp-json\/wp\/v2\/posts\/46898"}],"collection":[{"href":"https:\/\/www.enerjigazetesi.ist\/en\/wp-json\/wp\/v2\/posts"}],"about":[{"href":"https:\/\/www.enerjigazetesi.ist\/en\/wp-json\/wp\/v2\/types\/post"}],"author":[{"embeddable":true,"href":"https:\/\/www.enerjigazetesi.ist\/en\/wp-json\/wp\/v2\/users\/1"}],"replies":[{"embeddable":true,"href":"https:\/\/www.enerjigazetesi.ist\/en\/wp-json\/wp\/v2\/comments?post=46898"}],"version-history":[{"count":1,"href":"https:\/\/www.enerjigazetesi.ist\/en\/wp-json\/wp\/v2\/posts\/46898\/revisions"}],"predecessor-version":[{"id":46900,"href":"https:\/\/www.enerjigazetesi.ist\/en\/wp-json\/wp\/v2\/posts\/46898\/revisions\/46900"}],"wp:featuredmedia":[{"embeddable":true,"href":"https:\/\/www.enerjigazetesi.ist\/en\/wp-json\/wp\/v2\/media\/46899"}],"wp:attachment":[{"href":"https:\/\/www.enerjigazetesi.ist\/en\/wp-json\/wp\/v2\/media?parent=46898"}],"wp:term":[{"taxonomy":"category","embeddable":true,"href":"https:\/\/www.enerjigazetesi.ist\/en\/wp-json\/wp\/v2\/categories?post=46898"},{"taxonomy":"post_tag","embeddable":true,"href":"https:\/\/www.enerjigazetesi.ist\/en\/wp-json\/wp\/v2\/tags?post=46898"}],"curies":[{"name":"wp","href":"https:\/\/api.w.org\/{rel}","templated":true}]}}