{"id":46863,"date":"2015-11-20T11:15:18","date_gmt":"2015-11-20T08:15:18","guid":{"rendered":"https:\/\/www.enerjigazetesi.ist\/?p=46863"},"modified":"2015-11-20T14:27:09","modified_gmt":"2015-11-20T11:27:09","slug":"akkuyu-nukleer-santralinde-ilk-elektrik-en-gec-2022de-uretilecek","status":"publish","type":"post","link":"https:\/\/www.enerjigazetesi.ist\/en\/akkuyu-nukleer-santralinde-ilk-elektrik-en-gec-2022de-uretilecek\/","title":{"rendered":"(Turkish) \u201cAkkuyu N\u00fckleer Santrali\u2019nde \u0130lk Elektrik En Ge\u00e7 2022\u2019de \u00dcretilecek&#8230;\u201d"},"content":{"rendered":"<p class=\"qtranxs-available-languages-message qtranxs-available-languages-message-en\">Sorry, this entry is only available in <a href=\"https:\/\/www.enerjigazetesi.ist\/tr\/wp-json\/wp\/v2\/posts\/46863\" class=\"qtranxs-available-language-link qtranxs-available-language-link-tr\" title=\"Turkish\">Turkish<\/a>. For the sake of viewer convenience, the content is shown below in the alternative language. You may click the link to switch the active language.<\/p><p><\/p>\n<p style=\"color: #0a0a0a;\"><strong><a href=\"https:\/\/www.enerjigazetesi.ist\/wp-content\/uploads\/2015\/11\/akkuyu-ngs-238778923-696x385.jpg\"><img loading=\"lazy\" class=\"alignleft size-medium wp-image-46864\" src=\"https:\/\/www.enerjigazetesi.ist\/wp-content\/uploads\/2015\/11\/akkuyu-ngs-238778923-696x385-300x165.jpg\" alt=\"akkuyu-ngs-238778923-696x385\" width=\"300\" height=\"165\" srcset=\"https:\/\/www.enerjigazetesi.ist\/wp-content\/uploads\/2015\/11\/akkuyu-ngs-238778923-696x385-300x165.jpg 300w, https:\/\/www.enerjigazetesi.ist\/wp-content\/uploads\/2015\/11\/akkuyu-ngs-238778923-696x385-500x276.jpg 500w, https:\/\/www.enerjigazetesi.ist\/wp-content\/uploads\/2015\/11\/akkuyu-ngs-238778923-696x385-80x44.jpg 80w, https:\/\/www.enerjigazetesi.ist\/wp-content\/uploads\/2015\/11\/akkuyu-ngs-238778923-696x385.jpg 696w\" sizes=\"(max-width: 300px) 100vw, 300px\" \/><\/a>Enerji ve Tabii Kaynaklar Bakanl\u0131\u011f\u0131 M\u00fcste\u015far Yard\u0131mc\u0131s\u0131 Necati Yama\u00e7, \u201cAkkuyu\u2019da lisanslama olduk\u00e7a h\u0131zl\u0131 bir \u015fekilde ilerliyor ve ilk reakt\u00f6r\u00fcn en ge\u00e7 2022 y\u0131l\u0131nda, Sinop\u2019ta ise 2023 y\u0131l\u0131nda devreye girmi\u015f olmas\u0131n\u0131 hedefliyoruz\u201d dedi.<\/strong><span id=\"more-74221\"><\/span><\/p>\n<p style=\"color: #0a0a0a;\">Yama\u00e7, Radyasyondan Koruma Uzmanlar\u0131 Derne\u011fi (RADKOR) taraf\u0131ndan d\u00fczenlenen 1. Ulusal Radyasyondan Korunma Kongresi\u2019nin a\u00e7\u0131l\u0131\u015f konu\u015fmas\u0131nda, T\u00fcrkiye\u2019nin n\u00fckleerle ilgili \u00e7al\u0131\u015fmalara 50 y\u0131l \u00f6nce ba\u015flad\u0131\u011f\u0131n\u0131 hat\u0131rlatarak, n\u00fckleerin sadece elektrik \u00fcretim santrali olmad\u0131\u011f\u0131n\u0131, sanayi ve teknolojiyi geli\u015ftirebilen bir alan oldu\u011funu ifade etti. Akkuyu n\u00fckleer g\u00fc\u00e7 santrali projesinin 2010 y\u0131l\u0131nda Rusya ile imzaland\u0131\u011f\u0131n\u0131 hat\u0131rlatan Yama\u00e7, \u015f\u00f6yle konu\u015ftu:<\/p>\n<p style=\"color: #0a0a0a;\">\u201cAkkuyu\u2019da lisanslama olduk\u00e7a h\u0131zl\u0131 bir \u015fekilde ilerliyor ve ilk reakt\u00f6r\u00fcn en ge\u00e7 2022 y\u0131l\u0131nda devreye girmesini hedefliyoruz. Sinop\u2019ta ilk n\u00fckleer reakt\u00f6r\u00fcn de 2023 y\u0131l\u0131nda devreye girmesi planlan\u0131yor. T\u00fcrkiye enerji ithalat\u0131nda y\u00fczde 72 oran\u0131nda d\u0131\u015fa ba\u011f\u0131ml\u0131. Her y\u0131l 60 milyar dolar enerji ithalat\u0131 i\u00e7in d\u0131\u015far\u0131ya kaynak aktar\u0131yoruz. Y\u00fczde 98 oran\u0131nda do\u011falgaz, y\u00fczde 92 petrol ithalat\u0131 ve y\u00fczde 20 k\u00f6m\u00fcr ithalat\u0131 yap\u0131yoruz. Kald\u0131 ki, petrol ve do\u011falgaz kaynaklar\u0131 \u00e7ok fazla olan \u00fclkelerde n\u00fckleer santraller varken, T\u00fcrkiye\u2019de n\u00fckleer santral olmas\u0131 ka\u00e7\u0131n\u0131lmaz.\u201d<\/p>\n<p style=\"color: #0a0a0a;\">T\u00fcrkiye\u2019nin n\u00fckleer altyap\u0131s\u0131n\u0131n nas\u0131l \u00f6l\u00e7\u00fcld\u00fc\u011f\u00fcn\u00fc de anlatan Yama\u00e7, \u201cUluslararas\u0131 Atom Enerjisi Ajans\u0131 (UAEA) n\u00fckleer enerjiye yeni ba\u015flayan \u00fclkeler i\u00e7in bir rehber haz\u0131rlam\u0131\u015ft\u0131r. Bu rehbere g\u00f6re Ajans, T\u00fcrkiye\u2019nin mevcut n\u00fckleer altyap\u0131s\u0131n\u0131n r\u00f6ntgenini \u00e7ekerek a\u00e7\u0131k analizi yapt\u0131, tavsiye ve \u00f6neriler geli\u015ftirdi. Biz de buna g\u00f6re yapmam\u0131z gereken \u00e7al\u0131\u015fmalar\u0131 tamamlad\u0131k\u201d dedi. RADKOR Ba\u015fkan\u0131 G\u00f6n\u00fcl Buyan da bir ilki ger\u00e7ekle\u015ftirdiklerini vurgulayarak, \u201cT\u00fcrkiye\u2019deki n\u00fckleer s\u00fcreci yak\u0131ndan takip ediyoruz ve n\u00fckleer teknolojiye ge\u00e7meyi menmuniyetle kar\u015f\u0131l\u0131yoruz\u201d dedi.<\/p>\n<p style=\"color: #0a0a0a;\">Kaynak:EnerjiEnstit\u00fcs\u00fc<\/p>\n<p><\/p>","protected":false},"excerpt":{"rendered":"<p>Sorry, this entry is only available in Turkish. For the sake of viewer convenience, the content is shown below in the alternative language. You may click the link to switch the active language. Enerji ve Tabii Kaynaklar Bakanl\u0131\u011f\u0131 M\u00fcste\u015far Yard\u0131mc\u0131s\u0131 Necati Yama\u00e7, \u201cAkkuyu\u2019da lisanslama olduk\u00e7a h\u0131zl\u0131 bir \u015fekilde ilerliyor ve ilk reakt\u00f6r\u00fcn en ge\u00e7 2022 [&hellip;]<\/p>\n","protected":false},"author":1,"featured_media":46864,"comment_status":"open","ping_status":"open","sticky":false,"template":"","format":"standard","meta":[],"categories":[53,43],"tags":[1026,26970,21,26971,26972,5837,6374],"views":1092,"_links":{"self":[{"href":"https:\/\/www.enerjigazetesi.ist\/en\/wp-json\/wp\/v2\/posts\/46863"}],"collection":[{"href":"https:\/\/www.enerjigazetesi.ist\/en\/wp-json\/wp\/v2\/posts"}],"about":[{"href":"https:\/\/www.enerjigazetesi.ist\/en\/wp-json\/wp\/v2\/types\/post"}],"author":[{"embeddable":true,"href":"https:\/\/www.enerjigazetesi.ist\/en\/wp-json\/wp\/v2\/users\/1"}],"replies":[{"embeddable":true,"href":"https:\/\/www.enerjigazetesi.ist\/en\/wp-json\/wp\/v2\/comments?post=46863"}],"version-history":[{"count":1,"href":"https:\/\/www.enerjigazetesi.ist\/en\/wp-json\/wp\/v2\/posts\/46863\/revisions"}],"predecessor-version":[{"id":46865,"href":"https:\/\/www.enerjigazetesi.ist\/en\/wp-json\/wp\/v2\/posts\/46863\/revisions\/46865"}],"wp:featuredmedia":[{"embeddable":true,"href":"https:\/\/www.enerjigazetesi.ist\/en\/wp-json\/wp\/v2\/media\/46864"}],"wp:attachment":[{"href":"https:\/\/www.enerjigazetesi.ist\/en\/wp-json\/wp\/v2\/media?parent=46863"}],"wp:term":[{"taxonomy":"category","embeddable":true,"href":"https:\/\/www.enerjigazetesi.ist\/en\/wp-json\/wp\/v2\/categories?post=46863"},{"taxonomy":"post_tag","embeddable":true,"href":"https:\/\/www.enerjigazetesi.ist\/en\/wp-json\/wp\/v2\/tags?post=46863"}],"curies":[{"name":"wp","href":"https:\/\/api.w.org\/{rel}","templated":true}]}}