{"id":46852,"date":"2015-11-19T19:45:25","date_gmt":"2015-11-19T16:45:25","guid":{"rendered":"https:\/\/www.enerjigazetesi.ist\/?p=46852"},"modified":"2015-11-19T19:45:25","modified_gmt":"2015-11-19T16:45:25","slug":"abd-iranin-petrol-satislarini-engellemeyecek","status":"publish","type":"post","link":"https:\/\/www.enerjigazetesi.ist\/en\/abd-iranin-petrol-satislarini-engellemeyecek\/","title":{"rendered":"(Turkish) ABD \u0130ran\u2019\u0131n Petrol Sat\u0131\u015flar\u0131n\u0131 Engellemeyecek&#8230;"},"content":{"rendered":"<p class=\"qtranxs-available-languages-message qtranxs-available-languages-message-en\">Sorry, this entry is only available in <a href=\"https:\/\/www.enerjigazetesi.ist\/tr\/wp-json\/wp\/v2\/posts\/46852\" class=\"qtranxs-available-language-link qtranxs-available-language-link-tr\" title=\"Turkish\">Turkish<\/a>. For the sake of viewer convenience, the content is shown below in the alternative language. You may click the link to switch the active language.<\/p><p><strong>ABD y\u00f6netimi, d\u00fcnyada \u0130ran\u2019dan petrol ve petrol \u00fcr\u00fcnleri al\u0131m\u0131n\u0131 azaltacak imkanlar olu\u015fmas\u0131na ra\u011fmen Tahran ile 5+1 \u00fclkeleri aras\u0131ndaki anla\u015fma gere\u011fi b\u00f6yle bir engelleme ad\u0131m\u0131 atmayaca\u011f\u0131n\u0131 ve \u0130ran\u2019\u0131n yapaca\u011f\u0131 petrol sat\u0131\u015flar\u0131n\u0131n seviyesinin ayn\u0131 kalaca\u011f\u0131n\u0131 bildirdi.<\/strong><\/p>\n<p>Beyaz Saray, ABD Ba\u015fkan\u0131 Barack Obama taraf\u0131ndan imzalanan \u0130ran\u2019dan petrol al\u0131m\u0131 konusundaki <a href=\"https:\/\/www.enerjigazetesi.ist\/wp-content\/uploads\/2015\/11\/abd-iranin-petrol-satislarini-engellemeyecek.jpg\"><img loading=\"lazy\" class=\"alignright  wp-image-46853\" src=\"https:\/\/www.enerjigazetesi.ist\/wp-content\/uploads\/2015\/11\/abd-iranin-petrol-satislarini-engellemeyecek.jpg\" alt=\"abd-iranin-petrol-satislarini-engellemeyecek\" width=\"285\" height=\"233\" \/><\/a>ba\u015fkanl\u0131k karar\u0131n\u0131 duyurdu.<\/p>\n<p>Buna g\u00f6re, Obama, karar\u0131nda ilgili makamlar taraf\u0131ndan Kongre\u2019ye sunulan raporu inceledi\u011fini, k\u00fcresel ekonomik durum, belli \u00fclkelerin art\u0131rd\u0131\u011f\u0131 petrol \u00fcretimi, yedek kapasite seviyesi ve stratejik rezervleri g\u00f6z \u00f6n\u00fcnde bulundurdu\u011funu belirtti.<\/p>\n<p>Obama, ba\u015fka \u00fclkelerden petrol ve petrol \u00fcr\u00fcnleri temin etmeye y\u00f6nelik yeteri kadar tedarik imkan\u0131 bulundu\u011funu, bunlar\u0131n da yabanc\u0131 mali kurumlar taraf\u0131ndan ya bunlar arac\u0131l\u0131\u011f\u0131yla \u0130ran\u2019dan sat\u0131n al\u0131nacak petrol ve petrol \u00fcr\u00fcnlerini azaltmaya yetecek seviyede oldu\u011funu ifade etti.<\/p>\n<p>Obama, \u201cAncak Kas\u0131m 2013\u2032te 5+1 \u00fclkeleri, \u0130ran ve AB aras\u0131nda \u0130ran\u2019\u0131n n\u00fckleer program\u0131na ili\u015fkin kayg\u0131lar\u0131 kar\u015f\u0131lamak \u00fczere var\u0131lan ge\u00e7ici d\u00fczenleme olan Ortak Eylem Plan\u0131\u2019nda, ABD \u0130ran\u2019dan o zamanki seviyede petrol al\u0131m\u0131n\u0131n s\u00fcrmesine izin verece\u011fini taahh\u00fct etmi\u015fti. Dolay\u0131s\u0131yla y\u00f6netimim \u0130ran\u2019dan petrol al\u0131m\u0131n\u0131 azaltma amac\u0131nda de\u011fildir. Bu durumu yak\u0131ndan takip etmeye devam edece\u011fim\u201d ifadesini kulland\u0131.<\/p>\n<p>ABD Enerji Bilgi \u0130daresi\u2019nin rakamlar\u0131na g\u00f6re, \u0130ran Kas\u0131m 2011\u2032de g\u00fcnl\u00fck 3,7 milyon varil petrol \u00fcretimi yap\u0131yordu. Ancak \u0130ran\u2019\u0131n n\u00fckleer program\u0131 nedeniyle Bat\u0131l\u0131 \u00fclkeler taraf\u0131ndan uygulanan yapt\u0131r\u0131mlarla \u00fcretim miktar\u0131 Kas\u0131m 2013\u2032te g\u00fcnl\u00fck 2,8 milyon varile d\u00fc\u015fm\u00fc\u015ft\u00fc.<\/p>\n<p>Kaynak: AA<\/p>","protected":false},"excerpt":{"rendered":"<p>Sorry, this entry is only available in Turkish. For the sake of viewer convenience, the content is shown below in the alternative language. You may click the link to switch the active language.ABD y\u00f6netimi, d\u00fcnyada \u0130ran\u2019dan petrol ve petrol \u00fcr\u00fcnleri al\u0131m\u0131n\u0131 azaltacak imkanlar olu\u015fmas\u0131na ra\u011fmen Tahran ile 5+1 \u00fclkeleri aras\u0131ndaki anla\u015fma gere\u011fi b\u00f6yle bir engelleme [&hellip;]<\/p>\n","protected":false},"author":1,"featured_media":46853,"comment_status":"open","ping_status":"open","sticky":false,"template":"","format":"standard","meta":[],"categories":[53,44],"tags":[1198,14751,63,67,1009,2698,165,1333,1199,59,79,2388,887,17758,2522,1369,3252],"views":789,"_links":{"self":[{"href":"https:\/\/www.enerjigazetesi.ist\/en\/wp-json\/wp\/v2\/posts\/46852"}],"collection":[{"href":"https:\/\/www.enerjigazetesi.ist\/en\/wp-json\/wp\/v2\/posts"}],"about":[{"href":"https:\/\/www.enerjigazetesi.ist\/en\/wp-json\/wp\/v2\/types\/post"}],"author":[{"embeddable":true,"href":"https:\/\/www.enerjigazetesi.ist\/en\/wp-json\/wp\/v2\/users\/1"}],"replies":[{"embeddable":true,"href":"https:\/\/www.enerjigazetesi.ist\/en\/wp-json\/wp\/v2\/comments?post=46852"}],"version-history":[{"count":1,"href":"https:\/\/www.enerjigazetesi.ist\/en\/wp-json\/wp\/v2\/posts\/46852\/revisions"}],"predecessor-version":[{"id":46854,"href":"https:\/\/www.enerjigazetesi.ist\/en\/wp-json\/wp\/v2\/posts\/46852\/revisions\/46854"}],"wp:featuredmedia":[{"embeddable":true,"href":"https:\/\/www.enerjigazetesi.ist\/en\/wp-json\/wp\/v2\/media\/46853"}],"wp:attachment":[{"href":"https:\/\/www.enerjigazetesi.ist\/en\/wp-json\/wp\/v2\/media?parent=46852"}],"wp:term":[{"taxonomy":"category","embeddable":true,"href":"https:\/\/www.enerjigazetesi.ist\/en\/wp-json\/wp\/v2\/categories?post=46852"},{"taxonomy":"post_tag","embeddable":true,"href":"https:\/\/www.enerjigazetesi.ist\/en\/wp-json\/wp\/v2\/tags?post=46852"}],"curies":[{"name":"wp","href":"https:\/\/api.w.org\/{rel}","templated":true}]}}