{"id":46840,"date":"2015-11-19T19:20:09","date_gmt":"2015-11-19T16:20:09","guid":{"rendered":"https:\/\/www.enerjigazetesi.ist\/?p=46840"},"modified":"2015-11-19T19:20:09","modified_gmt":"2015-11-19T16:20:09","slug":"petrol-fiyatlari-2016da-artacak-daha-istikrarli-bir-ortam-olusacak","status":"publish","type":"post","link":"https:\/\/www.enerjigazetesi.ist\/en\/petrol-fiyatlari-2016da-artacak-daha-istikrarli-bir-ortam-olusacak\/","title":{"rendered":"(Turkish) \u201cPetrol Fiyatlar\u0131 2016\u2019da Artacak, Daha \u0130stikrarl\u0131 Bir Ortam Olu\u015facak&#8230;\u201d"},"content":{"rendered":"<p class=\"qtranxs-available-languages-message qtranxs-available-languages-message-en\">Sorry, this entry is only available in <a href=\"https:\/\/www.enerjigazetesi.ist\/tr\/wp-json\/wp\/v2\/posts\/46840\" class=\"qtranxs-available-language-link qtranxs-available-language-link-tr\" title=\"Turkish\">Turkish<\/a>. For the sake of viewer convenience, the content is shown below in the alternative language. You may click the link to switch the active language.<\/p><p><strong>D\u00fcnya Petrol Konseyi Ba\u015fkan\u0131 Joszeph Toth, petrol fiyatlar\u0131 i\u00e7in \u00f6n\u00fcm\u00fczdeki y\u0131l ufak bir art\u0131\u015f\u0131n yan\u0131 s\u0131ra daha istikrarl\u0131 bir ortam bekledi\u011fini belirtti.<\/strong><span id=\"more-74203\"><\/span><\/p>\n<p>Toth, \u201cKe\u015fif-\u00dcretim-\u0130\u015fleme\u201d adl\u0131 enerji forumunun ard\u0131ndan sorular\u0131n\u0131 yan\u0131tlad\u0131.<a href=\"https:\/\/www.enerjigazetesi.ist\/wp-content\/uploads\/2015\/11\/petrol-fiyatlari-2016da-artacak-daha-istikrarli-bir-ortam-olusacak.jpg\"><img loading=\"lazy\" class=\"alignright size-medium wp-image-46841\" src=\"https:\/\/www.enerjigazetesi.ist\/wp-content\/uploads\/2015\/11\/petrol-fiyatlari-2016da-artacak-daha-istikrarli-bir-ortam-olusacak-300x165.jpg\" alt=\"petrol-fiyatlari-2016da-artacak-daha-istikrarli-bir-ortam-olusacak\" width=\"300\" height=\"165\" srcset=\"https:\/\/www.enerjigazetesi.ist\/wp-content\/uploads\/2015\/11\/petrol-fiyatlari-2016da-artacak-daha-istikrarli-bir-ortam-olusacak-300x165.jpg 300w, https:\/\/www.enerjigazetesi.ist\/wp-content\/uploads\/2015\/11\/petrol-fiyatlari-2016da-artacak-daha-istikrarli-bir-ortam-olusacak-500x276.jpg 500w, https:\/\/www.enerjigazetesi.ist\/wp-content\/uploads\/2015\/11\/petrol-fiyatlari-2016da-artacak-daha-istikrarli-bir-ortam-olusacak-80x44.jpg 80w, https:\/\/www.enerjigazetesi.ist\/wp-content\/uploads\/2015\/11\/petrol-fiyatlari-2016da-artacak-daha-istikrarli-bir-ortam-olusacak.jpg 696w\" sizes=\"(max-width: 300px) 100vw, 300px\" \/><\/a><\/p>\n<p>Petrol fiyatlar\u0131 konusunda net bir tahmin yapman\u0131n zorlu\u011funa i\u015faret eden Toth, ancak baz\u0131 beklentilerinin oldu\u011funu, \u00f6rne\u011fin \u00f6n\u00fcm\u00fczdeki y\u0131l petrol fiyatlar\u0131nda ufak bir art\u0131\u015f\u0131n yan\u0131 s\u0131ra daha istikrarl\u0131 bir ortam bekledi\u011fini s\u00f6yledi.<\/p>\n<p>Toth, varil ba\u015f\u0131na tekrar 100 dolarl\u0131k fiyatlara uzun s\u00fcre gelinmeyece\u011fini dile getirerek, \u201cPetrol fiyatlar\u0131 d\u00fc\u015ft\u00fc\u011f\u00fcnde, Hindistan gibi petrol ithalat\u00e7\u0131s\u0131 \u00fclkeler petrol al\u0131m\u0131n\u0131 artt\u0131rd\u0131\u011f\u0131 i\u00e7in piyasada arz fazlas\u0131 \u00e7ok olmayacakt\u0131r. Ancak bakt\u0131\u011f\u0131m\u0131zda \u00c7in\u2019deki toplam petrol t\u00fcketimi azalm\u0131\u015f de\u011fil. Dolay\u0131s\u0131yla tahmin yaparken piyasada bulunan akt\u00f6rleri yanl\u0131\u015f y\u00f6ne s\u00fcr\u00fcklemememiz gerekiyor\u201d uyar\u0131s\u0131nda bulundu.<\/p>\n<p>Yapt\u0131r\u0131mlar\u0131n kalkmas\u0131yla \u0130ran\u2019da petrol \u00fcretiminin artaca\u011f\u0131 ve k\u00fcresel piyasalarda arz fazlas\u0131 yarataca\u011f\u0131na dair endi\u015felere dikkati \u00e7eken Toth, \u201c\u0130ran\u2019\u0131n, piyasan\u0131n mevcut durumunu anlayaca\u011f\u0131n\u0131 ve bu nedenle b\u00fcy\u00fck \u00fcretim art\u0131\u015f\u0131na giderek petrol fiyatlar\u0131nda daha da b\u00fcy\u00fck bir d\u00fc\u015f\u00fc\u015fe neden olaca\u011f\u0131n\u0131 d\u00fc\u015f\u00fcnm\u00fcyorum\u201d g\u00f6r\u00fc\u015f\u00fcn\u00fc payla\u015ft\u0131.<\/p>\n<p>Kaynak: Enerji Enstit\u00fcs\u00fc<\/p>","protected":false},"excerpt":{"rendered":"<p>Sorry, this entry is only available in Turkish. For the sake of viewer convenience, the content is shown below in the alternative language. You may click the link to switch the active language.D\u00fcnya Petrol Konseyi Ba\u015fkan\u0131 Joszeph Toth, petrol fiyatlar\u0131 i\u00e7in \u00f6n\u00fcm\u00fczdeki y\u0131l ufak bir art\u0131\u015f\u0131n yan\u0131 s\u0131ra daha istikrarl\u0131 bir ortam bekledi\u011fini belirtti. Toth, [&hellip;]<\/p>\n","protected":false},"author":1,"featured_media":46841,"comment_status":"open","ping_status":"open","sticky":false,"template":"","format":"standard","meta":[],"categories":[53,44],"tags":[26960,63,67,1009,2698,165,26962,26961,59,79,347,2388,887,2522],"views":580,"_links":{"self":[{"href":"https:\/\/www.enerjigazetesi.ist\/en\/wp-json\/wp\/v2\/posts\/46840"}],"collection":[{"href":"https:\/\/www.enerjigazetesi.ist\/en\/wp-json\/wp\/v2\/posts"}],"about":[{"href":"https:\/\/www.enerjigazetesi.ist\/en\/wp-json\/wp\/v2\/types\/post"}],"author":[{"embeddable":true,"href":"https:\/\/www.enerjigazetesi.ist\/en\/wp-json\/wp\/v2\/users\/1"}],"replies":[{"embeddable":true,"href":"https:\/\/www.enerjigazetesi.ist\/en\/wp-json\/wp\/v2\/comments?post=46840"}],"version-history":[{"count":1,"href":"https:\/\/www.enerjigazetesi.ist\/en\/wp-json\/wp\/v2\/posts\/46840\/revisions"}],"predecessor-version":[{"id":46842,"href":"https:\/\/www.enerjigazetesi.ist\/en\/wp-json\/wp\/v2\/posts\/46840\/revisions\/46842"}],"wp:featuredmedia":[{"embeddable":true,"href":"https:\/\/www.enerjigazetesi.ist\/en\/wp-json\/wp\/v2\/media\/46841"}],"wp:attachment":[{"href":"https:\/\/www.enerjigazetesi.ist\/en\/wp-json\/wp\/v2\/media?parent=46840"}],"wp:term":[{"taxonomy":"category","embeddable":true,"href":"https:\/\/www.enerjigazetesi.ist\/en\/wp-json\/wp\/v2\/categories?post=46840"},{"taxonomy":"post_tag","embeddable":true,"href":"https:\/\/www.enerjigazetesi.ist\/en\/wp-json\/wp\/v2\/tags?post=46840"}],"curies":[{"name":"wp","href":"https:\/\/api.w.org\/{rel}","templated":true}]}}