{"id":46823,"date":"2015-11-19T09:55:41","date_gmt":"2015-11-19T06:55:41","guid":{"rendered":"https:\/\/www.enerjigazetesi.ist\/?p=46823"},"modified":"2015-11-19T09:55:41","modified_gmt":"2015-11-19T06:55:41","slug":"korede-farkli-bir-otoyol-projesi-bisikletliler-icin-solar-yol","status":"publish","type":"post","link":"https:\/\/www.enerjigazetesi.ist\/en\/korede-farkli-bir-otoyol-projesi-bisikletliler-icin-solar-yol\/","title":{"rendered":"(Turkish) Kore\u2019de Farkl\u0131 Bir Otoyol Projesi: Bisikletliler \u0130\u00e7in Solar Yol&#8230;"},"content":{"rendered":"<p class=\"qtranxs-available-languages-message qtranxs-available-languages-message-en\">Sorry, this entry is only available in <a href=\"https:\/\/www.enerjigazetesi.ist\/tr\/wp-json\/wp\/v2\/posts\/46823\" class=\"qtranxs-available-language-link qtranxs-available-language-link-tr\" title=\"Turkish\">Turkish<\/a>. For the sake of viewer convenience, the content is shown below in the alternative language. You may click the link to switch the active language.<\/p><p><\/p>\n<p style=\"color: #666666;\"><span style=\"font-weight: bold; color: #222222;\"><a href=\"https:\/\/www.enerjigazetesi.ist\/wp-content\/uploads\/2015\/11\/kore-solar-bisiklet-otoban-500x500_c.png\"><img loading=\"lazy\" class=\"alignleft  wp-image-46824\" src=\"https:\/\/www.enerjigazetesi.ist\/wp-content\/uploads\/2015\/11\/kore-solar-bisiklet-otoban-500x500_c-300x300.png\" alt=\"kore-solar-bisiklet-otoban-500x500_c\" width=\"300\" height=\"251\" \/><\/a>G\u00fcney Kore\u2019de yeni in\u015fa edilen 160 km\u2019lik otoyol \u00fczerine yerle\u015ftirilen g\u00fcne\u015f panelleri, hem yolun ayd\u0131nlat\u0131lmas\u0131n\u0131 sa\u011fl\u0131yor hem de, buz tutmas\u0131n\u0131 engelliyor. Yolda ayn\u0131 zamanda 32 km\u2019lik bisiklet yolu bulunuyor.<\/span><\/p>\n<p style=\"color: #666666;\">G\u00fcney Kore, Ba\u015fkent Seul\u2019\u00fcn 160 km g\u00fcneyine in\u015fa etti\u011fi 6 \u015feritli otobana yerle\u015ftirdi\u011fi otobanda g\u00fcne\u015f enerjisi \u00fcretiyor. Otoyolun aras\u0131na yerle\u015ftirilen paneller yard\u0131m\u0131yla \u00fcretilen g\u00fcne\u015f enerjisi, yolun ayd\u0131nlat\u0131lmas\u0131nda kullan\u0131l\u0131yor. Ayn\u0131 yolda, g\u00fcne\u015f panellerinin alt\u0131nda bisiklet s\u00fcr\u00fcc\u00fclerini ya\u011fmur ve g\u00fcne\u015ften korumak i\u00e7in bir de bisiklet yolu in\u015fa edildi. Yol \u00fczerinde in\u015fa edilen g\u00fcne\u015f panellerinin bir di\u011fer faydas\u0131 da k\u0131\u015f aylar\u0131nda otoyolun buzlanmas\u0131n\u0131 \u00f6nl\u00fcyor. En \u00f6nemlisi ise \u00fcretti\u011fi elektrik ile \u00fclke ekonomisine katk\u0131 sa\u011fl\u0131yor. Ba\u015fkent Seul\u2019un 160 km g\u00fcneyinde yer alan 6 \u015feritli otobanda, bisiklet s\u00fcr\u00fcc\u00fcleri i\u00e7in 32 kilometrelik yol boyunca yap\u0131lan panellerin maliyetinin bir hayli y\u00fcksek oldu\u011fu tahmin ediliyor ancak proje geli\u015ftiricileri orta vadede kar sa\u011flanaca\u011f\u0131n\u0131 \u00f6n g\u00f6r\u00fcyor.<\/p>\n<p style=\"color: #666666;\"><span style=\"font-weight: bold; color: #222222;\">Kaynak:<\/span>\u00a0<a style=\"color: #fc8d8d;\" href=\"http:\/\/yolteknolojileri.com.tr\/akilli-ulasim\/detay\/10027\/gunes-panelli-bisiklet-yolu\" target=\"_blank\">yolteknolojileri.com.tr<\/a><\/p>\n<p><\/p>","protected":false},"excerpt":{"rendered":"<p>Sorry, this entry is only available in Turkish. For the sake of viewer convenience, the content is shown below in the alternative language. You may click the link to switch the active language. G\u00fcney Kore\u2019de yeni in\u015fa edilen 160 km\u2019lik otoyol \u00fczerine yerle\u015ftirilen g\u00fcne\u015f panelleri, hem yolun ayd\u0131nlat\u0131lmas\u0131n\u0131 sa\u011fl\u0131yor hem de, buz tutmas\u0131n\u0131 engelliyor. Yolda [&hellip;]<\/p>\n","protected":false},"author":1,"featured_media":46824,"comment_status":"open","ping_status":"open","sticky":false,"template":"","format":"standard","meta":[],"categories":[53,49],"tags":[13],"views":2635,"_links":{"self":[{"href":"https:\/\/www.enerjigazetesi.ist\/en\/wp-json\/wp\/v2\/posts\/46823"}],"collection":[{"href":"https:\/\/www.enerjigazetesi.ist\/en\/wp-json\/wp\/v2\/posts"}],"about":[{"href":"https:\/\/www.enerjigazetesi.ist\/en\/wp-json\/wp\/v2\/types\/post"}],"author":[{"embeddable":true,"href":"https:\/\/www.enerjigazetesi.ist\/en\/wp-json\/wp\/v2\/users\/1"}],"replies":[{"embeddable":true,"href":"https:\/\/www.enerjigazetesi.ist\/en\/wp-json\/wp\/v2\/comments?post=46823"}],"version-history":[{"count":1,"href":"https:\/\/www.enerjigazetesi.ist\/en\/wp-json\/wp\/v2\/posts\/46823\/revisions"}],"predecessor-version":[{"id":46825,"href":"https:\/\/www.enerjigazetesi.ist\/en\/wp-json\/wp\/v2\/posts\/46823\/revisions\/46825"}],"wp:featuredmedia":[{"embeddable":true,"href":"https:\/\/www.enerjigazetesi.ist\/en\/wp-json\/wp\/v2\/media\/46824"}],"wp:attachment":[{"href":"https:\/\/www.enerjigazetesi.ist\/en\/wp-json\/wp\/v2\/media?parent=46823"}],"wp:term":[{"taxonomy":"category","embeddable":true,"href":"https:\/\/www.enerjigazetesi.ist\/en\/wp-json\/wp\/v2\/categories?post=46823"},{"taxonomy":"post_tag","embeddable":true,"href":"https:\/\/www.enerjigazetesi.ist\/en\/wp-json\/wp\/v2\/tags?post=46823"}],"curies":[{"name":"wp","href":"https:\/\/api.w.org\/{rel}","templated":true}]}}