{"id":46801,"date":"2015-11-18T20:38:50","date_gmt":"2015-11-18T17:38:50","guid":{"rendered":"https:\/\/www.enerjigazetesi.ist\/?p=46801"},"modified":"2015-11-18T20:38:50","modified_gmt":"2015-11-18T17:38:50","slug":"koalisyon-gucleri-isidin-petrol-tesislerini-vurdu","status":"publish","type":"post","link":"https:\/\/www.enerjigazetesi.ist\/en\/koalisyon-gucleri-isidin-petrol-tesislerini-vurdu\/","title":{"rendered":"(Turkish) Koalisyon G\u00fc\u00e7leri, I\u015e\u0130D\u2019in Petrol Tesislerini Vurdu!"},"content":{"rendered":"<p class=\"qtranxs-available-languages-message qtranxs-available-languages-message-en\">Sorry, this entry is only available in <a href=\"https:\/\/www.enerjigazetesi.ist\/tr\/wp-json\/wp\/v2\/posts\/46801\" class=\"qtranxs-available-language-link qtranxs-available-language-link-tr\" title=\"Turkish\">Turkish<\/a>. For the sake of viewer convenience, the content is shown below in the alternative language. You may click the link to switch the active language.<\/p><p><strong>Irak ve Suriye\u2019deki operasyonlara liderlik yapan Birle\u015fik M\u00fc\u015fterek G\u00f6rev Kuvveti, ABD \u00f6nc<a href=\"https:\/\/www.enerjigazetesi.ist\/wp-content\/uploads\/2015\/11\/koalisyon-gucleri-isidin-petrol-tesislerini-vurdu.jpg\"><img loading=\"lazy\" class=\"alignright size-medium wp-image-46802\" src=\"https:\/\/www.enerjigazetesi.ist\/wp-content\/uploads\/2015\/11\/koalisyon-gucleri-isidin-petrol-tesislerini-vurdu-300x165.jpg\" alt=\"koalisyon-gucleri-isidin-petrol-tesislerini-vurdu\" width=\"300\" height=\"165\" srcset=\"https:\/\/www.enerjigazetesi.ist\/wp-content\/uploads\/2015\/11\/koalisyon-gucleri-isidin-petrol-tesislerini-vurdu-300x165.jpg 300w, https:\/\/www.enerjigazetesi.ist\/wp-content\/uploads\/2015\/11\/koalisyon-gucleri-isidin-petrol-tesislerini-vurdu-500x276.jpg 500w, https:\/\/www.enerjigazetesi.ist\/wp-content\/uploads\/2015\/11\/koalisyon-gucleri-isidin-petrol-tesislerini-vurdu-80x44.jpg 80w, https:\/\/www.enerjigazetesi.ist\/wp-content\/uploads\/2015\/11\/koalisyon-gucleri-isidin-petrol-tesislerini-vurdu.jpg 696w\" sizes=\"(max-width: 300px) 100vw, 300px\" \/><\/a>\u00fcl\u00fc\u011f\u00fcndeki koalisyon g\u00fc\u00e7lerinin aralar\u0131nda petrol tesisi de bulunan I\u015e\u0130D\u2019e ait 23 hedefi vurdu\u011funu bildirdi.<\/strong><span id=\"more-74193\"><\/span><\/p>\n<p>Yaz\u0131l\u0131 bir a\u00e7\u0131klama yapan kuvvet, \u00fc\u00e7 Suriye \u015fehri yak\u0131n\u0131nda ger\u00e7ekle\u015ftirilen alt\u0131 sald\u0131r\u0131da mevzilerle birlikte Abu Kamal civar\u0131ndaki I\u015e\u0130D gaz ve petrol ay\u0131rma noktas\u0131 ve Deyr Ez Zevr b\u00f6lgesinde \u00fc\u00e7 petrol tesisinin vuruldu\u011funu duyurdu.<\/p>\n<p>Irak\u2019ta alt\u0131 \u015fehir yak\u0131n\u0131nda ger\u00e7ekle\u015ftirilen 17 sald\u0131r\u0131da I\u015e\u0130D militanlar\u0131n\u0131n kulland\u0131\u011f\u0131 mevziler, yollar, taktik \u00fcniteleri ve Sincar\u2019daki y\u00f6netim merkezinin vuruldu\u011fu belirtildi.<\/p>\n<p>Kaynak: Enerji Enstit\u00fcs\u00fc<\/p>","protected":false},"excerpt":{"rendered":"<p>Sorry, this entry is only available in Turkish. For the sake of viewer convenience, the content is shown below in the alternative language. You may click the link to switch the active language.Irak ve Suriye\u2019deki operasyonlara liderlik yapan Birle\u015fik M\u00fc\u015fterek G\u00f6rev Kuvveti, ABD \u00f6nc\u00fcl\u00fc\u011f\u00fcndeki koalisyon g\u00fc\u00e7lerinin aralar\u0131nda petrol tesisi de bulunan I\u015e\u0130D\u2019e ait 23 hedefi [&hellip;]<\/p>\n","protected":false},"author":1,"featured_media":46802,"comment_status":"open","ping_status":"open","sticky":false,"template":"","format":"standard","meta":[],"categories":[53,44],"tags":[26942,63,67,1009,2698,165,26943,13970,26944,19478,59,79,2388,887,2522],"views":592,"_links":{"self":[{"href":"https:\/\/www.enerjigazetesi.ist\/en\/wp-json\/wp\/v2\/posts\/46801"}],"collection":[{"href":"https:\/\/www.enerjigazetesi.ist\/en\/wp-json\/wp\/v2\/posts"}],"about":[{"href":"https:\/\/www.enerjigazetesi.ist\/en\/wp-json\/wp\/v2\/types\/post"}],"author":[{"embeddable":true,"href":"https:\/\/www.enerjigazetesi.ist\/en\/wp-json\/wp\/v2\/users\/1"}],"replies":[{"embeddable":true,"href":"https:\/\/www.enerjigazetesi.ist\/en\/wp-json\/wp\/v2\/comments?post=46801"}],"version-history":[{"count":1,"href":"https:\/\/www.enerjigazetesi.ist\/en\/wp-json\/wp\/v2\/posts\/46801\/revisions"}],"predecessor-version":[{"id":46803,"href":"https:\/\/www.enerjigazetesi.ist\/en\/wp-json\/wp\/v2\/posts\/46801\/revisions\/46803"}],"wp:featuredmedia":[{"embeddable":true,"href":"https:\/\/www.enerjigazetesi.ist\/en\/wp-json\/wp\/v2\/media\/46802"}],"wp:attachment":[{"href":"https:\/\/www.enerjigazetesi.ist\/en\/wp-json\/wp\/v2\/media?parent=46801"}],"wp:term":[{"taxonomy":"category","embeddable":true,"href":"https:\/\/www.enerjigazetesi.ist\/en\/wp-json\/wp\/v2\/categories?post=46801"},{"taxonomy":"post_tag","embeddable":true,"href":"https:\/\/www.enerjigazetesi.ist\/en\/wp-json\/wp\/v2\/tags?post=46801"}],"curies":[{"name":"wp","href":"https:\/\/api.w.org\/{rel}","templated":true}]}}