{"id":46680,"date":"2015-11-16T13:56:31","date_gmt":"2015-11-16T10:56:31","guid":{"rendered":"https:\/\/www.enerjigazetesi.ist\/?p=46680"},"modified":"2015-11-16T13:56:31","modified_gmt":"2015-11-16T10:56:31","slug":"fransa-rakkayi-bombaladi-petrolde-dusus-durdu","status":"publish","type":"post","link":"https:\/\/www.enerjigazetesi.ist\/en\/fransa-rakkayi-bombaladi-petrolde-dusus-durdu\/","title":{"rendered":"(Turkish) Fransa Rakka\u2019y\u0131 Bombalad\u0131, Petrolde D\u00fc\u015f\u00fc\u015f Durdu&#8230;"},"content":{"rendered":"<p class=\"qtranxs-available-languages-message qtranxs-available-languages-message-en\">Sorry, this entry is only available in <a href=\"https:\/\/www.enerjigazetesi.ist\/tr\/wp-json\/wp\/v2\/posts\/46680\" class=\"qtranxs-available-language-link qtranxs-available-language-link-tr\" title=\"Turkish\">Turkish<\/a>. For the sake of viewer convenience, the content is shown below in the alternative language. You may click the link to switch the active language.<\/p><p><strong>Petrolde iki ay\u0131n en b\u00fcy\u00fck gerilemesi Fransa\u2019n\u0131n Suriye bombard\u0131rman\u0131n\u0131n arz taraf\u0131n\u0131 etkileyece\u011fi beklentileri ile durdu.<\/strong><span id=\"more-74160\"><\/span><\/p>\n<p>Yat\u0131r\u0131mc\u0131lar\u0131n, Paris\u2019teki ter\u00f6r sald\u0131r\u0131lar\u0131na kar\u015f\u0131l\u0131k olarak Fransa\u2019n\u0131n Irak \u015eam \u0130slam Devleti\u2019nin (I\u015e\u0130D) <a href=\"https:\/\/www.enerjigazetesi.ist\/wp-content\/uploads\/2015\/11\/fransa-rakkayi-bombaladi-petrolde-dusus-durdu.jpg\"><img loading=\"lazy\" class=\"alignright size-medium wp-image-46681\" src=\"https:\/\/www.enerjigazetesi.ist\/wp-content\/uploads\/2015\/11\/fransa-rakkayi-bombaladi-petrolde-dusus-durdu-300x165.jpg\" alt=\"fransa-rakkayi-bombaladi-petrolde-dusus-durdu\" width=\"300\" height=\"165\" srcset=\"https:\/\/www.enerjigazetesi.ist\/wp-content\/uploads\/2015\/11\/fransa-rakkayi-bombaladi-petrolde-dusus-durdu-300x165.jpg 300w, https:\/\/www.enerjigazetesi.ist\/wp-content\/uploads\/2015\/11\/fransa-rakkayi-bombaladi-petrolde-dusus-durdu-500x276.jpg 500w, https:\/\/www.enerjigazetesi.ist\/wp-content\/uploads\/2015\/11\/fransa-rakkayi-bombaladi-petrolde-dusus-durdu-80x44.jpg 80w, https:\/\/www.enerjigazetesi.ist\/wp-content\/uploads\/2015\/11\/fransa-rakkayi-bombaladi-petrolde-dusus-durdu.jpg 696w\" sizes=\"(max-width: 300px) 100vw, 300px\" \/><\/a>merkezi Rakka\u2019y\u0131 vurmas\u0131n\u0131n ard\u0131ndan jeopolitik tansiyonun k\u00fcresel petrol arz\u0131 \u00fczerindeki etkilerini de\u011ferlendirmesiyle petrolde iki aydan fazla zamand\u0131r ya\u015fanan en b\u00fcy\u00fck d\u00fc\u015f\u00fc\u015f durdu.<\/p>\n<p>New York\u2019ta vadeliler ge\u00e7en hafta Mart ay\u0131ndan bu yana kaydedilen en b\u00fcy\u00fck gerilemeyle y\u00fczde 0,8 de\u011fer kaybederken, bu haftaya y\u00fczde 0,9 art\u0131\u015fla ba\u015flad\u0131.<\/p>\n<p>Bat\u0131 Teksas t\u00fcr\u00fc Aral\u0131k vadeli ham petrol kontrat\u0131 Nymex elektronik i\u015flemlerde 38 sent art\u0131\u015fla 41,12 dolara geldi. Kontrat Cuma g\u00fcn\u00fc y\u00fczde 2,4 ya da 1,01 dolar gerileme ile 40,74 dolara gelmi\u015fti. Bu seviye 26 A\u011fustos\u2019tan bu yana kaydedilen en d\u00fc\u015f\u00fck seviye olmu\u015ftu. \u0130\u015flem g\u00f6ren t\u00fcm vadelilerin hacmi 100 g\u00fcnl\u00fck ortalaman\u0131n y\u00fczde 34 \u00fcst\u00fcndeydi.<\/p>\n<p>Ocak vadeli Brent petrol kontrat\u0131 ise Londra ICE Futures borsas\u0131nda 51 sent art\u0131\u015fla 44,98 dolara geldi. Cuma g\u00fcn\u00fc son bulan Aral\u0131k vadeli kontrat y\u00fczde 1 gerileme kaydetmi\u015fti. Avrupa petrol g\u00f6stergesi Brent ile Bat\u0131 Teksas t\u00fcr\u00fc ham petrol aras\u0131ndaki fiyat fark\u0131 2,63 dolar oldu.<\/p>\n<p>CMC Markets ba\u015f analisti Ric Spooner, Paris\u2019te ya\u015fananlar sonras\u0131nda bir belirsizli\u011fin etkili oldu\u011funu, bununla birlikte fiyatlardaki rallinin s\u0131n\u0131rl\u0131 kalaca\u011f\u0131n\u0131 ifade etti. Spooner, stoklar\u0131n hala y\u00fcksek seviyede oldu\u011funu, ter\u00f6r sald\u0131r\u0131s\u0131 sonras\u0131 Suriye\u2019de olaylar\u0131n h\u0131zlanabilece\u011fini, ancak bunlar\u0131n petrol \u00fcreten b\u00f6lgelerde olmayaca\u011f\u0131n\u0131 s\u00f6yledi.<\/p>\n<p>Kaynak: BusinessHT<\/p>","protected":false},"excerpt":{"rendered":"<p>Sorry, this entry is only available in Turkish. For the sake of viewer convenience, the content is shown below in the alternative language. You may click the link to switch the active language.Petrolde iki ay\u0131n en b\u00fcy\u00fck gerilemesi Fransa\u2019n\u0131n Suriye bombard\u0131rman\u0131n\u0131n arz taraf\u0131n\u0131 etkileyece\u011fi beklentileri ile durdu. Yat\u0131r\u0131mc\u0131lar\u0131n, Paris\u2019teki ter\u00f6r sald\u0131r\u0131lar\u0131na kar\u015f\u0131l\u0131k olarak Fransa\u2019n\u0131n Irak [&hellip;]<\/p>\n","protected":false},"author":1,"featured_media":46681,"comment_status":"open","ping_status":"open","sticky":false,"template":"","format":"standard","meta":[],"categories":[53,44],"tags":[26897,63,67,1009,2698,165,1346,13970,59,79,347,2388,887,2522,13972,4731],"views":798,"_links":{"self":[{"href":"https:\/\/www.enerjigazetesi.ist\/en\/wp-json\/wp\/v2\/posts\/46680"}],"collection":[{"href":"https:\/\/www.enerjigazetesi.ist\/en\/wp-json\/wp\/v2\/posts"}],"about":[{"href":"https:\/\/www.enerjigazetesi.ist\/en\/wp-json\/wp\/v2\/types\/post"}],"author":[{"embeddable":true,"href":"https:\/\/www.enerjigazetesi.ist\/en\/wp-json\/wp\/v2\/users\/1"}],"replies":[{"embeddable":true,"href":"https:\/\/www.enerjigazetesi.ist\/en\/wp-json\/wp\/v2\/comments?post=46680"}],"version-history":[{"count":1,"href":"https:\/\/www.enerjigazetesi.ist\/en\/wp-json\/wp\/v2\/posts\/46680\/revisions"}],"predecessor-version":[{"id":46682,"href":"https:\/\/www.enerjigazetesi.ist\/en\/wp-json\/wp\/v2\/posts\/46680\/revisions\/46682"}],"wp:featuredmedia":[{"embeddable":true,"href":"https:\/\/www.enerjigazetesi.ist\/en\/wp-json\/wp\/v2\/media\/46681"}],"wp:attachment":[{"href":"https:\/\/www.enerjigazetesi.ist\/en\/wp-json\/wp\/v2\/media?parent=46680"}],"wp:term":[{"taxonomy":"category","embeddable":true,"href":"https:\/\/www.enerjigazetesi.ist\/en\/wp-json\/wp\/v2\/categories?post=46680"},{"taxonomy":"post_tag","embeddable":true,"href":"https:\/\/www.enerjigazetesi.ist\/en\/wp-json\/wp\/v2\/tags?post=46680"}],"curies":[{"name":"wp","href":"https:\/\/api.w.org\/{rel}","templated":true}]}}