{"id":46638,"date":"2015-11-15T22:34:08","date_gmt":"2015-11-15T19:34:08","guid":{"rendered":"https:\/\/www.enerjigazetesi.ist\/?p=46638"},"modified":"2015-11-15T22:34:41","modified_gmt":"2015-11-15T19:34:41","slug":"dunya-elektrik-ihtiyaci-artacak","status":"publish","type":"post","link":"https:\/\/www.enerjigazetesi.ist\/en\/dunya-elektrik-ihtiyaci-artacak\/","title":{"rendered":"(Turkish) D\u00fcnya Elektrik \u0130htiyac\u0131 Artacak&#8230;"},"content":{"rendered":"<p class=\"qtranxs-available-languages-message qtranxs-available-languages-message-en\">Sorry, this entry is only available in <a href=\"https:\/\/www.enerjigazetesi.ist\/tr\/wp-json\/wp\/v2\/posts\/46638\" class=\"qtranxs-available-language-link qtranxs-available-language-link-tr\" title=\"Turkish\">Turkish<\/a>. For the sake of viewer convenience, the content is shown below in the alternative language. You may click the link to switch the active language.<\/p><p><strong>D\u00fcnya genelinde elektrik ihtiyac\u0131 2040 y\u0131l\u0131na kadar y\u00fczde 70`den fazla art\u0131\u015f kaydedecek.<\/strong><\/p>\n<p>Uluslararas\u0131 Enerji Ajans\u0131 (IEA) D\u00fcnya Enerji G\u00f6r\u00fcn\u00fcm\u00fc 2015 Raporu`na g\u00f6re, global elektrik talebi 2040 y\u0131l\u0131na kadar y\u00fczde 70`den fazla artacak.<a href=\"https:\/\/www.enerjigazetesi.ist\/wp-content\/uploads\/2015\/11\/dunya-elektrik-ihtiyaci-artacak.jpg\"><img loading=\"lazy\" class=\"alignright  wp-image-46639\" src=\"https:\/\/www.enerjigazetesi.ist\/wp-content\/uploads\/2015\/11\/dunya-elektrik-ihtiyaci-artacak-300x240.jpg\" alt=\"dunya-elektrik-ihtiyaci-artacak\" width=\"300\" height=\"221\" \/><\/a><\/p>\n<p><strong>YEN\u0130LENEB\u0130L\u0130R K\u00d6M\u00dcR\u00dcN YER\u0130N\u0130 ALACAK<\/strong><\/p>\n<p>Elektrik \u00fcretiminde \u00e7evresel kayg\u0131lar\u0131n artaca\u011f\u0131 belirtilen raporda, 2030`lu y\u0131llar\u0131n ba\u015flar\u0131nda elektrik \u00fcretiminde yenilenebilir enerjinin k\u00f6m\u00fcr\u00fc ge\u00e7ece\u011fi \u00f6ng\u00f6r\u00fcl\u00fcyor. 2040 y\u0131l\u0131na kadar elektrik \u00fcretiminde k\u00f6m\u00fcr\u00fcn pay\u0131 y\u00fczde 30 oran\u0131nda d\u00fc\u015fecek.<\/p>\n<p>2040 y\u0131l\u0131na kadar Avrupa Birli\u011fi`nde elektrik \u00fcretiminin yar\u0131s\u0131n\u0131n yenilenebilir kaynaklardan elde edilece\u011fi belirtilen raporda, Japonya ve \u00c7in`de bu oran\u0131n y\u00fczde 30, ABD ve Hindistan`da da y\u00fczde 25`in \u00fczerinde olaca\u011f\u0131 ifade ediliyor.<\/p>\n<p><strong>550 M\u0130LYON \u0130NSAN ELEKTR\u0130KS\u0130Z OLACAK<\/strong><\/p>\n<p>Rapora g\u00f6re, k\u00fcresel enerji talebi \u00a0geli\u015fmekte olan \u00fclkeler sayesinde 25 y\u0131lda \u00fc\u00e7te bir oran\u0131nda artacak. Bununla birlikte, 2040 y\u0131l\u0131nda \u00e7o\u011funlu\u011fu Sahra alt\u0131 Afrika olmak \u00fczere d\u00fcnyada 550 milyon insan\u0131n elektri\u011fe eri\u015fimi olmayacak.<\/p>\n<p>Yazan: Sabiha K\u00d6TEK<\/p>\n<p>Kaynak: <a href=\"http:\/\/enerjigunlugu.net\/dunya-elektrik-ihtiyaci-artacak_15924.html\" target=\"_blank\" rel=\"nofollow\">Enerji G\u00fcnl\u00fc\u011f\u00fc<\/a><\/p>","protected":false},"excerpt":{"rendered":"<p>Sorry, this entry is only available in Turkish. For the sake of viewer convenience, the content is shown below in the alternative language. You may click the link to switch the active language.D\u00fcnya genelinde elektrik ihtiyac\u0131 2040 y\u0131l\u0131na kadar y\u00fczde 70`den fazla art\u0131\u015f kaydedecek. Uluslararas\u0131 Enerji Ajans\u0131 (IEA) D\u00fcnya Enerji G\u00f6r\u00fcn\u00fcm\u00fc 2015 Raporu`na g\u00f6re, global [&hellip;]<\/p>\n","protected":false},"author":1,"featured_media":46639,"comment_status":"open","ping_status":"open","sticky":false,"template":"","format":"standard","meta":[],"categories":[51,53],"tags":[26882,68,61,19638,1478,1451,2873,63,67,1009,2698,165,26883,1023,1675,1022,26884,105],"views":1734,"_links":{"self":[{"href":"https:\/\/www.enerjigazetesi.ist\/en\/wp-json\/wp\/v2\/posts\/46638"}],"collection":[{"href":"https:\/\/www.enerjigazetesi.ist\/en\/wp-json\/wp\/v2\/posts"}],"about":[{"href":"https:\/\/www.enerjigazetesi.ist\/en\/wp-json\/wp\/v2\/types\/post"}],"author":[{"embeddable":true,"href":"https:\/\/www.enerjigazetesi.ist\/en\/wp-json\/wp\/v2\/users\/1"}],"replies":[{"embeddable":true,"href":"https:\/\/www.enerjigazetesi.ist\/en\/wp-json\/wp\/v2\/comments?post=46638"}],"version-history":[{"count":1,"href":"https:\/\/www.enerjigazetesi.ist\/en\/wp-json\/wp\/v2\/posts\/46638\/revisions"}],"predecessor-version":[{"id":46640,"href":"https:\/\/www.enerjigazetesi.ist\/en\/wp-json\/wp\/v2\/posts\/46638\/revisions\/46640"}],"wp:featuredmedia":[{"embeddable":true,"href":"https:\/\/www.enerjigazetesi.ist\/en\/wp-json\/wp\/v2\/media\/46639"}],"wp:attachment":[{"href":"https:\/\/www.enerjigazetesi.ist\/en\/wp-json\/wp\/v2\/media?parent=46638"}],"wp:term":[{"taxonomy":"category","embeddable":true,"href":"https:\/\/www.enerjigazetesi.ist\/en\/wp-json\/wp\/v2\/categories?post=46638"},{"taxonomy":"post_tag","embeddable":true,"href":"https:\/\/www.enerjigazetesi.ist\/en\/wp-json\/wp\/v2\/tags?post=46638"}],"curies":[{"name":"wp","href":"https:\/\/api.w.org\/{rel}","templated":true}]}}