{"id":46612,"date":"2015-11-14T11:00:32","date_gmt":"2015-11-14T08:00:32","guid":{"rendered":"https:\/\/www.enerjigazetesi.ist\/?p=46612"},"modified":"2015-11-14T11:00:32","modified_gmt":"2015-11-14T08:00:32","slug":"yeni-binalarda-enerji-verimliligi-icin-ucretsiz-egitim","status":"publish","type":"post","link":"https:\/\/www.enerjigazetesi.ist\/en\/yeni-binalarda-enerji-verimliligi-icin-ucretsiz-egitim\/","title":{"rendered":"(Turkish) \u2018 Yeni Binalarda Enerji Verimlili\u011fi\u2019 \u0130\u00e7in \u00dccretsiz E\u011fitim!"},"content":{"rendered":"<p class=\"qtranxs-available-languages-message qtranxs-available-languages-message-en\">Sorry, this entry is only available in <a href=\"https:\/\/www.enerjigazetesi.ist\/tr\/wp-json\/wp\/v2\/posts\/46612\" class=\"qtranxs-available-language-link qtranxs-available-language-link-tr\" title=\"Turkish\">Turkish<\/a>. For the sake of viewer convenience, the content is shown below in the alternative language. You may click the link to switch the active language.<\/p><p><\/p>\n<div class=\"entry_content\" style=\"color: #666666;\">\n<p><a href=\"https:\/\/www.enerjigazetesi.ist\/wp-content\/uploads\/2015\/11\/alternatif-enerji-developpp.de_-500x500_c.jpg\"><img loading=\"lazy\" class=\"alignright size-medium wp-image-46613\" src=\"https:\/\/www.enerjigazetesi.ist\/wp-content\/uploads\/2015\/11\/alternatif-enerji-developpp.de_-500x500_c-300x300.jpg\" alt=\"alternatif-enerji-developpp.de_-500x500_c\" width=\"300\" height=\"300\" srcset=\"https:\/\/www.enerjigazetesi.ist\/wp-content\/uploads\/2015\/11\/alternatif-enerji-developpp.de_-500x500_c-300x300.jpg 300w, https:\/\/www.enerjigazetesi.ist\/wp-content\/uploads\/2015\/11\/alternatif-enerji-developpp.de_-500x500_c-150x150.jpg 150w, https:\/\/www.enerjigazetesi.ist\/wp-content\/uploads\/2015\/11\/alternatif-enerji-developpp.de_-500x500_c-400x400.jpg 400w, https:\/\/www.enerjigazetesi.ist\/wp-content\/uploads\/2015\/11\/alternatif-enerji-developpp.de_-500x500_c-50x50.jpg 50w, https:\/\/www.enerjigazetesi.ist\/wp-content\/uploads\/2015\/11\/alternatif-enerji-developpp.de_-500x500_c.jpg 500w\" sizes=\"(max-width: 300px) 100vw, 300px\" \/><\/a>Almanya merkezli develoPPP fonun deste\u011fi ile d\u00fczenlenen ve Enver \u0130stanbul ve Ankara \u015eubesi, Knauf Insulation, Demird\u00f6k\u00fcm ve \u00c7atakl\u0131 Enerji taraf\u0131n dan desteklenen\u00a0<strong style=\"font-weight: bold; color: #222222;\">\u201cYeni Binalarda Enerji Verimlili\u011fi\u201d<\/strong>\u00a0e\u011fitim program\u0131 ba\u015fl\u0131yor.<\/p>\n<p>Bu e\u011fitimin hedefi konu ile ilgi meslek grublar\u0131na yeni binalar da enerji verimlili\u011fi nas\u0131l uygulan\u0131l\u0131r diye bilgilendirmek ve Antalya, Ankara, \u0130stanbul ve \u0130zmir de d\u00fczenlenecek. A\u015fa\u011f\u0131da \u015fehre g\u00f6re program\u0131 bulabilirsiniz.<\/p>\n<p>E\u011fitim sonu kat\u0131l\u0131m belgesi verilecektir ve kat\u0131l\u0131m tamamen \u00fccretsizdir.<\/p>\n<p>Bilgi i\u00e7in: www.ev-turkiye.com Kay\u0131t i\u00e7in: http:\/\/www.ev-turkiye.com\/contact\/<\/p>\n<p>3 saatlik Yeni Binalarda Enerji Verimlili\u011fi bilgilendirme seminer program\u0131:<\/p>\n<p>\u0130stanbul: 16 Kas\u0131m 14.00-17.00<br \/>\nYer: Yenilenebilir Enerji E\u011fitim Merkezi ( www.ye-em.com ), Kartal So\u011fanl\u0131k<\/p>\n<p>17 Kas\u0131m 14.00-17.00<br \/>\nYer: Yenilenebilir Enerji E\u011fitim Merkezi ( www.ye-em.com ), Kartal So\u011fanl\u0131k<\/p>\n<p>\u0130zmir 18 Kas\u0131m 14.00-17.00 Mimarlar Odas\u0131<\/p>\n<p>\u0130zmir 19 Kas\u0131m 14.00-17.00 T\u00dcTEV \u0130zmir<\/p>\n<p>Ankara 16 Aral\u0131k 14.00-17.00 Ankara Enver \u015eubesi<\/p>\n<p>17 Aral\u0131k 14.00-17.00 Ankara Enver \u015eubesi<\/p>\n<p>3 g\u00fcnl\u00fck Yeni Binalarda Enerji Verimlili\u011fi e\u011fitim program\u0131:<\/p>\n<p>Antalya 10-12 Aral\u0131k 10.00-18.00 Mimarlar Odas\u0131 Antalya<\/p>\n<p>\u0130zmir 25-27 Ocak 10.00-18.00 Mimarlar Odas\u0131 \u0130zmir<\/p>\n<p>\u0130stanbul 10-12 \u015eubat 10.00-18.00 Yenilenebilir Enerji E\u011fitim Merkezi ( www.ye-em.com ), Kartal So\u011fanl\u0131k<\/p>\n<p>Ankara 22-24 \u015eubat 10.00-18.00 Ankara Enver \u015eubesi<\/p>\n<\/div>\n<div class=\"bottom_wrapper\" style=\"color: #666666;\"><\/div>\n<div class=\"bottom_wrapper\" style=\"color: #666666;\">Kaynak: AlternatifEnerji<\/div>\n<p><\/p>","protected":false},"excerpt":{"rendered":"<p>Sorry, this entry is only available in Turkish. For the sake of viewer convenience, the content is shown below in the alternative language. You may click the link to switch the active language. Almanya merkezli develoPPP fonun deste\u011fi ile d\u00fczenlenen ve Enver \u0130stanbul ve Ankara \u015eubesi, Knauf Insulation, Demird\u00f6k\u00fcm ve \u00c7atakl\u0131 Enerji taraf\u0131n dan desteklenen\u00a0\u201cYeni [&hellip;]<\/p>\n","protected":false},"author":1,"featured_media":46613,"comment_status":"open","ping_status":"open","sticky":false,"template":"","format":"standard","meta":[],"categories":[53,52],"tags":[97],"views":1183,"_links":{"self":[{"href":"https:\/\/www.enerjigazetesi.ist\/en\/wp-json\/wp\/v2\/posts\/46612"}],"collection":[{"href":"https:\/\/www.enerjigazetesi.ist\/en\/wp-json\/wp\/v2\/posts"}],"about":[{"href":"https:\/\/www.enerjigazetesi.ist\/en\/wp-json\/wp\/v2\/types\/post"}],"author":[{"embeddable":true,"href":"https:\/\/www.enerjigazetesi.ist\/en\/wp-json\/wp\/v2\/users\/1"}],"replies":[{"embeddable":true,"href":"https:\/\/www.enerjigazetesi.ist\/en\/wp-json\/wp\/v2\/comments?post=46612"}],"version-history":[{"count":1,"href":"https:\/\/www.enerjigazetesi.ist\/en\/wp-json\/wp\/v2\/posts\/46612\/revisions"}],"predecessor-version":[{"id":46614,"href":"https:\/\/www.enerjigazetesi.ist\/en\/wp-json\/wp\/v2\/posts\/46612\/revisions\/46614"}],"wp:featuredmedia":[{"embeddable":true,"href":"https:\/\/www.enerjigazetesi.ist\/en\/wp-json\/wp\/v2\/media\/46613"}],"wp:attachment":[{"href":"https:\/\/www.enerjigazetesi.ist\/en\/wp-json\/wp\/v2\/media?parent=46612"}],"wp:term":[{"taxonomy":"category","embeddable":true,"href":"https:\/\/www.enerjigazetesi.ist\/en\/wp-json\/wp\/v2\/categories?post=46612"},{"taxonomy":"post_tag","embeddable":true,"href":"https:\/\/www.enerjigazetesi.ist\/en\/wp-json\/wp\/v2\/tags?post=46612"}],"curies":[{"name":"wp","href":"https:\/\/api.w.org\/{rel}","templated":true}]}}