{"id":46594,"date":"2015-11-13T17:11:13","date_gmt":"2015-11-13T14:11:13","guid":{"rendered":"https:\/\/www.enerjigazetesi.ist\/?p=46594"},"modified":"2015-11-13T17:11:13","modified_gmt":"2015-11-13T14:11:13","slug":"eskisehire-39-mwlik-res-kurulacak","status":"publish","type":"post","link":"https:\/\/www.enerjigazetesi.ist\/en\/eskisehire-39-mwlik-res-kurulacak\/","title":{"rendered":"(Turkish) Eski\u015fehir&#8217;e 39 MW`l\u0131k RES Kurulacak!"},"content":{"rendered":"<p class=\"qtranxs-available-languages-message qtranxs-available-languages-message-en\">Sorry, this entry is only available in <a href=\"https:\/\/www.enerjigazetesi.ist\/tr\/wp-json\/wp\/v2\/posts\/46594\" class=\"qtranxs-available-language-link qtranxs-available-language-link-tr\" title=\"Turkish\">Turkish<\/a>. For the sake of viewer convenience, the content is shown below in the alternative language. You may click the link to switch the active language.<\/p><p><strong>Bay Temiz Enerji taraf\u0131ndan Eski\u015fehir`de MW`l\u0131k Kartal R\u00fczgar Santrali kurulmas\u0131 planlan\u0131yor.<\/strong><\/p>\n<p>Bay Temiz Enerji Elektrik \u00dcretim \u0130n\u015faat San. ve Tic. A.\u015e. taraf\u0131ndan, Eski\u015fehir ili, Tepeba\u015f\u0131 il\u00e7esi, Tilkilik Te<a href=\"https:\/\/www.enerjigazetesi.ist\/wp-content\/uploads\/2015\/11\/eskisehire-39-mwlik-res-kurulacak.jpg\"><img loading=\"lazy\" class=\"alignright size-medium wp-image-46595\" src=\"https:\/\/www.enerjigazetesi.ist\/wp-content\/uploads\/2015\/11\/eskisehire-39-mwlik-res-kurulacak-300x190.jpg\" alt=\"eskisehire-39-mwlik-res-kurulacak\" width=\"300\" height=\"190\" srcset=\"https:\/\/www.enerjigazetesi.ist\/wp-content\/uploads\/2015\/11\/eskisehire-39-mwlik-res-kurulacak-300x190.jpg 300w, https:\/\/www.enerjigazetesi.ist\/wp-content\/uploads\/2015\/11\/eskisehire-39-mwlik-res-kurulacak-80x50.jpg 80w, https:\/\/www.enerjigazetesi.ist\/wp-content\/uploads\/2015\/11\/eskisehire-39-mwlik-res-kurulacak.jpg 448w\" sizes=\"(max-width: 300px) 100vw, 300px\" \/><\/a>pe, Leyleksekti\u011fi Tepe, Yelli Tepe, K\u0131zmezar\u0131n\u0131n Tepe, Kire\u00e7oca\u011f\u0131 Tepe, Eriklia\u011f\u0131l Tepe ve Dikilita\u015f Tepe Mevkiileri\u201fnde 39 MW kurulu g\u00fcc\u00fcnde \u201cKartal RES\u201d kurulmas\u0131 ve i\u015fletilmesi planlan\u0131yor.<\/p>\n<p>91.500.000 TL bedelli proje ile 13 adet 3,0 MW`l\u0131k r\u00fczgar t\u00fcrbini kurulumu yap\u0131lacak ve y\u0131lda ortalama 101.088.000 kWh elektrik \u00fcretimi ger\u00e7ekle\u015ftirilecek. \u0130\u015fletme \u00f6mr\u00fc 49 y\u0131l olan tesiste \u00fcretilen elektrik enerjisi, 154 kV enerji nakil hatt\u0131 ile Eski\u015fehir 3 Trafo Merkezine ba\u011flanacak.<\/p>\n<p><strong>PROJEYE \u00c7ED GEREKL\u0130 G\u00d6R\u00dcLMED\u0130<\/strong><\/p>\n<p>\u00c7evresel Etki De\u011ferlendirmesi \u0130zin ve Denetim Genel M\u00fcd\u00fcrl\u00fc\u011f\u00fc`n\u00fcn yapt\u0131\u011f\u0131 a\u00e7\u0131klamada, proje ile ilgili olarak Bakanl\u0131\u011fa sunulan dosyan\u0131n incelenip de\u011ferlendirilerek, Eski\u015fehir Valili\u011fi taraf\u0131ndan `\u00c7evresel Etki De\u011ferlendirmesi Gerekli De\u011fildir` karar\u0131 verildi\u011fi belirtildi.<\/p>\n<p>Kaynak: Enerji G\u00fcnl\u00fc\u011f\u00fc<\/p>","protected":false},"excerpt":{"rendered":"<p>Sorry, this entry is only available in Turkish. For the sake of viewer convenience, the content is shown below in the alternative language. You may click the link to switch the active language.Bay Temiz Enerji taraf\u0131ndan Eski\u015fehir`de MW`l\u0131k Kartal R\u00fczgar Santrali kurulmas\u0131 planlan\u0131yor. Bay Temiz Enerji Elektrik \u00dcretim \u0130n\u015faat San. ve Tic. A.\u015e. taraf\u0131ndan, Eski\u015fehir [&hellip;]<\/p>\n","protected":false},"author":1,"featured_media":46595,"comment_status":"open","ping_status":"open","sticky":false,"template":"","format":"standard","meta":[],"categories":[53,50],"tags":[26871,22971,63,67,1009,2698,165,1413,474,69,16,231,26872],"views":1755,"_links":{"self":[{"href":"https:\/\/www.enerjigazetesi.ist\/en\/wp-json\/wp\/v2\/posts\/46594"}],"collection":[{"href":"https:\/\/www.enerjigazetesi.ist\/en\/wp-json\/wp\/v2\/posts"}],"about":[{"href":"https:\/\/www.enerjigazetesi.ist\/en\/wp-json\/wp\/v2\/types\/post"}],"author":[{"embeddable":true,"href":"https:\/\/www.enerjigazetesi.ist\/en\/wp-json\/wp\/v2\/users\/1"}],"replies":[{"embeddable":true,"href":"https:\/\/www.enerjigazetesi.ist\/en\/wp-json\/wp\/v2\/comments?post=46594"}],"version-history":[{"count":1,"href":"https:\/\/www.enerjigazetesi.ist\/en\/wp-json\/wp\/v2\/posts\/46594\/revisions"}],"predecessor-version":[{"id":46596,"href":"https:\/\/www.enerjigazetesi.ist\/en\/wp-json\/wp\/v2\/posts\/46594\/revisions\/46596"}],"wp:featuredmedia":[{"embeddable":true,"href":"https:\/\/www.enerjigazetesi.ist\/en\/wp-json\/wp\/v2\/media\/46595"}],"wp:attachment":[{"href":"https:\/\/www.enerjigazetesi.ist\/en\/wp-json\/wp\/v2\/media?parent=46594"}],"wp:term":[{"taxonomy":"category","embeddable":true,"href":"https:\/\/www.enerjigazetesi.ist\/en\/wp-json\/wp\/v2\/categories?post=46594"},{"taxonomy":"post_tag","embeddable":true,"href":"https:\/\/www.enerjigazetesi.ist\/en\/wp-json\/wp\/v2\/tags?post=46594"}],"curies":[{"name":"wp","href":"https:\/\/api.w.org\/{rel}","templated":true}]}}