{"id":46529,"date":"2015-11-12T09:53:26","date_gmt":"2015-11-12T06:53:26","guid":{"rendered":"https:\/\/www.enerjigazetesi.ist\/?p=46529"},"modified":"2015-11-12T10:01:29","modified_gmt":"2015-11-12T07:01:29","slug":"ii-viop-risk-yonetimi-konferansi-17-kasimda-duzenleniyor","status":"publish","type":"post","link":"https:\/\/www.enerjigazetesi.ist\/en\/ii-viop-risk-yonetimi-konferansi-17-kasimda-duzenleniyor\/","title":{"rendered":"(Turkish) II. V\u0130OP Risk Y\u00f6netimi Konferans\u0131 17 Kas\u0131m\u2019da D\u00fczenleniyor!"},"content":{"rendered":"<p class=\"qtranxs-available-languages-message qtranxs-available-languages-message-en\">Sorry, this entry is only available in <a href=\"https:\/\/www.enerjigazetesi.ist\/tr\/wp-json\/wp\/v2\/posts\/46529\" class=\"qtranxs-available-language-link qtranxs-available-language-link-tr\" title=\"Turkish\">Turkish<\/a>. For the sake of viewer convenience, the content is shown below in the alternative language. You may click the link to switch the active language.<\/p><p><\/p>\n<p style=\"color: #0a0a0a;\"><strong>Borsa \u0130stanbul Vadeli \u0130\u015flem ve Opsiyon Piyasas\u0131 (V\u0130OP) taraf\u0131ndan d\u00fczenlenen II. V\u0130OP Risk Y\u00f6netimi Konferans\u0131, bankac\u0131l\u0131ktan reel<a href=\"https:\/\/www.enerjigazetesi.ist\/wp-content\/uploads\/2015\/11\/borsa-istanbul-22413-696x385.jpg\"><img loading=\"lazy\" class=\"alignright size-medium wp-image-46530\" src=\"https:\/\/www.enerjigazetesi.ist\/wp-content\/uploads\/2015\/11\/borsa-istanbul-22413-696x385-300x165.jpg\" alt=\"borsa-istanbul-22413-696x385\" width=\"300\" height=\"165\" srcset=\"https:\/\/www.enerjigazetesi.ist\/wp-content\/uploads\/2015\/11\/borsa-istanbul-22413-696x385-300x165.jpg 300w, https:\/\/www.enerjigazetesi.ist\/wp-content\/uploads\/2015\/11\/borsa-istanbul-22413-696x385-500x276.jpg 500w, https:\/\/www.enerjigazetesi.ist\/wp-content\/uploads\/2015\/11\/borsa-istanbul-22413-696x385-80x44.jpg 80w, https:\/\/www.enerjigazetesi.ist\/wp-content\/uploads\/2015\/11\/borsa-istanbul-22413-696x385.jpg 696w\" sizes=\"(max-width: 300px) 100vw, 300px\" \/><\/a> sekt\u00f6re \u00fcst d\u00fczey y\u00f6neticileri ve akademisyenleri 17 Kas\u0131m\u2019da bir araya getirecek<\/strong>.<\/p>\n<p style=\"color: #0a0a0a;\">Konferansta V\u0130OP Sanal Portf\u00f6y Yar\u0131\u015fmas\u0131 V\u0130OPS\u2019in \u00f6d\u00fcl t\u00f6reni de ger\u00e7ekle\u015fecek.<span id=\"more-74133\"><\/span><\/p>\n<p style=\"color: #0a0a0a;\">Risk Y\u00f6netimi kavram\u0131n\u0131n merkezinde yer alan t\u00fcrev \u00fcr\u00fcnlerin T\u00fcrkiye\u2019de i\u015flem g\u00f6rd\u00fc\u011f\u00fc tek piyasa olan Borsa \u0130stanbul Vadeli \u0130\u015flem ve Opsiyon Piyasas\u0131 (V\u0130OP), II. V\u0130OP Risk Y\u00f6netimi Konferans\u0131\u2019nda \u00fcst d\u00fczey y\u00f6neticileri ve akademisyenleri bir araya getiriyor.<\/p>\n<p style=\"color: #0a0a0a;\">\u0130lki 4 Haziran 2014\u2019te d\u00fczenlenen konferans\u0131n ikincisi,\u00a0<strong>17 Kas\u0131m 2015 Sal\u0131<\/strong>\u00a0g\u00fcn\u00fc Borsa \u0130stanbul Konferans Salonu\u2019nda Borsa \u0130stanbul CEO\/Genel M\u00fcd\u00fcr\u00fc Tuncay Din\u00e7\u2019in a\u00e7\u0131l\u0131\u015f konu\u015fmas\u0131 ile ba\u015flayacak.<\/p>\n<p style=\"color: #0a0a0a;\">\u201cRisk nedir?\u201d, \u201cBankac\u0131l\u0131k Sekt\u00f6r\u00fcnde Risk Y\u00f6netimi\u201d, \u201cFinansal Kurulu\u015flar ve Kurumsal Yat\u0131r\u0131mc\u0131lar A\u00e7\u0131s\u0131ndan Risk Y\u00f6netimi\u201d, \u201c\u0130slami \u00dcr\u00fcnlerle Risk Y\u00f6netimi\u201d, \u201cEnerji ve Demir \u00c7elik Sekt\u00f6rlerinde Risk Y\u00f6netimi\u201d ve \u201cReel Sekt\u00f6r \u015eirketleri \u00d6zelinde D\u00f6viz Riski Y\u00f6netimi\u201d ba\u015fl\u0131kl\u0131 6 farkl\u0131 oturumun yer alaca\u011f\u0131 konferansta, finans sekt\u00f6r\u00fcnden ve reel sekt\u00f6rden \u00fcst d\u00fczey y\u00f6neticiler ile akademi d\u00fcnyas\u0131ndan risk y\u00f6netimi uzmanlar\u0131 g\u00f6r\u00fc\u015flerini payla\u015facak.<\/p>\n<p style=\"color: #0a0a0a;\">Konferansta ayr\u0131ca 3. ve 4. d\u00f6nem Borsa \u0130stanbul V\u0130OP Sanal Portf\u00f6y Yar\u0131\u015fmas\u0131\u2019nda dereceye girenlere \u00f6d\u00fclleri verilecek.<\/p>\n<p style=\"color: #0a0a0a;\">Borsa \u0130stanbul V\u0130OP, geni\u015f \u00fcr\u00fcn yelpazesiyle yat\u0131r\u0131mc\u0131lar\u0131n ve \u015firketlerin her alandaki risklerinin y\u00f6netilmesinde merkezi kar\u015f\u0131 taraf g\u00fcvencesi ve artan likiditesi ile b\u00f6lgesinin tercih edilen risk y\u00f6netim platformu olma yolunda ilerlemeye devam ediyor.<\/p>\n<p style=\"color: #0a0a0a;\">Konferans program\u0131n\u0131 g\u00f6rmek i\u00e7in l\u00fctfen\u00a0<a style=\"color: #1e73be;\" href=\"http:\/\/www.borsaistanbul.com\/docs\/default-source\/duyuru-dosyalari\/ii-viop-risk-yonetimi-konferansi-davetiyesi.pdf?sfvrsn=4\" target=\"_blank\" rel=\"nofollow\">t\u0131klay\u0131n\u0131z.<\/a><\/p>\n<p style=\"color: #0a0a0a;\">Kay\u0131t olmak i\u00e7in l\u00fctfen\u00a0<strong><a style=\"color: #1e73be;\" href=\"http:\/\/www.borsaistanbul.com\/kurumsal\/borsa-istanbul-hakkinda\/etkinlikler\/viop-risk-yonetimi-konferansi-17-kasim-2015\" target=\"_blank\" rel=\"nofollow\">t\u0131klay\u0131n\u0131z<\/a><\/strong>.<\/p>\n<p><\/p>","protected":false},"excerpt":{"rendered":"<p>Sorry, this entry is only available in Turkish. For the sake of viewer convenience, the content is shown below in the alternative language. You may click the link to switch the active language. Borsa \u0130stanbul Vadeli \u0130\u015flem ve Opsiyon Piyasas\u0131 (V\u0130OP) taraf\u0131ndan d\u00fczenlenen II. V\u0130OP Risk Y\u00f6netimi Konferans\u0131, bankac\u0131l\u0131ktan reel sekt\u00f6re \u00fcst d\u00fczey y\u00f6neticileri ve [&hellip;]<\/p>\n","protected":false},"author":1,"featured_media":46535,"comment_status":"open","ping_status":"open","sticky":false,"template":"","format":"standard","meta":[],"categories":[53],"tags":[4228,23926,26834,26835,26836,26639],"views":866,"_links":{"self":[{"href":"https:\/\/www.enerjigazetesi.ist\/en\/wp-json\/wp\/v2\/posts\/46529"}],"collection":[{"href":"https:\/\/www.enerjigazetesi.ist\/en\/wp-json\/wp\/v2\/posts"}],"about":[{"href":"https:\/\/www.enerjigazetesi.ist\/en\/wp-json\/wp\/v2\/types\/post"}],"author":[{"embeddable":true,"href":"https:\/\/www.enerjigazetesi.ist\/en\/wp-json\/wp\/v2\/users\/1"}],"replies":[{"embeddable":true,"href":"https:\/\/www.enerjigazetesi.ist\/en\/wp-json\/wp\/v2\/comments?post=46529"}],"version-history":[{"count":2,"href":"https:\/\/www.enerjigazetesi.ist\/en\/wp-json\/wp\/v2\/posts\/46529\/revisions"}],"predecessor-version":[{"id":46532,"href":"https:\/\/www.enerjigazetesi.ist\/en\/wp-json\/wp\/v2\/posts\/46529\/revisions\/46532"}],"wp:featuredmedia":[{"embeddable":true,"href":"https:\/\/www.enerjigazetesi.ist\/en\/wp-json\/wp\/v2\/media\/46535"}],"wp:attachment":[{"href":"https:\/\/www.enerjigazetesi.ist\/en\/wp-json\/wp\/v2\/media?parent=46529"}],"wp:term":[{"taxonomy":"category","embeddable":true,"href":"https:\/\/www.enerjigazetesi.ist\/en\/wp-json\/wp\/v2\/categories?post=46529"},{"taxonomy":"post_tag","embeddable":true,"href":"https:\/\/www.enerjigazetesi.ist\/en\/wp-json\/wp\/v2\/tags?post=46529"}],"curies":[{"name":"wp","href":"https:\/\/api.w.org\/{rel}","templated":true}]}}