{"id":46483,"date":"2015-11-11T12:05:43","date_gmt":"2015-11-11T09:05:43","guid":{"rendered":"https:\/\/www.enerjigazetesi.ist\/?p=46483"},"modified":"2015-11-11T12:13:28","modified_gmt":"2015-11-11T09:13:28","slug":"sut-d-ii-karbon-zirvesi-sonuc-raporu-karbon-ayak-iziniz-kac-numara","status":"publish","type":"post","link":"https:\/\/www.enerjigazetesi.ist\/en\/sut-d-ii-karbon-zirvesi-sonuc-raporu-karbon-ayak-iziniz-kac-numara\/","title":{"rendered":"(Turkish) S\u00dcT-D II.Karbon Zirvesi Sonu\u00e7 Raporu: Karbon Ayak \u0130ziniz Ka\u00e7 Numara&#8230;"},"content":{"rendered":"<p class=\"qtranxs-available-languages-message qtranxs-available-languages-message-en\">Sorry, this entry is only available in <a href=\"https:\/\/www.enerjigazetesi.ist\/tr\/wp-json\/wp\/v2\/posts\/46483\" class=\"qtranxs-available-language-link qtranxs-available-language-link-tr\" title=\"Turkish\">Turkish<\/a>. For the sake of viewer convenience, the content is shown below in the alternative language. You may click the link to switch the active language.<\/p><p><strong style=\"color: #0a0a0a;\">\u015e\u0130RKETLERE KARBON CHECK-UP\u2019I GEREK\u0130YOR\u00a0<\/strong><\/p>\n<p>Sonbahar ile k\u0131\u015f\u0131n birbirine kar\u0131\u015ft\u0131\u011f\u0131 bug\u00fcnlerde iklim de\u011fi\u015fikli\u011finin etkilerini derinden hissediyoruz.G\u00fcnl\u00fc<a href=\"https:\/\/www.enerjigazetesi.ist\/wp-content\/uploads\/2015\/11\/karbon-sal\u0131m\u0131-23983-696x385.jpg\"><img loading=\"lazy\" class=\"alignright size-medium wp-image-46484\" src=\"https:\/\/www.enerjigazetesi.ist\/wp-content\/uploads\/2015\/11\/karbon-sal\u0131m\u0131-23983-696x385-300x165.jpg\" alt=\"karbon-sal\u0131m\u0131-23983-696x385\" width=\"300\" height=\"165\" srcset=\"https:\/\/www.enerjigazetesi.ist\/wp-content\/uploads\/2015\/11\/karbon-sal\u0131m\u0131-23983-696x385-300x165.jpg 300w, https:\/\/www.enerjigazetesi.ist\/wp-content\/uploads\/2015\/11\/karbon-sal\u0131m\u0131-23983-696x385-500x276.jpg 500w, https:\/\/www.enerjigazetesi.ist\/wp-content\/uploads\/2015\/11\/karbon-sal\u0131m\u0131-23983-696x385-80x44.jpg 80w, https:\/\/www.enerjigazetesi.ist\/wp-content\/uploads\/2015\/11\/karbon-sal\u0131m\u0131-23983-696x385.jpg 696w\" sizes=\"(max-width: 300px) 100vw, 300px\" \/><\/a>k ya\u015famda ve end\u00fcstride karbon ayak izimiz giderek b\u00fcy\u00fcyor.\u00a0\u0130T\u00dc \u00d6\u011fretim \u00dcyesi ve S\u00dcT-D Ba\u015fkan Yard\u0131mc\u0131s\u0131 Prof. Dr. Filiz Karaosmano\u011flu d\u00fc\u015f\u00fck karbon ekonomisine ge\u00e7ilmezse, kaynaklar\u0131n t\u00fckenme tehlikesiyle kar\u015f\u0131 kar\u015f\u0131ya kalaca\u011f\u0131 konusunda uyard\u0131\u00a0\u0130klim de\u011fi\u015fikli\u011fi, \u00e7a\u011f\u0131m\u0131z\u0131n en \u00f6nemli \u00e7evresel ve ekonomik sorunlar\u0131 aras\u0131nda g\u00f6steriliyor. Bu de\u011fi\u015fime dur demek i\u00e7in sivil toplum kurulu\u015flar\u0131 al\u0131nabilecek \u00f6nlemlere dikkat \u00e7ekiyor. S\u00dcT-D (S\u00fcrd\u00fcrebilir \u00dcretim ve T\u00fcketim Derne\u011fi) Ba\u015fkan Yard\u0131mc\u0131s\u0131 Prof. Dr. Filiz Karaosmano\u011flu, II. Karbon Zirvesi Sonu\u00e7 Raporu\u2019nda yer alan \u00f6nerileri a\u00e7\u0131klayarak \u015fu tavsiyelerde bulundu: \u201cKarbon ayak izimizi d\u00fc\u015f\u00fcrmemiz gerekti\u011fini unutmamal\u0131y\u0131z. Yerk\u00fcremizin gelece\u011fini d\u00fc\u015f\u00fck karbon ekonomisi kurtaracak. \u0130klimle m\u00fccadele, end\u00fcstrilerin s\u00fcrd\u00fcr\u00fclebilirlik politikalar\u0131n\u0131n lokomotifi olacak.\u201d<br \/>\n<strong>Gelece\u011fi d\u00fc\u015f\u00fck karbon ekonomisi kurtaracak<\/strong><br \/>\nAral\u0131k 2015\u2019te Paris\u2019te ger\u00e7ekle\u015fecek 21. Birle\u015fmi\u015f Milletler \u0130klim De\u011fi\u015fikli\u011fi \u00c7er\u00e7eve S\u00f6zle\u015fmesi (BM\u0130D\u00c7S) Taraflar Konferans\u0131 (COP21) \u00f6ncesinde a\u00e7\u0131klamalarda bulunan S\u00dcT-D Ba\u015fkan Yard\u0131mc\u0131s\u0131 Prof. Dr. Filiz Karaosmano\u011flu, iklim de\u011fi\u015fikli\u011fi anla\u015fmas\u0131nda T\u00fcrkiye\u2019nin duru\u015funun \u00f6nemli oldu\u011funu belirtti. Prof. Dr. Karaosmano\u011flu s\u00f6zlerine \u015f\u00f6yle devam etti: \u201cKarbon y\u00f6netimi, karbon azalt\u0131m\u0131 ve emisyon ticareti piyasalar\u0131nda ki\u015filerin yan\u0131 s\u0131ra kurumlara da \u00e7ok \u00f6nemli g\u00f6revler d\u00fc\u015f\u00fcyor.\u201d<br \/>\n<strong>Karbon check-up\u2019\u0131n\u0131z\u0131 yapt\u0131rd\u0131n\u0131z m\u0131?<\/strong><br \/>\nD\u00fc\u015f\u00fck karbon ekonomisinin t\u00fcm d\u00fcnyada \u00f6nem kazand\u0131\u011f\u0131na vurgu yapan Prof. Dr. Karaosmano\u011flu, \u015firketlerin bu s\u00fcrece karbon check-up\u2019\u0131 yapt\u0131rarak ba\u015flamalar\u0131 gerekti\u011fini belirtti. Prof. Dr. Filiz Karaosmano\u011flu \u201c\u00dcretim zincirinin ya\u015fam d\u00f6ng\u00fcs\u00fc boyunca incelenip mevcut g\u00f6r\u00fcn\u00fcm\u00fcn ortaya konulmas\u0131 b\u00fcy\u00fck \u00f6nem ta\u015f\u0131yor. End\u00fcstrilerin \u00fcretimde \u00e7evreye daha az zarar verecek, kirletici sal\u0131n\u0131m\u0131n\u0131 azaltacak, ba\u015fta enerji ve su olmak \u00fczere t\u00fcm ham madde girdilerini daha verimli kullanmaya y\u00f6nelik iyile\u015ftirme ve de\u011fi\u015fiklikleri yapmas\u0131 gerekiyor. AB hedeflerinde oldu\u011fu gibi hep beraber\u00a0 \u2018karbonsuzla\u015ft\u0131rmay\u0131\u2019 ba\u015farmal\u0131y\u0131z. End\u00fcstrinin karbon ayak izinin artmas\u0131n\u0131 engellemeliyiz. Burada ba\u015fta sanayicilerimiz olmak \u00fczere hepimize g\u00f6rev d\u00fc\u015f\u00fcyor\u201d dedi.\u00a0Prof. Dr. Karaosmano\u011flu, T\u00fcrkiye\u2019nin karbon politikas\u0131yla ilgili \u00f6nerilerin yer ald\u0131\u011f\u0131 II. Karbon Zirvesi Sonu\u00e7 Raporu ve E-Kitap \u00e7al\u0131\u015fmas\u0131na S\u00dcT-D w! eb sitesi \u00fczerinden ula\u015f\u0131labilece\u011fini bildirdi. Gelenekselle\u015fen Karbon Zirvesi\u2019nin \u00fc\u00e7\u00fcnc\u00fcs\u00fcn\u00fcn ise 14-15 Nisan 2016 tarihlerinde \u0130T\u00dc ev sahipli\u011finde ger\u00e7ekle\u015ftirilece\u011fini belirten Prof. Dr. Karaosmano\u011flu, zirvede, karbon y\u00f6netimi ile ilgili sorun ve \u00e7\u00f6z\u00fcmlerin de payla\u015f\u0131laca\u011f\u0131n\u0131 duyurdu.<br \/>\nS\u00dcT-D Hakk\u0131nda:S\u00fcrd\u00fcr\u00fclebilir \u00dcretim ve T\u00fcketim Derne\u011fi (S\u00dcT-D), \u201cS\u00fcrd\u00fcr\u00fclebilir \u00dcretim ve T\u00fcketim\u201d olgusu konusunda bilgi ve kapasite olu\u015fturmak, konunun fark\u0131ndal\u0131\u011f\u0131n\u0131 art\u0131rarak, ulusal ve uluslararas\u0131 etkinliklerle yayg\u0131n etki yaratmak hedefi ile 2013 y\u0131l\u0131nda kamu, i\u015f ve akademi temsilcilerince kuruldu. S\u00dcT-D t\u00fcm etkinliklerinde resmi erk, yerel y\u00f6netimler, \u00fcniversiteler, i\u015f d\u00fcnyas\u0131, sivil toplum \u00f6rg\u00fctleri ve medya ile yak\u0131n i\u015fbirli\u011finde olma ve \u201cS\u00fcrd\u00fcr\u00fclebilirlik\u201d kavram\u0131n\u0131n t\u00fcm sosyal ve teknik y\u00f6nleriyle u\u011fra\u015f vermeyi \u00f6ncelikli g\u00f6rerek, yerk\u00fcre i\u00e7in ye\u015fil sivil g\u00fcc\u00fcn\u00fc ortaya koymaktad\u0131r.<\/p>\n<p><strong style=\"color: #0a0a0a;\">Prof.Dr. Filiz Karaosmano<span style=\"color: #000000;\">\u011f<\/span><a style=\"color: #1e73be;\" href=\"mailto:lu%3Afiliz@itu.edu.tr\" target=\"_blank\"><span style=\"color: #000000;\">lu<\/span>:filiz@itu.edu.tr<\/a><wbr><\/wbr>,\u00a0<a style=\"color: #1e73be;\" href=\"tel:0532%20286%2021%2055\" target=\"_blank\">0532 286 21 55<\/a><\/strong><\/p>","protected":false},"excerpt":{"rendered":"<p>Sorry, this entry is only available in Turkish. For the sake of viewer convenience, the content is shown below in the alternative language. You may click the link to switch the active language.\u015e\u0130RKETLERE KARBON CHECK-UP\u2019I GEREK\u0130YOR\u00a0 Sonbahar ile k\u0131\u015f\u0131n birbirine kar\u0131\u015ft\u0131\u011f\u0131 bug\u00fcnlerde iklim de\u011fi\u015fikli\u011finin etkilerini derinden hissediyoruz.G\u00fcnl\u00fck ya\u015famda ve end\u00fcstride karbon ayak izimiz giderek b\u00fcy\u00fcyor.\u00a0\u0130T\u00dc [&hellip;]<\/p>\n","protected":false},"author":1,"featured_media":46484,"comment_status":"open","ping_status":"open","sticky":false,"template":"","format":"standard","meta":[],"categories":[53],"tags":[26812,26790,1351,1426,26813],"views":1064,"_links":{"self":[{"href":"https:\/\/www.enerjigazetesi.ist\/en\/wp-json\/wp\/v2\/posts\/46483"}],"collection":[{"href":"https:\/\/www.enerjigazetesi.ist\/en\/wp-json\/wp\/v2\/posts"}],"about":[{"href":"https:\/\/www.enerjigazetesi.ist\/en\/wp-json\/wp\/v2\/types\/post"}],"author":[{"embeddable":true,"href":"https:\/\/www.enerjigazetesi.ist\/en\/wp-json\/wp\/v2\/users\/1"}],"replies":[{"embeddable":true,"href":"https:\/\/www.enerjigazetesi.ist\/en\/wp-json\/wp\/v2\/comments?post=46483"}],"version-history":[{"count":3,"href":"https:\/\/www.enerjigazetesi.ist\/en\/wp-json\/wp\/v2\/posts\/46483\/revisions"}],"predecessor-version":[{"id":46488,"href":"https:\/\/www.enerjigazetesi.ist\/en\/wp-json\/wp\/v2\/posts\/46483\/revisions\/46488"}],"wp:featuredmedia":[{"embeddable":true,"href":"https:\/\/www.enerjigazetesi.ist\/en\/wp-json\/wp\/v2\/media\/46484"}],"wp:attachment":[{"href":"https:\/\/www.enerjigazetesi.ist\/en\/wp-json\/wp\/v2\/media?parent=46483"}],"wp:term":[{"taxonomy":"category","embeddable":true,"href":"https:\/\/www.enerjigazetesi.ist\/en\/wp-json\/wp\/v2\/categories?post=46483"},{"taxonomy":"post_tag","embeddable":true,"href":"https:\/\/www.enerjigazetesi.ist\/en\/wp-json\/wp\/v2\/tags?post=46483"}],"curies":[{"name":"wp","href":"https:\/\/api.w.org\/{rel}","templated":true}]}}