{"id":46469,"date":"2015-11-10T22:47:27","date_gmt":"2015-11-10T19:47:27","guid":{"rendered":"https:\/\/www.enerjigazetesi.ist\/?p=46469"},"modified":"2015-11-10T22:47:27","modified_gmt":"2015-11-10T19:47:27","slug":"ekim-ayindaki-kapasite-artisinda-yenilenebilir-payi-yuzde-99u-asti","status":"publish","type":"post","link":"https:\/\/www.enerjigazetesi.ist\/en\/ekim-ayindaki-kapasite-artisinda-yenilenebilir-payi-yuzde-99u-asti\/","title":{"rendered":"(Turkish) Ekim Ay\u0131ndaki Kapasite Art\u0131\u015f\u0131nda Yenilenebilir Pay\u0131 Y\u00fczde 99&#8217;u A\u015ft\u0131&#8230;"},"content":{"rendered":"<p class=\"qtranxs-available-languages-message qtranxs-available-languages-message-en\">Sorry, this entry is only available in <a href=\"https:\/\/www.enerjigazetesi.ist\/tr\/wp-json\/wp\/v2\/posts\/46469\" class=\"qtranxs-available-language-link qtranxs-available-language-link-tr\" title=\"Turkish\">Turkish<\/a>. For the sake of viewer convenience, the content is shown below in the alternative language. You may click the link to switch the active language.<\/p><p><strong>T\u00fcrkiye\u2019nin lisanssl\u0131 elektrik \u00fcretim kapasitesinin ge\u00e7en ay 483 MW artt\u0131\u011f\u0131 bildirildi. Enerji ve Tabii Kaynaklar Bakanl\u0131\u011f\u0131 taraf\u0131ndan yay\u0131nlanan enerji yat\u0131r\u0131mlar\u0131 tablosuna g\u00f6re bu art\u0131\u015f i\u00e7inde fosil yak\u0131tlar\u0131n pay\u0131 yaln\u0131zca 4 MW oldu.<\/strong><\/p>\n<p>Verilere g\u00f6re ge\u00e7en ay ger\u00e7ekle<a href=\"https:\/\/www.enerjigazetesi.ist\/wp-content\/uploads\/2015\/11\/ekim-ayindaki-kapasite-artisinda-yenilenebilir-payi-yuzde-99u-asti.jpg\"><img loading=\"lazy\" class=\"alignleft wp-image-46470 size-medium\" src=\"https:\/\/www.enerjigazetesi.ist\/wp-content\/uploads\/2015\/11\/ekim-ayindaki-kapasite-artisinda-yenilenebilir-payi-yuzde-99u-asti-300x163.jpg\" alt=\"ekim-ayindaki-kapasite-artisinda-yenilenebilir-payi-yuzde-99u-asti\" width=\"300\" height=\"163\" srcset=\"https:\/\/www.enerjigazetesi.ist\/wp-content\/uploads\/2015\/11\/ekim-ayindaki-kapasite-artisinda-yenilenebilir-payi-yuzde-99u-asti-300x163.jpg 300w, https:\/\/www.enerjigazetesi.ist\/wp-content\/uploads\/2015\/11\/ekim-ayindaki-kapasite-artisinda-yenilenebilir-payi-yuzde-99u-asti-80x43.jpg 80w, https:\/\/www.enerjigazetesi.ist\/wp-content\/uploads\/2015\/11\/ekim-ayindaki-kapasite-artisinda-yenilenebilir-payi-yuzde-99u-asti.jpg 460w\" sizes=\"(max-width: 300px) 100vw, 300px\" \/><\/a>\u015fen art\u0131\u015fta hidroelektrik santrallerinin pay\u0131 274,944 MW, r\u00fczgar enerjisi\u00a0santrallerinin 152,5 MW, jeotermal enerji santrallerinin 42,51 MW ve biyok\u00fctle santrallerinin pay\u0131 18,129 MW oldu.<\/p>\n<p>Ge\u00e7en y\u0131l\u0131n ayn\u0131 d\u00f6neminde ise kapasite art\u0131\u015f\u0131 562 MW olmu\u015ftu. Bunun 70,350 MW\u2019l\u0131k b\u00f6l\u00fcm\u00fcn\u00fc termik santraller, 403,184 MW\u2019l\u0131k b\u00f6l\u00fcm\u00fcn\u00fc hidroelektrik enerji santralleri, 12 MW\u2019l\u0131k b\u00f6l\u00fcm\u00fcn\u00fc r\u00fczgar enerjisi santralleri, 76,420 MW\u2019l\u0131k b\u00f6l\u00fcm\u00fcn\u00fc ise di\u011fer yat\u0131r\u0131mlar olu\u015fturmu\u015ftu.<\/p>\n<p><strong>Toplam art\u0131\u015f 3,3 GW\u2019a ula\u015ft\u0131<\/strong><\/p>\n<p>Elektrik \u00fcretim kapasitesinde 2015\u2019in ilk 10 ay\u0131ndaki toplam art\u0131\u015f ise 3.295,697 MW oldu. Bunun 431,566 MW\u2019l\u0131k b\u00f6l\u00fcm\u00fcn\u00fc termik santraller, 1.992,708 MW\u2019l\u0131k b\u00f6l\u00fcm\u00fcn\u00fc hidroelektrik enerji santralleri, 628,500 MW\u2019l\u0131k b\u00f6l\u00fcm\u00fcn\u00fc r\u00fczgar enerjisi santralleri, 209,327 MW\u2019l\u0131k b\u00f6l\u00fcm\u00fcn\u00fc jeotermal enerji santraller, 33,596 MW\u2019l\u0131k b\u00f6l\u00fcm\u00fcn\u00fc ise biyok\u00fctle ve di\u011fer kaynaklara dayal\u0131 santraller olu\u015fturdu.<\/p>\n<p><strong>R\u00fczgar enerjisinin elektrik \u00fcretimindeki pay\u0131 art\u0131yor<\/strong><\/p>\n<p>Ekim ay\u0131nda toplam elektrik \u00fcretimi ise 20.971.400 MWh olarak ger\u00e7ekle\u015fti. Bu \u00fcretimin y\u00fczde 41\u2019i do\u011fal gaz, y\u00fczde 17\u2019si barajl\u0131 hidroelektrik santraller, y\u00fczde 16\u2019s\u0131 ithal k\u00f6m\u00fcre dayal\u0131, y\u00fczde 12\u2019sini ise linyite dayal\u0131 santraller\u00a0 olu\u015fturdu.<\/p>\n<p>R\u00fczgar enerjisinin T\u00fcrkiye\u2019nin elektrik \u00fcretimdeki pay\u0131 ise ge\u00e7en y\u0131l\u0131n ayn\u0131 d\u00f6nemine ve ge\u00e7en aya g\u00f6re y\u00fczde 20 oran\u0131nda artt\u0131.<\/p>\n<p>R\u00fczgar enerjisi ge\u00e7en y\u0131l\u0131n Ekim ay\u0131nda ve Eyl\u00fcl ay\u0131nda elektrik \u00fcretiminin y\u00fczde 4\u2019\u00fcn\u00fc kar\u015f\u0131larken, bu oran Ekim ay\u0131nda y\u00fczde 5\u2019lik paya ula\u015ft\u0131.<\/p>\n<p>Kaynak: Ye\u015fil Ekonomi<\/p>","protected":false},"excerpt":{"rendered":"<p>Sorry, this entry is only available in Turkish. For the sake of viewer convenience, the content is shown below in the alternative language. You may click the link to switch the active language.T\u00fcrkiye\u2019nin lisanssl\u0131 elektrik \u00fcretim kapasitesinin ge\u00e7en ay 483 MW artt\u0131\u011f\u0131 bildirildi. Enerji ve Tabii Kaynaklar Bakanl\u0131\u011f\u0131 taraf\u0131ndan yay\u0131nlanan enerji yat\u0131r\u0131mlar\u0131 tablosuna g\u00f6re bu [&hellip;]<\/p>\n","protected":false},"author":1,"featured_media":46470,"comment_status":"open","ping_status":"open","sticky":false,"template":"","format":"standard","meta":[],"categories":[22893,51,53,47,50],"tags":[1678,26809,68,61,19638,1451,2873,19,63,67,1009,2698,165,4724,10764,16,846,105],"views":1262,"_links":{"self":[{"href":"https:\/\/www.enerjigazetesi.ist\/en\/wp-json\/wp\/v2\/posts\/46469"}],"collection":[{"href":"https:\/\/www.enerjigazetesi.ist\/en\/wp-json\/wp\/v2\/posts"}],"about":[{"href":"https:\/\/www.enerjigazetesi.ist\/en\/wp-json\/wp\/v2\/types\/post"}],"author":[{"embeddable":true,"href":"https:\/\/www.enerjigazetesi.ist\/en\/wp-json\/wp\/v2\/users\/1"}],"replies":[{"embeddable":true,"href":"https:\/\/www.enerjigazetesi.ist\/en\/wp-json\/wp\/v2\/comments?post=46469"}],"version-history":[{"count":1,"href":"https:\/\/www.enerjigazetesi.ist\/en\/wp-json\/wp\/v2\/posts\/46469\/revisions"}],"predecessor-version":[{"id":46471,"href":"https:\/\/www.enerjigazetesi.ist\/en\/wp-json\/wp\/v2\/posts\/46469\/revisions\/46471"}],"wp:featuredmedia":[{"embeddable":true,"href":"https:\/\/www.enerjigazetesi.ist\/en\/wp-json\/wp\/v2\/media\/46470"}],"wp:attachment":[{"href":"https:\/\/www.enerjigazetesi.ist\/en\/wp-json\/wp\/v2\/media?parent=46469"}],"wp:term":[{"taxonomy":"category","embeddable":true,"href":"https:\/\/www.enerjigazetesi.ist\/en\/wp-json\/wp\/v2\/categories?post=46469"},{"taxonomy":"post_tag","embeddable":true,"href":"https:\/\/www.enerjigazetesi.ist\/en\/wp-json\/wp\/v2\/tags?post=46469"}],"curies":[{"name":"wp","href":"https:\/\/api.w.org\/{rel}","templated":true}]}}