{"id":46381,"date":"2015-11-08T21:32:55","date_gmt":"2015-11-08T18:32:55","guid":{"rendered":"https:\/\/www.enerjigazetesi.ist\/?p=46381"},"modified":"2015-11-08T21:32:55","modified_gmt":"2015-11-08T18:32:55","slug":"ruzgar-enerjisi-yatirimlari-tuv-sud-ile-guvende","status":"publish","type":"post","link":"https:\/\/www.enerjigazetesi.ist\/en\/ruzgar-enerjisi-yatirimlari-tuv-sud-ile-guvende\/","title":{"rendered":"(Turkish) R\u00fczg\u00e2r Enerjisi Yat\u0131r\u0131mlar\u0131 T\u00dcV S\u00dcD \u0130le G\u00fcvende!"},"content":{"rendered":"<p class=\"qtranxs-available-languages-message qtranxs-available-languages-message-en\">Sorry, this entry is only available in <a href=\"https:\/\/www.enerjigazetesi.ist\/tr\/wp-json\/wp\/v2\/posts\/46381\" class=\"qtranxs-available-language-link qtranxs-available-language-link-tr\" title=\"Turkish\">Turkish<\/a>. For the sake of viewer convenience, the content is shown below in the alternative language. You may click the link to switch the active language.<\/p><p><\/p>\n<p style=\"color: #666666;\"><span style=\"font-weight: bold; color: #222222;\">R\u00fczg\u00e2r enerjisi sekt\u00f6r\u00fcnde projelere verdi\u011fi ba\u011f\u0131ms\u0131z g\u00f6zetim ve de\u011ferlendirme hizmetleri ile hem yat\u0131r\u0131mc\u0131 hem de i\u015fletmeciler i\u00e7in riskleri en aza indiren T\u00dcV S\u00dcD, sekt\u00f6re y\u00f6nelik hizmetlerini Avrupa R\u00fczg\u00e2r Enerjisi Birli\u011fi\u2019nin 17-20 Kas\u0131m tarihleri aras\u0131nda Paris\u2019te ger\u00e7ekle\u015ftirece\u011fi fuarda tan\u0131tacak.<\/span><\/p>\n<p style=\"color: #666666;\">T\u00fcrkiye\u2019de<span style=\"font-weight: bold; color: #222222;\">\u00a0r\u00fczgar enerji santralleri<\/span>\u00a0i\u00e7in belgelendirme ve risk hizmetleri giderek \u00f6nem kazan\u0131yor. T\u00fcrkiye\u2019de bu konuda \u00e7al\u0131\u015fmalar yapan kurulu\u015f<a href=\"https:\/\/www.enerjigazetesi.ist\/wp-content\/uploads\/2015\/11\/ruzgar-enerjisi-yatirimlari-tuv-sud-ile-guvende.jpg\"><img loading=\"lazy\" class=\"alignleft  wp-image-46382\" src=\"https:\/\/www.enerjigazetesi.ist\/wp-content\/uploads\/2015\/11\/ruzgar-enerjisi-yatirimlari-tuv-sud-ile-guvende-300x110.jpg\" alt=\"ruzgar-enerjisi-yatirimlari-tuv-sud-ile-guvende\" width=\"312\" height=\"207\" \/><\/a>lar bulunuyor.<\/p>\n<p style=\"color: #666666;\">R\u00fczg\u00e2r enerjisi sekt\u00f6r\u00fc\u00a0gittik\u00e7e daha fazla uluslararas\u0131 hale gelirken,\u00a0<span style=\"font-weight: bold; color: #222222;\">r\u00fczg\u00e2r t\u00fcrbinleri<\/span>\u00a0ve bile\u015fenlerinin \u00fcretim hacmi art\u0131yor, k\u00fcresel \u00e7apta ticaret alan\u0131 geni\u015fliyor. Dolay\u0131s\u0131yla\u00a0<span style=\"font-weight: bold; color: #222222;\">r\u00fczg\u00e2r t\u00fcrbinleri\u00a0<\/span>ve bile\u015fenlerinin vas\u0131flar\u0131 bak\u0131m\u0131ndan ba\u011f\u0131ms\u0131z de\u011ferlendirme ve sertifikaland\u0131rma ile denetlenmesi ve belgelendirilmesi bir ihtiya\u00e7 haline d\u00f6n\u00fc\u015f\u00fcrken, tesisler ve\u00a0<span style=\"font-weight: bold; color: #222222;\">r\u00fczg\u00e2r santrallerindeki<\/span>\u00a0yat\u0131r\u0131mlar\u0131n da g\u00fcvence alt\u0131na al\u0131nmas\u0131 gerekiyor.<\/p>\n<p style=\"color: #666666;\">T\u00dcV S\u00dcD,\u00a0<span style=\"font-weight: bold; color: #222222;\">r\u00fczg\u00e2r enerjisinde<\/span>\u00a0sekt\u00f6r kapasitesinin b\u00fcy\u00fcmesiyle ortaya \u00e7\u0131kan yeni riskler kar\u015f\u0131s\u0131nda\u00a0<span style=\"font-weight: bold; color: #222222;\">r\u00fczg\u00e2r santrali\u00a0<\/span>belgelendirmesi ve risk de\u011ferlendirmesi gibi uzmanl\u0131k hizmetleri sunarak yat\u0131r\u0131m de\u011ferlerinin korunmas\u0131n\u0131 sa\u011fl\u0131yor. Uzman kadrosu ile\u00a0<span style=\"font-weight: bold; color: #222222;\">r\u00fczg\u00e2r santrallerinde<\/span>\u00a0al\u0131m-sat\u0131m i\u015flemlerinin kar\u015f\u0131l\u0131kl\u0131 g\u00fcven i\u00e7inde ger\u00e7ekle\u015fmesini sa\u011flayan T\u00dcV S\u00dcD, sekt\u00f6re y\u00f6nelik t\u00fcm hizmetlerini Avrupa R\u00fczg\u00e2r Enerjisi Birli\u011fi\u2019nin d\u00fczenledi\u011fi EWEA 2015 fuar\u0131nda tan\u0131tacak. D\u00fcnyan\u0131n en b\u00fcy\u00fck\u00a0<span style=\"font-weight: bold; color: #222222;\">r\u00fczg\u00e2r enerjisi fuar\u0131<\/span>\u00a017-20 Kas\u0131m tarihleri aras\u0131nda Paris\u2019te ger\u00e7ekle\u015ftirecek.<\/p>\n<p style=\"color: #666666;\"><span style=\"font-weight: bold; color: #222222;\">Risk de\u011ferlendirmesi iki taraf i\u00e7in de kazan\u00e7l\u0131<\/span><\/p>\n<p style=\"color: #666666;\"><span style=\"font-weight: bold; color: #222222;\">R\u00fczg\u00e2r santrallerinin<\/span>\u00a0yat\u0131r\u0131mlar\u0131 bir b\u00fct\u00fcn olarak g\u00fcvence alt\u0131na almas\u0131 \u00f6zellikle \u00f6nem ta\u015f\u0131yor. T\u00dcV S\u00dcD Almanya De\u011ferlendirme ve Belgelendirme Tak\u0131m Lideri Thomas Zirngibl konu ile ilgili \u015f\u00f6yle konu\u015ftu: \u201cRisklerin saptanmamas\u0131 durumunda i\u015fletmecinin likidite ak\u0131\u015f\u0131 ve portfolyosu kayda de\u011fer bi\u00e7imde zarar g\u00f6rebilir.\u201d<\/p>\n<p style=\"color: #666666;\">T\u00dcV S\u00dcD\u2019\u00fcn belgelendirme uzmanlar\u0131,\u00a0<span style=\"font-weight: bold; color: #222222;\">r\u00fczg\u00e2r santralinin\u00a0<\/span>kapsam\u0131 i\u00e7erisinde proje a\u015famas\u0131na g\u00f6re santralin sat\u0131n al\u0131m\u0131nda etkili olan f\u0131rsat ve riskleri belirliyor. Proje de\u011ferlendirmeleri, tesis ve saha ko\u015fullar\u0131n\u0131n analiz edilmesi, kontratlar ve olas\u0131 mali y\u00fck\u00fcml\u00fcl\u00fck risklerinin analizi ile birlikte \u00e7\u00f6z\u00fcm stratejilerinin geli\u015ftirilmesini i\u00e7eriyor. T\u00dcV S\u00dcD uzmanlar\u0131, prestijli yat\u0131r\u0131mc\u0131lar\u0131 temsilen ger\u00e7ekle\u015ftirdikleri de\u011ferlendirmeler ile b\u00fcy\u00fck\u00a0<span style=\"font-weight: bold; color: #222222;\">r\u00fczg\u00e2r santrallerinin<\/span>\u00a0al\u0131m-sat\u0131m i\u015flemlerinde g\u00fcvence sa\u011fl\u0131yor.<\/p>\n<p style=\"color: #666666;\"><span style=\"font-weight: bold; color: #222222;\">T\u00dcV S\u00dcD\u2019\u00fcn r\u00fczg\u00e2r g\u00fcc\u00fc kapasitesi<\/span><br \/>\n<span style=\"font-weight: bold; color: #222222;\"><br \/>\nR\u00fczg\u00e2r santrali, t\u00fcrbin ve bile\u015fenleri<\/span>\u00a0sertifikasyonunda geni\u015f bir deneyime sahip olan uluslararas\u0131 denetim ve sertifikasyon uzman\u0131 T\u00dcV S\u00dcD, verdi\u011fi hizmetler ile in\u015faat s\u0131ras\u0131nda planlamac\u0131, m\u00fcteahhit, yat\u0131r\u0131mc\u0131 ve i\u015fletmecilere risk analizleri \u00e7\u0131kar\u0131lmas\u0131, i\u015f g\u00fcvenli\u011finin s\u00fcrd\u00fcr\u00fclmesi ve kalite kontrol s\u00fcre\u00e7lerinin takibi konular\u0131nda destek sa\u011fl\u0131yor. T\u00dcV S\u00dcD\u2019\u00fcn hizmet verdi\u011fi di\u011fer \u00e7ekirdek alanlar, bile\u015fen imalat\u0131 ve periyodik testlerde kalite g\u00fcvencesi sa\u011flanmas\u0131 ile birlikte r\u00fczgar t\u00fcrbinlerinin hizmet s\u00fcresi boyunca denetlenmesini i\u00e7eriyor.<\/p>\n<p style=\"color: #666666;\">Kaynak: Alternatif Enerji<\/p>\n<p><\/p>","protected":false},"excerpt":{"rendered":"<p>Sorry, this entry is only available in Turkish. For the sake of viewer convenience, the content is shown below in the alternative language. You may click the link to switch the active language. R\u00fczg\u00e2r enerjisi sekt\u00f6r\u00fcnde projelere verdi\u011fi ba\u011f\u0131ms\u0131z g\u00f6zetim ve de\u011ferlendirme hizmetleri ile hem yat\u0131r\u0131mc\u0131 hem de i\u015fletmeciler i\u00e7in riskleri en aza indiren T\u00dcV [&hellip;]<\/p>\n","protected":false},"author":1,"featured_media":46382,"comment_status":"open","ping_status":"open","sticky":false,"template":"","format":"standard","meta":[],"categories":[53,50],"tags":[1681,63,67,1009,2698,165,69,16,4013,23318,4784,26774],"views":1149,"_links":{"self":[{"href":"https:\/\/www.enerjigazetesi.ist\/en\/wp-json\/wp\/v2\/posts\/46381"}],"collection":[{"href":"https:\/\/www.enerjigazetesi.ist\/en\/wp-json\/wp\/v2\/posts"}],"about":[{"href":"https:\/\/www.enerjigazetesi.ist\/en\/wp-json\/wp\/v2\/types\/post"}],"author":[{"embeddable":true,"href":"https:\/\/www.enerjigazetesi.ist\/en\/wp-json\/wp\/v2\/users\/1"}],"replies":[{"embeddable":true,"href":"https:\/\/www.enerjigazetesi.ist\/en\/wp-json\/wp\/v2\/comments?post=46381"}],"version-history":[{"count":1,"href":"https:\/\/www.enerjigazetesi.ist\/en\/wp-json\/wp\/v2\/posts\/46381\/revisions"}],"predecessor-version":[{"id":46383,"href":"https:\/\/www.enerjigazetesi.ist\/en\/wp-json\/wp\/v2\/posts\/46381\/revisions\/46383"}],"wp:featuredmedia":[{"embeddable":true,"href":"https:\/\/www.enerjigazetesi.ist\/en\/wp-json\/wp\/v2\/media\/46382"}],"wp:attachment":[{"href":"https:\/\/www.enerjigazetesi.ist\/en\/wp-json\/wp\/v2\/media?parent=46381"}],"wp:term":[{"taxonomy":"category","embeddable":true,"href":"https:\/\/www.enerjigazetesi.ist\/en\/wp-json\/wp\/v2\/categories?post=46381"},{"taxonomy":"post_tag","embeddable":true,"href":"https:\/\/www.enerjigazetesi.ist\/en\/wp-json\/wp\/v2\/tags?post=46381"}],"curies":[{"name":"wp","href":"https:\/\/api.w.org\/{rel}","templated":true}]}}