{"id":46367,"date":"2015-11-08T21:06:14","date_gmt":"2015-11-08T18:06:14","guid":{"rendered":"https:\/\/www.enerjigazetesi.ist\/?p=46367"},"modified":"2015-11-08T21:13:18","modified_gmt":"2015-11-08T18:13:18","slug":"petrolde-arz-fazlasi-5-yil-daha-surebilir","status":"publish","type":"post","link":"https:\/\/www.enerjigazetesi.ist\/en\/petrolde-arz-fazlasi-5-yil-daha-surebilir\/","title":{"rendered":"(Turkish) &#8221;Petrolde Arz Fazlas\u0131 5 Y\u0131l Daha S\u00fcrebilir!&#8221;"},"content":{"rendered":"<p class=\"qtranxs-available-languages-message qtranxs-available-languages-message-en\">Sorry, this entry is only available in <a href=\"https:\/\/www.enerjigazetesi.ist\/tr\/wp-json\/wp\/v2\/posts\/46367\" class=\"qtranxs-available-language-link qtranxs-available-language-link-tr\" title=\"Turkish\">Turkish<\/a>. For the sake of viewer convenience, the content is shown below in the alternative language. You may click the link to switch the active language.<\/p><p><\/p>\n<p class=\"selectionShareable\" style=\"color: #000000;\"><strong>Kuveyt&#8217;in OPEC <a href=\"https:\/\/www.enerjigazetesi.ist\/wp-content\/uploads\/2015\/11\/patrolde-arz-fazlasi-5-yil-daha-surebilir.jpg\"><img loading=\"lazy\" class=\"alignleft size-medium wp-image-46368\" src=\"https:\/\/www.enerjigazetesi.ist\/wp-content\/uploads\/2015\/11\/patrolde-arz-fazlasi-5-yil-daha-surebilir-300x200.jpg\" alt=\"patrolde-arz-fazlasi-5-yil-daha-surebilir\" width=\"300\" height=\"200\" srcset=\"https:\/\/www.enerjigazetesi.ist\/wp-content\/uploads\/2015\/11\/patrolde-arz-fazlasi-5-yil-daha-surebilir-300x200.jpg 300w, https:\/\/www.enerjigazetesi.ist\/wp-content\/uploads\/2015\/11\/patrolde-arz-fazlasi-5-yil-daha-surebilir-500x333.jpg 500w, https:\/\/www.enerjigazetesi.ist\/wp-content\/uploads\/2015\/11\/patrolde-arz-fazlasi-5-yil-daha-surebilir-75x50.jpg 75w, https:\/\/www.enerjigazetesi.ist\/wp-content\/uploads\/2015\/11\/patrolde-arz-fazlasi-5-yil-daha-surebilir.jpg 576w\" sizes=\"(max-width: 300px) 100vw, 300px\" \/><\/a>Temsilcisi\u00a0Mohammed Al-Shatti,\u00a0petrolde\u00a0arz fazlas\u0131n\u0131n 5 y\u0131l daha s\u00fcrebilece\u011fini s\u00f6yledi.<\/strong><\/p>\n<p class=\"selectionShareable\" style=\"color: #000000;\">Al-Shatti, Doha&#8217;da verdi\u011fi bir m\u00fclakatta,\u00a0Irak,\u00a0Libya\u00a0ve\u0130ran&#8217;dan gelecek petrolle arzda art\u0131\u015f beklendi\u011fini ve bunun petrol piyasas\u0131n\u0131n denge bulmas\u0131n\u0131 geciktirebilece\u011fini belirtti.<\/p>\n<p class=\"selectionShareable\" style=\"color: #000000;\">Al-Shatti, \u0130ran&#8217;dan 2016&#8217;da g\u00fcnl\u00fck 1 milyon varil petrol\u00fcn gelebilece\u011fini ve e\u011fer arz jeopolitik sorunlar ve\u00a0petrol \u015firketlerinin sermaye yat\u0131r\u0131mlar\u0131ndaki y\u00fczde 30&#8217;luk d\u00fc\u015f\u00fc\u015f\u00fcn gelecekte \u00fcretimi azaltacak olmas\u0131ndan dolay\u0131 d\u00fc\u015ferse,\u00a0petrol fiyatlar\u0131n\u0131n artaca\u011f\u0131n\u0131 s\u00f6zlerine ekledi.<\/p>\n<p class=\"selectionShareable\" style=\"color: #000000;\">Kaynak: BloombergHT<\/p>\n<p><\/p>","protected":false},"excerpt":{"rendered":"<p>Sorry, this entry is only available in Turkish. For the sake of viewer convenience, the content is shown below in the alternative language. You may click the link to switch the active language. Kuveyt&#8217;in OPEC Temsilcisi\u00a0Mohammed Al-Shatti,\u00a0petrolde\u00a0arz fazlas\u0131n\u0131n 5 y\u0131l daha s\u00fcrebilece\u011fini s\u00f6yledi. Al-Shatti, Doha&#8217;da verdi\u011fi bir m\u00fclakatta,\u00a0Irak,\u00a0Libya\u00a0ve\u0130ran&#8217;dan gelecek petrolle arzda art\u0131\u015f beklendi\u011fini ve bunun [&hellip;]<\/p>\n","protected":false},"author":1,"featured_media":46368,"comment_status":"open","ping_status":"open","sticky":false,"template":"","format":"standard","meta":[],"categories":[53,44],"tags":[26770,4706,63,67,1009,2698,165,1333,945,1373,9207,26769,59,79,347,2388,887,2522,2344],"views":897,"_links":{"self":[{"href":"https:\/\/www.enerjigazetesi.ist\/en\/wp-json\/wp\/v2\/posts\/46367"}],"collection":[{"href":"https:\/\/www.enerjigazetesi.ist\/en\/wp-json\/wp\/v2\/posts"}],"about":[{"href":"https:\/\/www.enerjigazetesi.ist\/en\/wp-json\/wp\/v2\/types\/post"}],"author":[{"embeddable":true,"href":"https:\/\/www.enerjigazetesi.ist\/en\/wp-json\/wp\/v2\/users\/1"}],"replies":[{"embeddable":true,"href":"https:\/\/www.enerjigazetesi.ist\/en\/wp-json\/wp\/v2\/comments?post=46367"}],"version-history":[{"count":2,"href":"https:\/\/www.enerjigazetesi.ist\/en\/wp-json\/wp\/v2\/posts\/46367\/revisions"}],"predecessor-version":[{"id":46373,"href":"https:\/\/www.enerjigazetesi.ist\/en\/wp-json\/wp\/v2\/posts\/46367\/revisions\/46373"}],"wp:featuredmedia":[{"embeddable":true,"href":"https:\/\/www.enerjigazetesi.ist\/en\/wp-json\/wp\/v2\/media\/46368"}],"wp:attachment":[{"href":"https:\/\/www.enerjigazetesi.ist\/en\/wp-json\/wp\/v2\/media?parent=46367"}],"wp:term":[{"taxonomy":"category","embeddable":true,"href":"https:\/\/www.enerjigazetesi.ist\/en\/wp-json\/wp\/v2\/categories?post=46367"},{"taxonomy":"post_tag","embeddable":true,"href":"https:\/\/www.enerjigazetesi.ist\/en\/wp-json\/wp\/v2\/tags?post=46367"}],"curies":[{"name":"wp","href":"https:\/\/api.w.org\/{rel}","templated":true}]}}