{"id":46361,"date":"2015-11-08T20:54:14","date_gmt":"2015-11-08T17:54:14","guid":{"rendered":"https:\/\/www.enerjigazetesi.ist\/?p=46361"},"modified":"2015-11-08T20:54:14","modified_gmt":"2015-11-08T17:54:14","slug":"turkiye-iklim-degisikligi-risk-algisinin-en-hizli-geriledigi-ulke-oldu","status":"publish","type":"post","link":"https:\/\/www.enerjigazetesi.ist\/en\/turkiye-iklim-degisikligi-risk-algisinin-en-hizli-geriledigi-ulke-oldu\/","title":{"rendered":"(Turkish) T\u00fcrkiye \u0130klim De\u011fi\u015fikli\u011fi Risk Alg\u0131s\u0131n\u0131n En H\u0131zl\u0131 Geriledi\u011fi \u00dclke Oldu!"},"content":{"rendered":"<p class=\"qtranxs-available-languages-message qtranxs-available-languages-message-en\">Sorry, this entry is only available in <a href=\"https:\/\/www.enerjigazetesi.ist\/tr\/wp-json\/wp\/v2\/posts\/46361\" class=\"qtranxs-available-language-link qtranxs-available-language-link-tr\" title=\"Turkish\">Turkish<\/a>. For the sake of viewer convenience, the content is shown below in the alternative language. You may click the link to switch the active language.<\/p><p><\/p>\n<p style=\"color: #444444;\"><strong>ABD, Washington merkezli Pew Ara\u015ft\u0131rma Merkezi yakla\u015fan Paris zirvesi \u00f6ncesinde iklim de\u011fi\u015fikli\u011fine dair k\u00fcresel fark\u0131ndal\u0131\u011fa ve yap\u0131lmas\u0131 gerekenlere y\u00f6nelik kamuoyu desteklerini inceleyen bir \u00e7al\u0131\u015fma yay\u0131nlad\u0131.<\/strong><\/p>\n<p style=\"color: #444444;\">Kurulu\u015fun a\u00e7\u0131klamas\u0131na g\u00f6re\u00a0\u2019\u2019\u0130klim De\u011fi\u015fikli\u011fi Hakk\u0131nda K\u00fcresel Kayg\u0131, Emisyon S\u0131n\u0131rlama \u0130\u00e7in Yayg\u0131n Destek\u2019\u2019\u00a0ba\u015fl\u0131kl\u0131 anket \u00e7al\u0131\u015fmas\u0131 25 Mart ila 27 May\u0131s 2015 tarihleri aras\u0131nda aralar\u0131nda T\u00fcrkiye\u2019nin de oldu\u011fu 40 \u00fclkede, 18 ya\u015f\u0131n \u00fczerindeki 45.435 ki\u015fi ile y\u00fcz y\u00fcze<a href=\"https:\/\/www.enerjigazetesi.ist\/wp-content\/uploads\/2015\/11\/turkiye-iklim-degisikligi-risk-algisinin-en-hizli-geriledigi-ulke-oldu.jpg\"><img loading=\"lazy\" class=\"alignleft size-medium wp-image-46362\" src=\"https:\/\/www.enerjigazetesi.ist\/wp-content\/uploads\/2015\/11\/turkiye-iklim-degisikligi-risk-algisinin-en-hizli-geriledigi-ulke-oldu-300x163.jpg\" alt=\"turkiye-iklim-degisikligi-risk-algisinin-en-hizli-geriledigi-ulke-oldu\" width=\"300\" height=\"163\" srcset=\"https:\/\/www.enerjigazetesi.ist\/wp-content\/uploads\/2015\/11\/turkiye-iklim-degisikligi-risk-algisinin-en-hizli-geriledigi-ulke-oldu-300x163.jpg 300w, https:\/\/www.enerjigazetesi.ist\/wp-content\/uploads\/2015\/11\/turkiye-iklim-degisikligi-risk-algisinin-en-hizli-geriledigi-ulke-oldu-80x43.jpg 80w, https:\/\/www.enerjigazetesi.ist\/wp-content\/uploads\/2015\/11\/turkiye-iklim-degisikligi-risk-algisinin-en-hizli-geriledigi-ulke-oldu.jpg 460w\" sizes=\"(max-width: 300px) 100vw, 300px\" \/><\/a> veya telefon ile yap\u0131lan g\u00f6r\u00fc\u015fmeler ile y\u00fczde 4,1\u2019lik hata pay\u0131 ile ger\u00e7ekle\u015ftirildi.<\/p>\n<p style=\"color: #444444;\">\u00c7al\u0131\u015fman\u0131n sonu\u00e7lar\u0131na g\u00f6re iklim de\u011fi\u015fikli\u011finin \u00e7ok ciddi bir sorun oldu\u011funa dair k\u00fcresel \u00f6l\u00e7ekte y\u00fczde 54\u2019l\u00fck bir kabul var.<\/p>\n<p style=\"color: #444444;\">Paris\u2019te ger\u00e7ekle\u015fecek iklim zirvesinde imzalanacak uluslararas\u0131 bir anla\u015fma ile \u00fclkelerin sera gaz\u0131 emisyonlar\u0131n\u0131n s\u0131n\u0131rland\u0131rmas\u0131na y\u00f6nelik destek ise y\u00fczde 78.<\/p>\n<p style=\"color: #444444;\">Kat\u0131l\u0131mc\u0131lar\u0131n y\u00fczde 51\u2019ine g\u00f6re ise iklim de\u011fi\u015fikli\u011fi hali haz\u0131rda insanl\u0131\u011fa zarar vermekte iken, y\u00fczde 13\u2019\u00fcne g\u00f6re b\u00f6yle bir etki ya \u00e7ok uzun y\u0131llar ya da hi\u00e7 bir zaman ger\u00e7ekle\u015fmeyecek.<\/p>\n<p style=\"color: #444444;\">Bununla birlikte \u00e7al\u0131\u015fma T\u00fcrkiye\u2019nin iklim de\u011fi\u015fikli\u011fine y\u00f6nelik fark\u0131ndal\u0131k bak\u0131m\u0131ndan incelenen \u00fclkeler aras\u0131nda en gerilerde oldu\u011funu ortaya koyuyor.<\/p>\n<p style=\"color: #444444;\">\u00c7al\u0131\u015fman\u0131n verilerine g\u00f6re T\u00fcrkiye\u2019de iklim de\u011fi\u015fikli\u011finin \u00e7ok ciddi bir sorun oldu\u011funu d\u00fc\u015f\u00fcnenlerin oran\u0131 2010 y\u0131l\u0131nda y\u00fczde 74 iken, 2015\u2019te ise y\u00fczde 37\u2019e gerilemi\u015f durumda. Bunun k\u0131smen ciddi bir sorun oldu\u011funu d\u00fc\u015f\u00fcnenlerin oran\u0131 ise 2010\u2019da y\u00fczde 12 iken, 2015\u2019te ise y\u00fczde 37\u2019e y\u00fckseldi.<\/p>\n<p style=\"color: #444444;\">Aral\u0131k ay\u0131nda Paris\u2019te ger\u00e7ekle\u015fecek olan iklim zirvesinde\u00a0 \u00fclkesinin sera gaz\u0131 emisyonlar\u0131n\u0131 s\u0131n\u0131rland\u0131racak uluslararas\u0131 bir anla\u015fmaya imza atmas\u0131n\u0131 destekleyenlerin oran\u0131 k\u00fcresel \u00f6l\u00e7ekte y\u00fczde 78 iken, bu oran T\u00fcrkiye\u2019de y\u00fczde 56. Bununla birlikte T\u00fcrkiye ayn\u0131 zamanda y\u00fczde 26\u2019l\u0131k oran ile bu \u00f6nermeye en fazla muhalefet edilen \u00fclke.<\/p>\n<p style=\"color: #444444;\">\u0130klim de\u011fi\u015fikli\u011finin \u00e7ok ciddi bir sorun oldu\u011funa dair alg\u0131n\u0131n ba\u015fka \u00fclkelerde de geriledi\u011fi g\u00f6r\u00fcl\u00fcyor. Bu oranlar 2010-2015 y\u0131llar\u0131 aras\u0131nda \u00c7in\u2019de y\u00fczde 41\u2019den y\u00fczde 18\u2019e, G\u00fcney Kore\u2019de y\u00fczde 68\u2019den y\u00fczde 48\u2019e, Japonya\u2019da y\u00fczde 58\u2019ten y\u00fczde 45\u2019e, Polonya\u2019da y\u00fczde 31\u2019den y\u00fczde 19\u2019a, Rusya\u2019da ise y\u00fczde 43\u2019ten y\u00fczde 33\u2019e gerilemi\u015f durumda.<\/p>\n<p style=\"color: #444444;\">Anket kat\u0131l\u0131mc\u0131lar\u0131n\u0131n y\u00fczde 44\u2019\u00fcne g\u00f6re kurakl\u0131k ve su kesintileri iklim de\u011fi\u015fikli\u011finin muhtemel etkileri olacak iken bu oran Brezilya ve Burkina Faso\u2019da y\u00fczde 78, ABD\u2019de y\u00fczde 50, Tanzanya\u2019da y\u00fczde 59. T\u00fcrkiye\u2019de ise y\u00fczde 35 ile a\u015f\u0131r\u0131 hava olaylar\u0131 ile birlikte ayn\u0131 orana sahip.<\/p>\n<p style=\"color: #444444;\">\u0130klim de\u011fi\u015fikli\u011fi ile m\u00fccadele ad\u0131na ABD, Japonya ve Almanya gibi zengin \u00fclkelerin daha fazla sorumlulu\u011fu oldu\u011funu savunanlar\u0131n oran\u0131 k\u00fcresel \u00f6l\u00e7ekte y\u00fczde 54 iken y\u00fczde 38\u2019lik bir kesim ise geli\u015fmekte olan \u00fclkelerin gelecekte daha fazla sal\u0131m ger\u00e7ekle\u015ftirecekleri\u00a0 gerek\u00e7esi ile daha fazla ad\u0131m atmas\u0131 gerekti\u011fini d\u00fc\u015f\u00fcn\u00fcyor.<\/p>\n<p style=\"color: #444444;\">T\u00fcrkiye\u2019de ise katk\u0131 y\u00fczde 54 oran\u0131nda zengin \u00fclkelerden beklenirken, y\u00fczde 26 ise geli\u015fmekte olan \u00fclkelerin de ayn\u0131 derecede katk\u0131 yapmas\u0131 gerekti\u011fini d\u00fc\u015f\u00fcn\u00fcyor.<\/p>\n<p style=\"color: #444444;\">Geli\u015fmekte olan \u00fclkelerden katk\u0131 bekleyenlerin oran\u0131 ABD\u2019de y\u00fczde 50, Almanya\u2019da y\u00fczde 38, Japonya\u2019da ise y\u00fczde 58.<\/p>\n<p style=\"color: #444444;\">\u0130klim de\u011fi\u015fikli\u011finin etkilerini d\u00fc\u015f\u00fcrmek i\u00e7in neler yap\u0131lmas\u0131 gerekti\u011fi sorusuna ise k\u00fcresel \u00f6l\u00e7ekte kat\u0131l\u0131mc\u0131lar y\u00fczde 67 ile hayat tarz\u0131nda belirgin de\u011fi\u015fiklik yap\u0131lmas\u0131 gerekti\u011fini s\u00f6ylerken, T\u00fcrkiye\u2019de ise bu oran y\u00fczde 51 oldu.<\/p>\n<p style=\"color: #444444;\">Bununla birlikte kat\u0131l\u0131mc\u0131lar\u0131n y\u00fczde 22\u2019si bu etkilerin teknolojik ilerleme ile d\u00fc\u015f\u00fcr\u00fclebilece\u011fine inan\u0131rken, ayn\u0131 oran T\u00fcrkiye\u2019de ise y\u00fczde 32.<\/p>\n<p style=\"color: #444444;\">Kaynak: <a href=\"http:\/\/yesilekonomi.com\/iklim\/turkiye-iklim-degisikligi-risk-algisinin-en-hizli-geriledigi-ulke-oldu\" target=\"_blank\" rel=\"nofollow\">Ye\u015fil Ekonomi<\/a><\/p>\n<p><\/p>","protected":false},"excerpt":{"rendered":"<p>Sorry, this entry is only available in Turkish. For the sake of viewer convenience, the content is shown below in the alternative language. You may click the link to switch the active language. ABD, Washington merkezli Pew Ara\u015ft\u0131rma Merkezi yakla\u015fan Paris zirvesi \u00f6ncesinde iklim de\u011fi\u015fikli\u011fine dair k\u00fcresel fark\u0131ndal\u0131\u011fa ve yap\u0131lmas\u0131 gerekenlere y\u00f6nelik kamuoyu desteklerini inceleyen [&hellip;]<\/p>\n","protected":false},"author":1,"featured_media":46362,"comment_status":"open","ping_status":"open","sticky":false,"template":"","format":"standard","meta":[],"categories":[53,52],"tags":[63,67,1009,2698,165,1999,11489,9621,846],"views":703,"_links":{"self":[{"href":"https:\/\/www.enerjigazetesi.ist\/en\/wp-json\/wp\/v2\/posts\/46361"}],"collection":[{"href":"https:\/\/www.enerjigazetesi.ist\/en\/wp-json\/wp\/v2\/posts"}],"about":[{"href":"https:\/\/www.enerjigazetesi.ist\/en\/wp-json\/wp\/v2\/types\/post"}],"author":[{"embeddable":true,"href":"https:\/\/www.enerjigazetesi.ist\/en\/wp-json\/wp\/v2\/users\/1"}],"replies":[{"embeddable":true,"href":"https:\/\/www.enerjigazetesi.ist\/en\/wp-json\/wp\/v2\/comments?post=46361"}],"version-history":[{"count":1,"href":"https:\/\/www.enerjigazetesi.ist\/en\/wp-json\/wp\/v2\/posts\/46361\/revisions"}],"predecessor-version":[{"id":46363,"href":"https:\/\/www.enerjigazetesi.ist\/en\/wp-json\/wp\/v2\/posts\/46361\/revisions\/46363"}],"wp:featuredmedia":[{"embeddable":true,"href":"https:\/\/www.enerjigazetesi.ist\/en\/wp-json\/wp\/v2\/media\/46362"}],"wp:attachment":[{"href":"https:\/\/www.enerjigazetesi.ist\/en\/wp-json\/wp\/v2\/media?parent=46361"}],"wp:term":[{"taxonomy":"category","embeddable":true,"href":"https:\/\/www.enerjigazetesi.ist\/en\/wp-json\/wp\/v2\/categories?post=46361"},{"taxonomy":"post_tag","embeddable":true,"href":"https:\/\/www.enerjigazetesi.ist\/en\/wp-json\/wp\/v2\/tags?post=46361"}],"curies":[{"name":"wp","href":"https:\/\/api.w.org\/{rel}","templated":true}]}}