{"id":4633,"date":"2013-01-02T09:45:15","date_gmt":"2013-01-02T06:45:15","guid":{"rendered":"https:\/\/www.enerjigazetesi.ist\/?p=4633"},"modified":"2013-01-02T10:23:47","modified_gmt":"2013-01-02T07:23:47","slug":"prof-dr-cengel-enerji-verimliligi-devlet-politikasi-olmali","status":"publish","type":"post","link":"https:\/\/www.enerjigazetesi.ist\/en\/prof-dr-cengel-enerji-verimliligi-devlet-politikasi-olmali\/","title":{"rendered":"(Turkish) Prof. Dr. \u00c7engel: Enerji Verimlili\u011fi, Devlet Politikas\u0131 Olmal\u0131"},"content":{"rendered":"<p class=\"qtranxs-available-languages-message qtranxs-available-languages-message-en\">Sorry, this entry is only available in <a href=\"https:\/\/www.enerjigazetesi.ist\/tr\/wp-json\/wp\/v2\/posts\/4633\" class=\"qtranxs-available-language-link qtranxs-available-language-link-tr\" title=\"Turkish\">Turkish<\/a>. For the sake of viewer convenience, the content is shown below in the alternative language. You may click the link to switch the active language.<\/p><p><strong>Adnan Menderes \u00dcniversitesi M\u00fchendislik Fak\u00fcltesi Makine M\u00fchendisli\u011fi B\u00f6l\u00fcm\u00fc \u00d6\u011fretim \u00dcyesi Prof. Dr. Yunus \u00c7engel, enerji verimlili\u011finde yerli kaynaklara \u00f6ncelik verilmesi ve konunun bir devlet politikas\u0131 olarak benimsenmesi gerekti\u011fini s\u00f6yledi.<\/strong><\/p>\n<p><img loading=\"lazy\" class=\"alignright size-full wp-image-4634\" title=\"prof-dr-cengel-enerji-verimliligi-devlet-4192564_300\" src=\"https:\/\/www.enerjigazetesi.ist\/wp-content\/uploads\/2012\/12\/prof-dr-cengel-enerji-verimliligi-devlet-4192564_300.jpg\" alt=\"\" width=\"300\" height=\"200\" srcset=\"https:\/\/www.enerjigazetesi.ist\/wp-content\/uploads\/2012\/12\/prof-dr-cengel-enerji-verimliligi-devlet-4192564_300.jpg 300w, https:\/\/www.enerjigazetesi.ist\/wp-content\/uploads\/2012\/12\/prof-dr-cengel-enerji-verimliligi-devlet-4192564_300-75x50.jpg 75w\" sizes=\"(max-width: 300px) 100vw, 300px\" \/>Prof. Dr. Yunus \u00c7engel, T\u00fcrkiye Teknik Elemanlar Vakf\u0131 (T\u00dcTEV) Samsun \u015eubesi&#8217;nin Samsun Diyanet Vakf\u0131 konferans salonunda d\u00fczenledi\u011fi &#8216;Enerji Verimlili\u011fi ve T\u00fcrkiye&#8217;nin Gelece\u011fi&#8217; konulu konferansa konu\u015ftu. Konferansa OM\u00dc Rekt\u00f6r Yard\u0131mc\u0131s\u0131 Prof. Dr. Ahmet Bulut, OM\u00dc M\u00fchendislik Fak\u00fcltesi Dekan\u0131 Prof. Dr. Fevzi Yaz\u0131c\u0131, T\u00dcT\u00dcV Samsun \u015eube Ba\u015fkan\u0131 Dursun Aksoy ile \u00e7ok say\u0131da davetli de kat\u0131ld\u0131.<br \/>\nKonu\u015fmas\u0131nda enerjinin \u00f6nemi \u00fczerinde duran Prof. Dr. Yunus \u00c7engel, enerji verimlili\u011finde ad\u0131mlar\u0131n h\u0131zl\u0131 at\u0131lmas\u0131 gerekti\u011fini kaydetti. Enerji g\u00fcvenli\u011finin milli g\u00fcvenlik kapsam\u0131na g\u00f6r\u00fclmesi gerekti\u011fini vurgulayan Prof. \u00c7engel, enerji verimlili\u011fi konusunun, toplumun ya\u015fam tarz\u0131 haline gelinceye kadar ele al\u0131nmas\u0131nda fayda g\u00f6rd\u00fc\u011f\u00fcn\u00fc vurgulad\u0131.<br \/>\nProf. Dr. \u00c7engel, &#8220;Enerji verimlili\u011fi \u00f6ncelikli bir devlet politikas\u0131 olarak benimsenmeli ve \u00fclkenin artan enerji ihtiyac\u0131n\u0131 kar\u015f\u0131layacak, en \u00f6ncelikli enerji kayna\u011f\u0131 ilan edilmelidir. Enerji ve Tabii Kaynaklar Bakanl\u0131\u011f\u0131&#8217;n\u0131n birinci \u00f6nceli\u011fi, enerji verimlili\u011fi uygulamalar\u0131n\u0131 t\u00fcm d\u00fcnya sath\u0131nda yayg\u0131n olarak hayata ge\u00e7irmek olmal\u0131d\u0131r. Bu politika, enerji verimlili\u011fini bir ya\u015fam tarz\u0131 halini al\u0131ncaya kadar bir seferberlik havas\u0131 ve heyecan\u0131 i\u00e7inde devam etmelidir. Program savunma b\u00fct\u00e7esi \u00f6nceli\u011finde fonlanmal\u0131d\u0131r. Enerji g\u00fcvenli\u011fi, \u00fclke g\u00fcvenli\u011finin enerji ba\u011f\u0131ms\u0131zl\u0131\u011f\u0131 da \u00fclke ba\u011f\u0131ms\u0131zl\u0131\u011f\u0131n\u0131n bir par\u00e7as\u0131 olarak milli g\u00fcvenlik kapsam\u0131nda g\u00f6r\u00fclmelidir.&#8221; dedi.<br \/>\n<strong>&#8220;YERL\u0130 KAYNAKLARDAN PETROL ELDE ED\u0130LMEL\u0130&#8221;<\/strong><br \/>\nBrezilya \u00f6rne\u011fini vererek yerli kaynaklardan petrol \u00fcretimine y\u00f6nelik \u00e7al\u0131\u015fmalar yap\u0131lmas\u0131n\u0131 \u00f6neren Prof. Dr. Yunus \u00c7engel, &#8220;Ankara engelleri kald\u0131rs\u0131n yeter. Yani g\u00f6lge etmesin, ba\u015fka ihsan istemez. Brezilya&#8217;da \u015feker kam\u0131\u015f\u0131 var. \u015eeker kam\u0131\u015f\u0131ndan etenol yap\u0131yor. \u00c7ok ciddi bir politika uygulad\u0131, kanunlar\u0131 de\u011fi\u015ftirdi. Ara\u00e7lar\u0131n y\u00fczde 85&#8217;inin motorlar\u0131n\u0131 etenol yakacak \u015fekilde ayarlad\u0131. Benzin istasyonlar\u0131na da etenol satma zorunlulu\u011fu getirdi. Sonunda petrol ithal eden bir \u00fclkeyken \u015fimdi petrol ihra\u00e7 eder hale geldi. Ak\u0131lla \u00fclke \u00f6nce kendi kayna\u011f\u0131na bak\u0131yor. Bizim linyit yataklar\u0131m\u0131z, 100 y\u0131ll\u0131k elektrik ihtiyac\u0131n\u0131 giderecek seviyede. Kirli ama yerli kayna\u011f\u0131m\u0131z. Daha yeni g\u00fcn \u0131\u015f\u0131\u011f\u0131na \u00e7\u0131kard\u0131k.&#8221; \u015feklinde konu\u015ftu.<\/p>\n<p><strong>&#8220;FLORASAN KANSER YAPMIYOR&#8221;<\/strong><\/p>\n<p><strong><\/strong><br \/>\nFlorasan\u0131n kanser yapt\u0131\u011f\u0131na dair bas\u0131nda \u00e7\u0131kan haberlerin ger\u00e7ek olmad\u0131\u011f\u0131n\u0131 s\u00f6yleyen Prof. Dr. \u00c7engel, &#8220;T\u00fcrkiye&#8217;de zaman zaman bas\u0131na da yans\u0131yor. Florasan lambalar kanser yap\u0131yormu\u015f diye. Bunlar\u0131n asl\u0131 astar\u0131 yok. Bu konuda en ciddi \u00e7al\u0131\u015fma \u0130ngiltere&#8217;de yap\u0131lm\u0131\u015f. Olay \u015fu; \u0131\u015f\u0131\u011fa 20 santim mesafedeysen \u0131\u015f\u0131k da kuvvetliyse ciltte k\u0131zar\u0131kl\u0131klar yap\u0131yor. Ama bunu di\u011ferleri de yap\u0131yor. O y\u00fczden kanser ile floras\u0131n\u0131n alakas\u0131 yok. Zararl\u0131 k\u0131sm\u0131 ultraviyole k\u0131sm\u0131d\u0131r. Bu g\u00fcne\u015fte bile vard\u0131r. Florasan ile aran\u0131zla 20 santimden fazla mesafe varsa sorun yok. Florasan lambalar\u0131nda c\u0131va buhar\u0131 vard\u0131r. K\u0131r\u0131ld\u0131\u011f\u0131 zaman zehirli c\u0131va gaz\u0131, a\u011f\u0131r oldu\u011fu i\u00e7in yere \u00e7\u00f6ker. Tavsiye edilen \u015fey ise camlar\u0131 a\u00e7\u0131p k\u0131r\u0131nt\u0131lar\u0131 s\u00fcp\u00fcrmektir.&#8221; ifadelerini kulland\u0131.<\/p>\n<p>Kaynak: <a href=\"http:\/\/www.sondakika.com\/haber\/haber-prof-dr-cengel-enerji-verimliligi-devlet-4192564\/\" target=\"_blank\">Son Dakika<\/a><\/p>","protected":false},"excerpt":{"rendered":"<p>Sorry, this entry is only available in Turkish. For the sake of viewer convenience, the content is shown below in the alternative language. You may click the link to switch the active language.Adnan Menderes \u00dcniversitesi M\u00fchendislik Fak\u00fcltesi Makine M\u00fchendisli\u011fi B\u00f6l\u00fcm\u00fc \u00d6\u011fretim \u00dcyesi Prof. Dr. Yunus \u00c7engel, enerji verimlili\u011finde yerli kaynaklara \u00f6ncelik verilmesi ve konunun bir [&hellip;]<\/p>\n","protected":false},"author":1,"featured_media":4634,"comment_status":"open","ping_status":"open","sticky":false,"template":"","format":"standard","meta":[],"categories":[53],"tags":[67,103,12,1528,1529],"views":538,"_links":{"self":[{"href":"https:\/\/www.enerjigazetesi.ist\/en\/wp-json\/wp\/v2\/posts\/4633"}],"collection":[{"href":"https:\/\/www.enerjigazetesi.ist\/en\/wp-json\/wp\/v2\/posts"}],"about":[{"href":"https:\/\/www.enerjigazetesi.ist\/en\/wp-json\/wp\/v2\/types\/post"}],"author":[{"embeddable":true,"href":"https:\/\/www.enerjigazetesi.ist\/en\/wp-json\/wp\/v2\/users\/1"}],"replies":[{"embeddable":true,"href":"https:\/\/www.enerjigazetesi.ist\/en\/wp-json\/wp\/v2\/comments?post=4633"}],"version-history":[{"count":5,"href":"https:\/\/www.enerjigazetesi.ist\/en\/wp-json\/wp\/v2\/posts\/4633\/revisions"}],"predecessor-version":[{"id":4848,"href":"https:\/\/www.enerjigazetesi.ist\/en\/wp-json\/wp\/v2\/posts\/4633\/revisions\/4848"}],"wp:featuredmedia":[{"embeddable":true,"href":"https:\/\/www.enerjigazetesi.ist\/en\/wp-json\/wp\/v2\/media\/4634"}],"wp:attachment":[{"href":"https:\/\/www.enerjigazetesi.ist\/en\/wp-json\/wp\/v2\/media?parent=4633"}],"wp:term":[{"taxonomy":"category","embeddable":true,"href":"https:\/\/www.enerjigazetesi.ist\/en\/wp-json\/wp\/v2\/categories?post=4633"},{"taxonomy":"post_tag","embeddable":true,"href":"https:\/\/www.enerjigazetesi.ist\/en\/wp-json\/wp\/v2\/tags?post=4633"}],"curies":[{"name":"wp","href":"https:\/\/api.w.org\/{rel}","templated":true}]}}