{"id":46310,"date":"2015-11-07T17:41:20","date_gmt":"2015-11-07T14:41:20","guid":{"rendered":"https:\/\/www.enerjigazetesi.ist\/?p=46310"},"modified":"2015-11-07T17:41:20","modified_gmt":"2015-11-07T14:41:20","slug":"yilmaz-secimden-sonra-cinliler-komure-japonlar-gaza-yatirima-geldi","status":"publish","type":"post","link":"https:\/\/www.enerjigazetesi.ist\/en\/yilmaz-secimden-sonra-cinliler-komure-japonlar-gaza-yatirima-geldi\/","title":{"rendered":"(Turkish) Y\u0131lmaz: \u201cSe\u00e7imden Sonra \u00c7inliler K\u00f6m\u00fcre Japonlar Gaza Yat\u0131r\u0131ma Geldi&#8230;\u201d"},"content":{"rendered":"<p class=\"qtranxs-available-languages-message qtranxs-available-languages-message-en\">Sorry, this entry is only available in <a href=\"https:\/\/www.enerjigazetesi.ist\/tr\/wp-json\/wp\/v2\/posts\/46310\" class=\"qtranxs-available-language-link qtranxs-available-language-link-tr\" title=\"Turkish\">Turkish<\/a>. For the sake of viewer convenience, the content is shown below in the alternative language. You may click the link to switch the active language.<\/p><p><strong>Enerji Piyasas\u0131 D\u00fczenleme Kurulu (EPDK) Ba\u015fkan\u0131 Mustafa Y\u0131lmaz, pazar g\u00fcn\u00fc yap\u0131lan se\u00e7imin ard\u0131ndan enerji sekt\u00f6r\u00fcne yat\u0131r\u0131mc\u0131lar\u0131n ilgisinin artt\u0131\u011f\u0131n\u0131, \u00c7inli ve Japon firmalar\u0131n T\u00fcrkiye\u2019de yat\u0131r\u0131m planlad\u0131klar\u0131n\u0131 s\u00f6yledi.<\/strong><span id=\"more-74078\"><\/span><\/p>\n<p>Y\u0131lmaz, se\u00e7imlerin ard\u0131ndan birle\u015fme ve sat\u0131n almalarda bir hareketlenme bekledi\u011fini belirterek, \u201cYabanc\u0131 yat\u0131r\u0131mc\u0131lar siyasi istikrar\u0131 \u00e7ok \u00f6ne<a href=\"https:\/\/www.enerjigazetesi.ist\/wp-content\/uploads\/2015\/11\/yilmaz-secimden-sonra-cinliler-komure-japonlar-gaza-yatirima-geldi.jpg\"><img loading=\"lazy\" class=\"alignleft size-medium wp-image-46311\" src=\"https:\/\/www.enerjigazetesi.ist\/wp-content\/uploads\/2015\/11\/yilmaz-secimden-sonra-cinliler-komure-japonlar-gaza-yatirima-geldi-300x165.jpg\" alt=\"yilmaz-secimden-sonra-cinliler-komure-japonlar-gaza-yatirima-geldi\" width=\"300\" height=\"165\" srcset=\"https:\/\/www.enerjigazetesi.ist\/wp-content\/uploads\/2015\/11\/yilmaz-secimden-sonra-cinliler-komure-japonlar-gaza-yatirima-geldi-300x165.jpg 300w, https:\/\/www.enerjigazetesi.ist\/wp-content\/uploads\/2015\/11\/yilmaz-secimden-sonra-cinliler-komure-japonlar-gaza-yatirima-geldi-500x276.jpg 500w, https:\/\/www.enerjigazetesi.ist\/wp-content\/uploads\/2015\/11\/yilmaz-secimden-sonra-cinliler-komure-japonlar-gaza-yatirima-geldi-80x44.jpg 80w, https:\/\/www.enerjigazetesi.ist\/wp-content\/uploads\/2015\/11\/yilmaz-secimden-sonra-cinliler-komure-japonlar-gaza-yatirima-geldi.jpg 696w\" sizes=\"(max-width: 300px) 100vw, 300px\" \/><\/a>msiyorlar, bu do\u011fal da. \u00d6n\u00fcm\u00fczdeki d\u00f6nemde yabanc\u0131lar\u0131n yat\u0131r\u0131mlar\u0131n\u0131n artaca\u011f\u0131na y\u00f6nelik inanc\u0131m b\u00fcy\u00fck\u201d dedi. Se\u00e7imin hemen ard\u0131ndan Japon yat\u0131r\u0131mc\u0131larla bir araya geldi\u011fini kaydeden Y\u0131lmaz \u201cJapon Sumitomo \u015firketi do\u011falgaz alan\u0131nda yat\u0131r\u0131m yapmak istiyor. Bu kapsamda CNG ve LNG terminal ve dolum tesisleri yapmak istiyorlar\u201d dedi.<\/p>\n<p>Y\u0131lmaz, bunun yan\u0131 s\u0131ra bir araya geldi\u011fi \u00c7inli \u015firketlerle \u00f6n\u00fcm\u00fczdeki d\u00f6nemde enerji sekt\u00f6r\u00fcndeki yat\u0131r\u0131m f\u0131rsatlar\u0131n\u0131 ele ald\u0131klar\u0131n\u0131 kaydederek, \u201cYenilenebilir enerji ve k\u00f6m\u00fcr \u00fcretim santralleri yapmak istiyorlar. 1.320 MW\u2019lik santral yapmak istiyorlar ve ek yat\u0131r\u0131mlar i\u00e7in de aray\u0131\u015f i\u00e7indeler\u201d dedi. Y\u0131lmaz, bu y\u0131l do\u011falgaz t\u00fcketiminin 50 milyar metrek\u00fcp olaca\u011f\u0131n\u0131 ve 2016 y\u0131l\u0131nda da bunun \u00fczerinde bir t\u00fcketim beklediklerini kaydetti. Bu y\u0131l t\u00fcketimin 51 milyar metrek\u00fcp olmas\u0131 bekleniyordu.<\/p>\n<p>Kaynak: Enerji Enstit\u00fcs\u00fc<\/p>","protected":false},"excerpt":{"rendered":"<p>Sorry, this entry is only available in Turkish. For the sake of viewer convenience, the content is shown below in the alternative language. You may click the link to switch the active language.Enerji Piyasas\u0131 D\u00fczenleme Kurulu (EPDK) Ba\u015fkan\u0131 Mustafa Y\u0131lmaz, pazar g\u00fcn\u00fc yap\u0131lan se\u00e7imin ard\u0131ndan enerji sekt\u00f6r\u00fcne yat\u0131r\u0131mc\u0131lar\u0131n ilgisinin artt\u0131\u011f\u0131n\u0131, \u00c7inli ve Japon firmalar\u0131n T\u00fcrkiye\u2019de [&hellip;]<\/p>\n","protected":false},"author":1,"featured_media":46311,"comment_status":"open","ping_status":"open","sticky":false,"template":"","format":"standard","meta":[],"categories":[46,53,24649],"tags":[886,26745,26746,92,63,67,1009,2698,749,165,532,750,1547,1675,12996,105],"views":1223,"_links":{"self":[{"href":"https:\/\/www.enerjigazetesi.ist\/en\/wp-json\/wp\/v2\/posts\/46310"}],"collection":[{"href":"https:\/\/www.enerjigazetesi.ist\/en\/wp-json\/wp\/v2\/posts"}],"about":[{"href":"https:\/\/www.enerjigazetesi.ist\/en\/wp-json\/wp\/v2\/types\/post"}],"author":[{"embeddable":true,"href":"https:\/\/www.enerjigazetesi.ist\/en\/wp-json\/wp\/v2\/users\/1"}],"replies":[{"embeddable":true,"href":"https:\/\/www.enerjigazetesi.ist\/en\/wp-json\/wp\/v2\/comments?post=46310"}],"version-history":[{"count":1,"href":"https:\/\/www.enerjigazetesi.ist\/en\/wp-json\/wp\/v2\/posts\/46310\/revisions"}],"predecessor-version":[{"id":46312,"href":"https:\/\/www.enerjigazetesi.ist\/en\/wp-json\/wp\/v2\/posts\/46310\/revisions\/46312"}],"wp:featuredmedia":[{"embeddable":true,"href":"https:\/\/www.enerjigazetesi.ist\/en\/wp-json\/wp\/v2\/media\/46311"}],"wp:attachment":[{"href":"https:\/\/www.enerjigazetesi.ist\/en\/wp-json\/wp\/v2\/media?parent=46310"}],"wp:term":[{"taxonomy":"category","embeddable":true,"href":"https:\/\/www.enerjigazetesi.ist\/en\/wp-json\/wp\/v2\/categories?post=46310"},{"taxonomy":"post_tag","embeddable":true,"href":"https:\/\/www.enerjigazetesi.ist\/en\/wp-json\/wp\/v2\/tags?post=46310"}],"curies":[{"name":"wp","href":"https:\/\/api.w.org\/{rel}","templated":true}]}}