{"id":46277,"date":"2015-11-05T23:42:29","date_gmt":"2015-11-05T20:42:29","guid":{"rendered":"https:\/\/www.enerjigazetesi.ist\/?p=46277"},"modified":"2015-11-05T23:42:41","modified_gmt":"2015-11-05T20:42:41","slug":"eemkon-2015-enerji-politikalari-sempozyumu-19-20-21-kasimda","status":"publish","type":"post","link":"https:\/\/www.enerjigazetesi.ist\/en\/eemkon-2015-enerji-politikalari-sempozyumu-19-20-21-kasimda\/","title":{"rendered":"(Turkish) EEMKON 2015 Enerji Politikalar\u0131 Sempozyumu 19-20-21 Kas\u0131m\u2019da&#8230;"},"content":{"rendered":"<p class=\"qtranxs-available-languages-message qtranxs-available-languages-message-en\">Sorry, this entry is only available in <a href=\"https:\/\/www.enerjigazetesi.ist\/tr\/wp-json\/wp\/v2\/posts\/46277\" class=\"qtranxs-available-language-link qtranxs-available-language-link-tr\" title=\"Turkish\">Turkish<\/a>. For the sake of viewer convenience, the content is shown below in the alternative language. You may click the link to switch the active language.<\/p><p><strong>EEMKON 2015 Enerji Politikalar\u0131 Sempozyumu\u2019nda D\u00fcnyada ve \u00fclkemizde enerji alan\u0131n\u0131n ve \u00f6zellikle elektrik enerjisinin sorunlar\u0131 ele al\u0131nacak ve gelece\u011fe ili\u015fkin \u00f6ng\u00f6r\u00fcler tart\u0131\u015f\u0131lacak.<span id=\"more-74060\"><\/span> 1980\u2019lerde \u00f6zelle\u015ftirme politikalar\u0131 ile ba\u015flayan, 2001 krizinden sonra serbestle\u015fme ve liberalle\u015fme politikalar\u0131 ile g\u00fcn\u00fcm\u00fcze kadar katlanarak b\u00fcy<a href=\"https:\/\/www.enerjigazetesi.ist\/wp-content\/uploads\/2015\/11\/eemkon-2015-enerji-politikalari-sempozyumu-19-20-21-kasimda.jpg\"><img loading=\"lazy\" class=\"alignleft size-medium wp-image-46278\" src=\"https:\/\/www.enerjigazetesi.ist\/wp-content\/uploads\/2015\/11\/eemkon-2015-enerji-politikalari-sempozyumu-19-20-21-kasimda-300x165.jpg\" alt=\"eemkon-2015-enerji-politikalari-sempozyumu-19-20-21-kasimda\" width=\"300\" height=\"165\" srcset=\"https:\/\/www.enerjigazetesi.ist\/wp-content\/uploads\/2015\/11\/eemkon-2015-enerji-politikalari-sempozyumu-19-20-21-kasimda-300x165.jpg 300w, https:\/\/www.enerjigazetesi.ist\/wp-content\/uploads\/2015\/11\/eemkon-2015-enerji-politikalari-sempozyumu-19-20-21-kasimda-500x276.jpg 500w, https:\/\/www.enerjigazetesi.ist\/wp-content\/uploads\/2015\/11\/eemkon-2015-enerji-politikalari-sempozyumu-19-20-21-kasimda-80x44.jpg 80w, https:\/\/www.enerjigazetesi.ist\/wp-content\/uploads\/2015\/11\/eemkon-2015-enerji-politikalari-sempozyumu-19-20-21-kasimda.jpg 696w\" sizes=\"(max-width: 300px) 100vw, 300px\" \/><\/a>\u00fcyen enerji alan\u0131ndaki kriz ve onun yaratt\u0131\u011f\u0131 kaos b\u00fct\u00fcn ayr\u0131nt\u0131lar\u0131yla de\u011ferlendirilecek.<\/strong><\/p>\n<p>Bug\u00fcn \u00fclkemizde yap\u0131lmas\u0131 planlanan \u201cN\u00fckleer Enerji Santrallar\u0131\u201d kurulum \u00e7al\u0131\u015fmalar\u0131,\u00a0 \u00c7ernobil kazas\u0131 ve \u00f6zellikle Fuku\u015fima felaketinden sonra, geli\u015fmi\u015f \u00fclkelerin n\u00fckleer santrallar\u0131 kapatmas\u0131 ve alternatif enerji kaynaklar\u0131na y\u00f6nelmesine ra\u011fmen devam ediyor.<\/p>\n<p>Sempozyumda, bug\u00fcn \u00e7e\u015fitli \u00e7evrelerce imk\u00e2ns\u0131z olarak ifade edilen, \u201cY\u00fczde Y\u00fcz Yenilenebilir Enerji M\u00fcmk\u00fcn m\u00fc?\u201d sorusuna cevap aranarak, 2050 y\u0131l\u0131nda y\u00fczde y\u00fcz yenilenebilir enerjiye ge\u00e7meyi hedefleyen \u201cAlmanya \u00d6rne\u011fi\u201d incelenecek.<\/p>\n<p><strong>OTURUM BA\u015eLIKLARI<\/strong><\/p>\n<ul>\n<li>D\u00fcnyada ve T\u00fcrkiye\u2019de Enerji G\u00f6r\u00fcn\u00fcm\u00fc<\/li>\n<li>Enerji Planlamalar\u0131<\/li>\n<li>Elektrik Enerji Sistemleri<\/li>\n<li>Elektrik Sekt\u00f6r\u00fcnde Piyasa Kavram\u0131<\/li>\n<li>31 Mart Krizinin De\u011ferlendirilmesi<\/li>\n<li>Y\u00fczde Y\u00fcz Yenilenebilir Enerji M\u00fcmk\u00fcn m\u00fc?<\/li>\n<li>Enerji Politikalar\u0131 ve N\u00fckleer Santrallar<\/li>\n<\/ul>\n<p>Kaynak: B\u00fcltenler<\/p>","protected":false},"excerpt":{"rendered":"<p>Sorry, this entry is only available in Turkish. For the sake of viewer convenience, the content is shown below in the alternative language. You may click the link to switch the active language.EEMKON 2015 Enerji Politikalar\u0131 Sempozyumu\u2019nda D\u00fcnyada ve \u00fclkemizde enerji alan\u0131n\u0131n ve \u00f6zellikle elektrik enerjisinin sorunlar\u0131 ele al\u0131nacak ve gelece\u011fe ili\u015fkin \u00f6ng\u00f6r\u00fcler tart\u0131\u015f\u0131lacak. 1980\u2019lerde [&hellip;]<\/p>\n","protected":false},"author":1,"featured_media":46278,"comment_status":"open","ping_status":"open","sticky":false,"template":"","format":"standard","meta":[],"categories":[53],"tags":[1559,26735,26737,63,67,1009,2698,26736,165,26738,26739],"views":1020,"_links":{"self":[{"href":"https:\/\/www.enerjigazetesi.ist\/en\/wp-json\/wp\/v2\/posts\/46277"}],"collection":[{"href":"https:\/\/www.enerjigazetesi.ist\/en\/wp-json\/wp\/v2\/posts"}],"about":[{"href":"https:\/\/www.enerjigazetesi.ist\/en\/wp-json\/wp\/v2\/types\/post"}],"author":[{"embeddable":true,"href":"https:\/\/www.enerjigazetesi.ist\/en\/wp-json\/wp\/v2\/users\/1"}],"replies":[{"embeddable":true,"href":"https:\/\/www.enerjigazetesi.ist\/en\/wp-json\/wp\/v2\/comments?post=46277"}],"version-history":[{"count":2,"href":"https:\/\/www.enerjigazetesi.ist\/en\/wp-json\/wp\/v2\/posts\/46277\/revisions"}],"predecessor-version":[{"id":46280,"href":"https:\/\/www.enerjigazetesi.ist\/en\/wp-json\/wp\/v2\/posts\/46277\/revisions\/46280"}],"wp:featuredmedia":[{"embeddable":true,"href":"https:\/\/www.enerjigazetesi.ist\/en\/wp-json\/wp\/v2\/media\/46278"}],"wp:attachment":[{"href":"https:\/\/www.enerjigazetesi.ist\/en\/wp-json\/wp\/v2\/media?parent=46277"}],"wp:term":[{"taxonomy":"category","embeddable":true,"href":"https:\/\/www.enerjigazetesi.ist\/en\/wp-json\/wp\/v2\/categories?post=46277"},{"taxonomy":"post_tag","embeddable":true,"href":"https:\/\/www.enerjigazetesi.ist\/en\/wp-json\/wp\/v2\/tags?post=46277"}],"curies":[{"name":"wp","href":"https:\/\/api.w.org\/{rel}","templated":true}]}}