{"id":46191,"date":"2015-11-04T00:50:46","date_gmt":"2015-11-03T21:50:46","guid":{"rendered":"https:\/\/www.enerjigazetesi.ist\/?p=46191"},"modified":"2015-11-04T00:50:46","modified_gmt":"2015-11-03T21:50:46","slug":"gunes-enerjisi-icin-turkiye-ile-almanya-anlasmanin-ilk-adimini-atti","status":"publish","type":"post","link":"https:\/\/www.enerjigazetesi.ist\/en\/gunes-enerjisi-icin-turkiye-ile-almanya-anlasmanin-ilk-adimini-atti\/","title":{"rendered":"(Turkish) G\u00fcne\u015f Enerjisi \u0130\u00e7in T\u00fcrkiye ile Almanya Anla\u015fman\u0131n \u0130lk Ad\u0131m\u0131n\u0131 Att\u0131&#8230;"},"content":{"rendered":"<p class=\"qtranxs-available-languages-message qtranxs-available-languages-message-en\">Sorry, this entry is only available in <a href=\"https:\/\/www.enerjigazetesi.ist\/tr\/wp-json\/wp\/v2\/posts\/46191\" class=\"qtranxs-available-language-link qtranxs-available-language-link-tr\" title=\"Turkish\">Turkish<\/a>. For the sake of viewer convenience, the content is shown below in the alternative language. You may click the link to switch the active language.<\/p><p><strong>T\u00fcrkiye enerji ihtiyac\u0131n\u0131n y\u00fczde 30\u2019unu 2023 y\u0131l\u0131na kadar g\u00fcne\u015f enerjisiyle kar\u015f\u0131lamay\u0131 planl\u0131yor. G\u00fcne\u015f potansiyelini de\u011ferlendirmek i\u00e7in ge\u00e7ti\u011fimiz g\u00fcnlerde T\u00fcrkiye\u2019yi ziyaret eden Alman ticaret heyeti ile T\u00fcrk heyet aras\u0131nda g\u00fcne\u015f enerjisinde \u00e7ift y\u00f6nl\u00fc ticaret anla\u015fmas\u0131n\u0131n avantajlar\u0131 g\u00f6r\u00fc\u015f\u00fcld\u00fc.<span id=\"more-74036\"><\/span> Heyette yer alan solar donan\u0131m \u00fcretiminin \u00f6nc\u00fc \u015firketlerinden MANZ AG, g\u00fcne\u015f enerjisinde T\u00fcrkiye\u2019nin potansiyeline ve konumuna dikkat \u00e7ekti.<\/strong><\/p>\n<p>\u0130stanbul ve Ankara\u2019da ge\u00e7ti\u011fimiz g\u00fcnlerde ger\u00e7ekle\u015ftirilen Alman ekonomi heyetinin ziyaretinde, T\u00fcrki<a href=\"https:\/\/www.enerjigazetesi.ist\/wp-content\/uploads\/2015\/11\/gunes-enerjisi-icin-turkiye-ile-almanya-anlasmanin-ilk-adimini-atti.jpg\"><img loading=\"lazy\" class=\"alignright size-medium wp-image-46192\" src=\"https:\/\/www.enerjigazetesi.ist\/wp-content\/uploads\/2015\/11\/gunes-enerjisi-icin-turkiye-ile-almanya-anlasmanin-ilk-adimini-atti-300x165.jpg\" alt=\"gunes-enerjisi-icin-turkiye-ile-almanya-anlasmanin-ilk-adimini-atti\" width=\"300\" height=\"165\" srcset=\"https:\/\/www.enerjigazetesi.ist\/wp-content\/uploads\/2015\/11\/gunes-enerjisi-icin-turkiye-ile-almanya-anlasmanin-ilk-adimini-atti-300x165.jpg 300w, https:\/\/www.enerjigazetesi.ist\/wp-content\/uploads\/2015\/11\/gunes-enerjisi-icin-turkiye-ile-almanya-anlasmanin-ilk-adimini-atti-500x276.jpg 500w, https:\/\/www.enerjigazetesi.ist\/wp-content\/uploads\/2015\/11\/gunes-enerjisi-icin-turkiye-ile-almanya-anlasmanin-ilk-adimini-atti-80x44.jpg 80w, https:\/\/www.enerjigazetesi.ist\/wp-content\/uploads\/2015\/11\/gunes-enerjisi-icin-turkiye-ile-almanya-anlasmanin-ilk-adimini-atti.jpg 696w\" sizes=\"(max-width: 300px) 100vw, 300px\" \/><\/a>ye\u2019nin g\u00fcne\u015f enerjisi pazar\u0131n\u0131n Alman \u015firketleri i\u00e7in potansiyeli incelenerek iki \u00fclke aras\u0131nda i\u015fbirli\u011fi i\u00e7in ileriye d\u00f6n\u00fck ad\u0131mlar at\u0131ld\u0131.<\/p>\n<p>G\u00f6r\u00fc\u015fmenin detaylar\u0131n\u0131 aktaran Alman \u0130leri Teknoloji M\u00fchendislik \u015eirketi MANZ AG MENA b\u00f6lgesi Sat\u0131\u015f M\u00fcd\u00fcr\u00fc Yard\u0131mc\u0131s\u0131 Mohamed Alammawi, T\u00fcrkiye\u2019nin g\u00fcne\u015f enerjisi pazar\u0131n\u0131n y\u00fcksek avantajl\u0131 dinamiklerin kesi\u015fme noktas\u0131 oldu\u011funu dikkat \u00e7ekti. Alammawi \u201cT\u00fcrkiye g\u00fcne\u015fe doymu\u015f bir b\u00f6lgede bulunmaktad\u0131r ve h\u00fck\u00fcmet, y\u00fcksek ithalat maliyetlerini m\u00fczakere etmek i\u00e7in bir ihalede, yerel \u00fcretimi te\u015fvik etmek i\u00e7in tarife garantisini tan\u0131tm\u0131\u015f ve teknik bilgi iletimini te\u015fvik etmi\u015ftir. Bu ticari heyet sadece fotovoltaik teknolojide son geli\u015fmeleri vurgulamam\u0131\u015f ayn\u0131 zamanda Baden-W\u00fcrttemberg g\u00fcne\u015f enerjisi \u015firketlerinin T\u00fcrkiye g\u00fc\u00e7 \u00fcretim pazar\u0131nda i\u015fbirlik\u00e7i olarak hareket etmek i\u00e7in ne kadar iyi konumlanm\u0131\u015f olduklar\u0131n\u0131n alt\u0131n\u0131 \u00e7izmi\u015ftir\u201d dedi. Alammawi, ayr\u0131ca; T\u00fcrkiye\u2019nin Tarife Garantisi ile geli\u015ftirilen CIFS ince-film mod\u00fcllerinin \u00fclkenin iklimine olduk\u00e7a uygun oldu\u011funu ve bu mod\u00fcllerin yerel olarak \u00fcretiminin T\u00fcrkiye\u2019nin solar potansiyelini ortaya \u00e7\u0131karmak i\u00e7in yap\u0131lan yar\u0131\u015fa bir ivme kazand\u0131rd\u0131\u011f\u0131n\u0131 belirtti.<\/p>\n<p>G\u00f6r\u00fc\u015fmede ayr\u0131ca, yerel olarak solar PV \u00fcretiminin faydalar\u0131 ve bu y\u0131l 28 b\u00fcy\u00fck solar PV projesine Tarife Garantisi (FiT) lisans\u0131 verilmesini sa\u011flayan T\u00fcrkiye\u2019nin hedefleri, PV projelerinin finanse edilmesi ba\u015fl\u0131klar\u0131 da ele al\u0131nd\u0131.<\/p>\n<p>Kaynak: Enerji Enstit\u00fcs\u00fc<\/p>","protected":false},"excerpt":{"rendered":"<p>Sorry, this entry is only available in Turkish. For the sake of viewer convenience, the content is shown below in the alternative language. You may click the link to switch the active language.T\u00fcrkiye enerji ihtiyac\u0131n\u0131n y\u00fczde 30\u2019unu 2023 y\u0131l\u0131na kadar g\u00fcne\u015f enerjisiyle kar\u015f\u0131lamay\u0131 planl\u0131yor. G\u00fcne\u015f potansiyelini de\u011ferlendirmek i\u00e7in ge\u00e7ti\u011fimiz g\u00fcnlerde T\u00fcrkiye\u2019yi ziyaret eden Alman ticaret [&hellip;]<\/p>\n","protected":false},"author":1,"featured_media":46192,"comment_status":"open","ping_status":"open","sticky":false,"template":"","format":"standard","meta":[],"categories":[53,49],"tags":[929,63,67,1009,2698,165,26705,227,13,23133,26706,4269,26707,26708,26709],"views":1290,"_links":{"self":[{"href":"https:\/\/www.enerjigazetesi.ist\/en\/wp-json\/wp\/v2\/posts\/46191"}],"collection":[{"href":"https:\/\/www.enerjigazetesi.ist\/en\/wp-json\/wp\/v2\/posts"}],"about":[{"href":"https:\/\/www.enerjigazetesi.ist\/en\/wp-json\/wp\/v2\/types\/post"}],"author":[{"embeddable":true,"href":"https:\/\/www.enerjigazetesi.ist\/en\/wp-json\/wp\/v2\/users\/1"}],"replies":[{"embeddable":true,"href":"https:\/\/www.enerjigazetesi.ist\/en\/wp-json\/wp\/v2\/comments?post=46191"}],"version-history":[{"count":1,"href":"https:\/\/www.enerjigazetesi.ist\/en\/wp-json\/wp\/v2\/posts\/46191\/revisions"}],"predecessor-version":[{"id":46193,"href":"https:\/\/www.enerjigazetesi.ist\/en\/wp-json\/wp\/v2\/posts\/46191\/revisions\/46193"}],"wp:featuredmedia":[{"embeddable":true,"href":"https:\/\/www.enerjigazetesi.ist\/en\/wp-json\/wp\/v2\/media\/46192"}],"wp:attachment":[{"href":"https:\/\/www.enerjigazetesi.ist\/en\/wp-json\/wp\/v2\/media?parent=46191"}],"wp:term":[{"taxonomy":"category","embeddable":true,"href":"https:\/\/www.enerjigazetesi.ist\/en\/wp-json\/wp\/v2\/categories?post=46191"},{"taxonomy":"post_tag","embeddable":true,"href":"https:\/\/www.enerjigazetesi.ist\/en\/wp-json\/wp\/v2\/tags?post=46191"}],"curies":[{"name":"wp","href":"https:\/\/api.w.org\/{rel}","templated":true}]}}