{"id":46173,"date":"2015-11-03T18:32:31","date_gmt":"2015-11-03T15:32:31","guid":{"rendered":"https:\/\/www.enerjigazetesi.ist\/?p=46173"},"modified":"2015-11-04T00:34:12","modified_gmt":"2015-11-03T21:34:12","slug":"arjantin-enerjisinin-yuzde-8ini-yenilenebilir-enerji-kaynaklarindan-karsilayacak","status":"publish","type":"post","link":"https:\/\/www.enerjigazetesi.ist\/en\/arjantin-enerjisinin-yuzde-8ini-yenilenebilir-enerji-kaynaklarindan-karsilayacak\/","title":{"rendered":"(Turkish) Arjantin Enerjisinin Y\u00fczde 8\u2019ini Yenilenebilir Enerji Kaynaklar\u0131ndan Kar\u015f\u0131layacak!"},"content":{"rendered":"<p class=\"qtranxs-available-languages-message qtranxs-available-languages-message-en\">Sorry, this entry is only available in <a href=\"https:\/\/www.enerjigazetesi.ist\/tr\/wp-json\/wp\/v2\/posts\/46173\" class=\"qtranxs-available-language-link qtranxs-available-language-link-tr\" title=\"Turkish\">Turkish<\/a>. For the sake of viewer convenience, the content is shown below in the alternative language. You may click the link to switch the active language.<\/p><p><\/p>\n<h3 class=\"entry_title entry-title\" style=\"font-weight: 400; color: #222222;\"><strong>Arjantin 2017\u2019ye kadar enerjisinin y\u00fczde 8\u2019ini yenilenebilir enerji kaynaklar\u0131 ile kar\u015f\u0131layacak.<a href=\"https:\/\/www.enerjigazetesi.ist\/wp-content\/uploads\/2015\/11\/alternatif-enerji-arjantin-500x500_c.jpg\"><img loading=\"lazy\" class=\"alignright size-medium wp-image-46174\" src=\"https:\/\/www.enerjigazetesi.ist\/wp-content\/uploads\/2015\/11\/alternatif-enerji-arjantin-500x500_c-300x300.jpg\" alt=\"alternatif-enerji-arjantin-500x500_c\" width=\"300\" height=\"300\" srcset=\"https:\/\/www.enerjigazetesi.ist\/wp-content\/uploads\/2015\/11\/alternatif-enerji-arjantin-500x500_c-300x300.jpg 300w, https:\/\/www.enerjigazetesi.ist\/wp-content\/uploads\/2015\/11\/alternatif-enerji-arjantin-500x500_c-150x150.jpg 150w, https:\/\/www.enerjigazetesi.ist\/wp-content\/uploads\/2015\/11\/alternatif-enerji-arjantin-500x500_c-400x400.jpg 400w, https:\/\/www.enerjigazetesi.ist\/wp-content\/uploads\/2015\/11\/alternatif-enerji-arjantin-500x500_c-50x50.jpg 50w, https:\/\/www.enerjigazetesi.ist\/wp-content\/uploads\/2015\/11\/alternatif-enerji-arjantin-500x500_c.jpg 500w\" sizes=\"(max-width: 300px) 100vw, 300px\" \/><\/a><\/strong><\/h3>\n<p style=\"color: #666666;\">Arjantin\u2019de son d\u00f6nemde<strong style=\"font-weight: bold; color: #222222;\">\u00a0yenilenebilir enerji yat\u0131r\u0131mlar\u0131<\/strong>\u00a0art\u0131\u015f g\u00f6sterdi.<br \/>\nGe\u00e7ti\u011fimiz hafta yo\u011fun s\u00fcren m\u00fczakereler ard\u0131ndan Arjantin\u2019de\u00a0<strong style=\"font-weight: bold; color: #222222;\">yenilenebilir enerji<\/strong>\u00a0ile ilgili yeni bir kanun kabul edildi. Buna g\u00f6re 2017\u2019ye kadar \u00fclkenin toplam enerjisinin y\u00fczde 8\u2019inin\u00a0<strong style=\"font-weight: bold; color: #222222;\">yenilenebilir enerji kaynaklar\u0131 olan r\u00fczgar, g\u00fcne\u015f\u00a0<\/strong>ya da k\u00fc\u00e7\u00fck \u00f6l\u00e7ekli hidro enerji kaynaklar\u0131ndan kar\u015f\u0131lanmas\u0131 gerekiyor. Bu oran\u00a0<strong style=\"font-weight: bold; color: #222222;\">yenilenebilir enerji \u00fcretiminde<\/strong>\u00a02020 hedefi olan %20\u2019lik pay i\u00e7in \u00f6nemli bir ad\u0131m.<\/p>\n<p style=\"color: #666666;\">Bu tip\u00a0<strong style=\"font-weight: bold; color: #222222;\">yenilenebilir enerji kaynaklar\u0131n\u0131n<\/strong>\u00a0geli\u015fimi, mevsim de\u011fi\u015fikliklerinin azalt\u0131lmas\u0131 y\u00f6n\u00fcndeki m\u00fccadele verimli sonu\u00e7lar do\u011furuyor.<\/p>\n<p style=\"color: #666666;\">Bug\u00fcn Arjantin\u2019in elektrik \u00fcretiminin y\u00fczde 87\u2019si yan\u0131c\u0131 fosil kaynaklardan olu\u015fuyor. Geri kalan b\u00f6l\u00fcm\u00fc ise n\u00fckleer ve hidroelektrik enerji kaynaklar\u0131na dayan\u0131yor. Arjantin\u2019in yenilenebilir enerji \u00fcretimi i\u00e7in \u00f6nde gelen kaynaklardan biri r\u00fczgar. Genneia Power \u015firketi Rawson Chubut\u2019ta 77 MW kurulu g\u00fc\u00e7 ile \u00fclkenin en geni\u015f<strong style=\"font-weight: bold; color: #222222;\">\u00a0r\u00fczgar \u00e7iftli\u011fine<\/strong>\u00a0sahip. Bu alan 100 bin ev i\u00e7in enerji \u00fcretiyor. La Rioja\u2019daki Arauco ise \u00fclkenin ikinci b\u00fcy\u00fck r\u00fczgar \u00e7iftli\u011fi.<\/p>\n<p style=\"color: #666666;\">\u00dclkenin en b\u00fcy\u00fck\u00a0<strong style=\"font-weight: bold; color: #222222;\">g\u00fcne\u015f \u00e7iftli\u011fi<\/strong>\u00a0ise San Juan sahas\u0131nda.<\/p>\n<p style=\"color: #666666;\">Kaynak:AlternatifEnerji<\/p>\n<p style=\"color: #666666;\">Haber www.theguardian.com\u2019dan \u00e7evrilmi\u015ftir.<\/p>\n<p><\/p>","protected":false},"excerpt":{"rendered":"<p>Sorry, this entry is only available in Turkish. For the sake of viewer convenience, the content is shown below in the alternative language. You may click the link to switch the active language. Arjantin 2017\u2019ye kadar enerjisinin y\u00fczde 8\u2019ini yenilenebilir enerji kaynaklar\u0131 ile kar\u015f\u0131layacak. Arjantin\u2019de son d\u00f6nemde\u00a0yenilenebilir enerji yat\u0131r\u0131mlar\u0131\u00a0art\u0131\u015f g\u00f6sterdi. Ge\u00e7ti\u011fimiz hafta yo\u011fun s\u00fcren m\u00fczakereler [&hellip;]<\/p>\n","protected":false},"author":1,"featured_media":46174,"comment_status":"open","ping_status":"open","sticky":false,"template":"","format":"standard","meta":[],"categories":[53,49,50],"tags":[24478,13],"views":1644,"_links":{"self":[{"href":"https:\/\/www.enerjigazetesi.ist\/en\/wp-json\/wp\/v2\/posts\/46173"}],"collection":[{"href":"https:\/\/www.enerjigazetesi.ist\/en\/wp-json\/wp\/v2\/posts"}],"about":[{"href":"https:\/\/www.enerjigazetesi.ist\/en\/wp-json\/wp\/v2\/types\/post"}],"author":[{"embeddable":true,"href":"https:\/\/www.enerjigazetesi.ist\/en\/wp-json\/wp\/v2\/users\/1"}],"replies":[{"embeddable":true,"href":"https:\/\/www.enerjigazetesi.ist\/en\/wp-json\/wp\/v2\/comments?post=46173"}],"version-history":[{"count":1,"href":"https:\/\/www.enerjigazetesi.ist\/en\/wp-json\/wp\/v2\/posts\/46173\/revisions"}],"predecessor-version":[{"id":46175,"href":"https:\/\/www.enerjigazetesi.ist\/en\/wp-json\/wp\/v2\/posts\/46173\/revisions\/46175"}],"wp:featuredmedia":[{"embeddable":true,"href":"https:\/\/www.enerjigazetesi.ist\/en\/wp-json\/wp\/v2\/media\/46174"}],"wp:attachment":[{"href":"https:\/\/www.enerjigazetesi.ist\/en\/wp-json\/wp\/v2\/media?parent=46173"}],"wp:term":[{"taxonomy":"category","embeddable":true,"href":"https:\/\/www.enerjigazetesi.ist\/en\/wp-json\/wp\/v2\/categories?post=46173"},{"taxonomy":"post_tag","embeddable":true,"href":"https:\/\/www.enerjigazetesi.ist\/en\/wp-json\/wp\/v2\/tags?post=46173"}],"curies":[{"name":"wp","href":"https:\/\/api.w.org\/{rel}","templated":true}]}}