{"id":46147,"date":"2015-11-03T01:15:50","date_gmt":"2015-11-02T22:15:50","guid":{"rendered":"https:\/\/www.enerjigazetesi.ist\/?p=46147"},"modified":"2015-11-03T01:16:17","modified_gmt":"2015-11-02T22:16:17","slug":"fotovoltaik-sektoru-bu-yil-yuzde-33-buyuyecek","status":"publish","type":"post","link":"https:\/\/www.enerjigazetesi.ist\/en\/fotovoltaik-sektoru-bu-yil-yuzde-33-buyuyecek\/","title":{"rendered":"(Turkish) Fotovoltaik Sekt\u00f6r\u00fc Bu Y\u0131l % 33 B\u00fcy\u00fcyecek&#8230;"},"content":{"rendered":"<p class=\"qtranxs-available-languages-message qtranxs-available-languages-message-en\">Sorry, this entry is only available in <a href=\"https:\/\/www.enerjigazetesi.ist\/tr\/wp-json\/wp\/v2\/posts\/46147\" class=\"qtranxs-available-language-link qtranxs-available-language-link-tr\" title=\"Turkish\">Turkish<\/a>. For the sake of viewer convenience, the content is shown below in the alternative language. You may click the link to switch the active language.<\/p><p><strong>2014\u2019te 44,2 GW\u2019l\u0131k b\u00fcy\u00fckl\u00fc\u011fe ula\u015fan k\u00fcresel fotovoltaik sekt\u00f6r\u00fcn\u00fcn bu y\u0131l 59 GW\u2019l\u0131k b\u00fcy\u00fckl\u00fc\u011fe ula\u015faca\u011f\u0131 \u00f6ng\u00f6r\u00fcld\u00fc.<\/strong><\/p>\n<p>Pazar ara\u015ft\u0131rma kurulu\u015fu IHS analizine g\u00f6re fotovoltaik pazar\u0131nda bu y\u0131l ya\u015fanacak y\u00fczde 33\u2019l\u00fck b\u00fcy\u00fcm<a href=\"https:\/\/www.enerjigazetesi.ist\/wp-content\/uploads\/2015\/11\/fotovoltaik-sektoru-bu-yil-yuzde-33-buyuyecek.jpg\"><img loading=\"lazy\" class=\"alignright size-medium wp-image-46148\" src=\"https:\/\/www.enerjigazetesi.ist\/wp-content\/uploads\/2015\/11\/fotovoltaik-sektoru-bu-yil-yuzde-33-buyuyecek-300x163.jpg\" alt=\"fotovoltaik-sektoru-bu-yil-yuzde-33-buyuyecek\" width=\"300\" height=\"163\" srcset=\"https:\/\/www.enerjigazetesi.ist\/wp-content\/uploads\/2015\/11\/fotovoltaik-sektoru-bu-yil-yuzde-33-buyuyecek-300x163.jpg 300w, https:\/\/www.enerjigazetesi.ist\/wp-content\/uploads\/2015\/11\/fotovoltaik-sektoru-bu-yil-yuzde-33-buyuyecek-80x43.jpg 80w, https:\/\/www.enerjigazetesi.ist\/wp-content\/uploads\/2015\/11\/fotovoltaik-sektoru-bu-yil-yuzde-33-buyuyecek.jpg 460w\" sizes=\"(max-width: 300px) 100vw, 300px\" \/><\/a>e gelecek y\u0131l ise y\u00fczde 12\u2019ye gerileyecek.<\/p>\n<p>2016 y\u0131l\u0131nda 65 GW\u2019l\u0131k b\u00fcy\u00fckl\u00fc\u011fe ula\u015facak pazar b\u00fcy\u00fckl\u00fc\u011f\u00fc k\u00fcresel g\u00fcne\u015f elektri\u011fi g\u00fcc\u00fcn\u00fcn ise 300 GW\u2019\u0131 a\u015fmas\u0131n\u0131 sa\u011flayacak.<\/p>\n<p>Kurulu\u015f daha \u00f6nce 2015 i\u00e7in y\u00fczde 30 oran\u0131nda b\u00fcy\u00fcme ile 57,3 GW\u2019l\u0131k, 2016 y\u0131l\u0131 i\u00e7in ise 63 GW\u2019l\u0131k pazar b\u00fcy\u00fckl\u00fc\u011f\u00fc \u00f6ng\u00f6r\u00fcyordu.<\/p>\n<p>IHS \u00f6ng\u00f6r\u00fcs\u00fcndeki revizyonun nedeni olarak ise ABD ve \u00c7in pazarlar\u0131ndaki olumlu geli\u015fmeleri g\u00f6sterdi.<\/p>\n<p>Kurulu\u015fa g\u00f6re \u00c7in pazar\u0131n\u0131n beklentilerden h\u0131zl\u0131 geli\u015fmesi ve \u00fclke y\u00f6netiminin 2015 i\u00e7in kurulu g\u00fc\u00e7 hedefini 17,8 GW\u2019dan 23,1 GW\u2019a y\u00fckseltmesi ile ABD\u2019li yat\u0131r\u0131mc\u0131lar\u0131n y\u0131l sonunda sona erecek olan vergi te\u015fvi\u011fi uygulamas\u0131ndan yararlanabilmek i\u00e7in h\u0131zl\u0131 davranmalar\u0131 k\u00fcresel pazar\u0131n b\u00fcy\u00fcmesini sa\u011fl\u0131yor.<\/p>\n<p>Bununla birlikte Bloomberg New Energy Finance 2015 i\u00e7in 58,3 GW, GTM Research ise 55 GW\u2019l\u0131k pazar b\u00fcy\u00fckl\u00fc\u011f\u00fc \u00f6ng\u00f6r\u00fcyor.<\/p>\n<p>Kaynak: Ye\u015fil Ekonomi<\/p>","protected":false},"excerpt":{"rendered":"<p>Sorry, this entry is only available in Turkish. For the sake of viewer convenience, the content is shown below in the alternative language. You may click the link to switch the active language.2014\u2019te 44,2 GW\u2019l\u0131k b\u00fcy\u00fckl\u00fc\u011fe ula\u015fan k\u00fcresel fotovoltaik sekt\u00f6r\u00fcn\u00fcn bu y\u0131l 59 GW\u2019l\u0131k b\u00fcy\u00fckl\u00fc\u011fe ula\u015faca\u011f\u0131 \u00f6ng\u00f6r\u00fcld\u00fc. Pazar ara\u015ft\u0131rma kurulu\u015fu IHS analizine g\u00f6re fotovoltaik pazar\u0131nda [&hellip;]<\/p>\n","protected":false},"author":1,"featured_media":46148,"comment_status":"open","ping_status":"open","sticky":false,"template":"","format":"standard","meta":[],"categories":[53,49],"tags":[63,67,1009,2698,165,7000,23411,4294,227,13,23133,4269,2402,26682],"views":1079,"_links":{"self":[{"href":"https:\/\/www.enerjigazetesi.ist\/en\/wp-json\/wp\/v2\/posts\/46147"}],"collection":[{"href":"https:\/\/www.enerjigazetesi.ist\/en\/wp-json\/wp\/v2\/posts"}],"about":[{"href":"https:\/\/www.enerjigazetesi.ist\/en\/wp-json\/wp\/v2\/types\/post"}],"author":[{"embeddable":true,"href":"https:\/\/www.enerjigazetesi.ist\/en\/wp-json\/wp\/v2\/users\/1"}],"replies":[{"embeddable":true,"href":"https:\/\/www.enerjigazetesi.ist\/en\/wp-json\/wp\/v2\/comments?post=46147"}],"version-history":[{"count":1,"href":"https:\/\/www.enerjigazetesi.ist\/en\/wp-json\/wp\/v2\/posts\/46147\/revisions"}],"predecessor-version":[{"id":46149,"href":"https:\/\/www.enerjigazetesi.ist\/en\/wp-json\/wp\/v2\/posts\/46147\/revisions\/46149"}],"wp:featuredmedia":[{"embeddable":true,"href":"https:\/\/www.enerjigazetesi.ist\/en\/wp-json\/wp\/v2\/media\/46148"}],"wp:attachment":[{"href":"https:\/\/www.enerjigazetesi.ist\/en\/wp-json\/wp\/v2\/media?parent=46147"}],"wp:term":[{"taxonomy":"category","embeddable":true,"href":"https:\/\/www.enerjigazetesi.ist\/en\/wp-json\/wp\/v2\/categories?post=46147"},{"taxonomy":"post_tag","embeddable":true,"href":"https:\/\/www.enerjigazetesi.ist\/en\/wp-json\/wp\/v2\/tags?post=46147"}],"curies":[{"name":"wp","href":"https:\/\/api.w.org\/{rel}","templated":true}]}}