{"id":46142,"date":"2015-11-03T01:05:48","date_gmt":"2015-11-02T22:05:48","guid":{"rendered":"https:\/\/www.enerjigazetesi.ist\/?p=46142"},"modified":"2015-11-03T01:05:48","modified_gmt":"2015-11-02T22:05:48","slug":"iran-petrol-uretimini-arttiracak","status":"publish","type":"post","link":"https:\/\/www.enerjigazetesi.ist\/en\/iran-petrol-uretimini-arttiracak\/","title":{"rendered":"(Turkish) \u0130ran, Petrol \u00dcretimini Artt\u0131racak!"},"content":{"rendered":"<p class=\"qtranxs-available-languages-message qtranxs-available-languages-message-en\">Sorry, this entry is only available in <a href=\"https:\/\/www.enerjigazetesi.ist\/tr\/wp-json\/wp\/v2\/posts\/46142\" class=\"qtranxs-available-language-link qtranxs-available-language-link-tr\" title=\"Turkish\">Turkish<\/a>. For the sake of viewer convenience, the content is shown below in the alternative language. You may click the link to switch the active language.<\/p><p><strong>\u0130ran, petrol \u00fcretimini g\u00fcnde 500 bin varil artt\u0131rmay\u0131 planl\u0131yor.<img loading=\"lazy\" class=\"alignright size-medium wp-image-46143\" src=\"https:\/\/www.enerjigazetesi.ist\/wp-content\/uploads\/2015\/11\/iran-petrol-uretimini-arttiracak-300x204.jpg\" alt=\"iran-petrol-uretimini-arttiracak\" width=\"300\" height=\"204\" srcset=\"https:\/\/www.enerjigazetesi.ist\/wp-content\/uploads\/2015\/11\/iran-petrol-uretimini-arttiracak-300x204.jpg 300w, https:\/\/www.enerjigazetesi.ist\/wp-content\/uploads\/2015\/11\/iran-petrol-uretimini-arttiracak-73x50.jpg 73w, https:\/\/www.enerjigazetesi.ist\/wp-content\/uploads\/2015\/11\/iran-petrol-uretimini-arttiracak.jpg 448w\" sizes=\"(max-width: 300px) 100vw, 300px\" \/><\/strong><\/p>\n<p>\u0130ran Petrol Bakan\u0131 Bijan Zanganeh, SANA haber ajans\u0131na yapt\u0131\u011f\u0131 a\u00e7\u0131klamada, petrol \u00fcretimlerini g\u00fcnde 500 bin varil artt\u0131rmay\u0131 planlad\u0131klar\u0131n\u0131 ifade etti.<br \/>\nZanganeh, OPEC \u00fcyelerini belirlenen g\u00fcnl\u00fck 30 milyon varil\/g\u00fcnl\u00fck \u00fcretim tavan\u0131 i\u00e7inde kotalar\u0131na sayg\u0131l\u0131 olmaya \u00e7a\u011f\u0131racaklar\u0131n\u0131 da vurgulayarak, OPEC \u00fcyelerini Aral\u0131k ay\u0131ndaki toplant\u0131da bilgilendireceklerini s\u00f6yledi.<\/p>\n<p>Kaynak: B\u00fcltenler<\/p>","protected":false},"excerpt":{"rendered":"<p>Sorry, this entry is only available in Turkish. For the sake of viewer convenience, the content is shown below in the alternative language. You may click the link to switch the active language.\u0130ran, petrol \u00fcretimini g\u00fcnde 500 bin varil artt\u0131rmay\u0131 planl\u0131yor. \u0130ran Petrol Bakan\u0131 Bijan Zanganeh, SANA haber ajans\u0131na yapt\u0131\u011f\u0131 a\u00e7\u0131klamada, petrol \u00fcretimlerini g\u00fcnde 500 [&hellip;]<\/p>\n","protected":false},"author":1,"featured_media":46143,"comment_status":"open","ping_status":"open","sticky":false,"template":"","format":"standard","meta":[],"categories":[53,44],"tags":[63,67,1009,2698,165,1333,26681,1377,59,79,2388,887,2522,1369],"views":829,"_links":{"self":[{"href":"https:\/\/www.enerjigazetesi.ist\/en\/wp-json\/wp\/v2\/posts\/46142"}],"collection":[{"href":"https:\/\/www.enerjigazetesi.ist\/en\/wp-json\/wp\/v2\/posts"}],"about":[{"href":"https:\/\/www.enerjigazetesi.ist\/en\/wp-json\/wp\/v2\/types\/post"}],"author":[{"embeddable":true,"href":"https:\/\/www.enerjigazetesi.ist\/en\/wp-json\/wp\/v2\/users\/1"}],"replies":[{"embeddable":true,"href":"https:\/\/www.enerjigazetesi.ist\/en\/wp-json\/wp\/v2\/comments?post=46142"}],"version-history":[{"count":1,"href":"https:\/\/www.enerjigazetesi.ist\/en\/wp-json\/wp\/v2\/posts\/46142\/revisions"}],"predecessor-version":[{"id":46144,"href":"https:\/\/www.enerjigazetesi.ist\/en\/wp-json\/wp\/v2\/posts\/46142\/revisions\/46144"}],"wp:featuredmedia":[{"embeddable":true,"href":"https:\/\/www.enerjigazetesi.ist\/en\/wp-json\/wp\/v2\/media\/46143"}],"wp:attachment":[{"href":"https:\/\/www.enerjigazetesi.ist\/en\/wp-json\/wp\/v2\/media?parent=46142"}],"wp:term":[{"taxonomy":"category","embeddable":true,"href":"https:\/\/www.enerjigazetesi.ist\/en\/wp-json\/wp\/v2\/categories?post=46142"},{"taxonomy":"post_tag","embeddable":true,"href":"https:\/\/www.enerjigazetesi.ist\/en\/wp-json\/wp\/v2\/tags?post=46142"}],"curies":[{"name":"wp","href":"https:\/\/api.w.org\/{rel}","templated":true}]}}