{"id":46009,"date":"2015-10-30T10:32:15","date_gmt":"2015-10-30T07:32:15","guid":{"rendered":"https:\/\/www.enerjigazetesi.ist\/?p=46009"},"modified":"2015-10-30T10:32:15","modified_gmt":"2015-10-30T07:32:15","slug":"gapin-butcesi-son-10-yilda-5-kat-artti","status":"publish","type":"post","link":"https:\/\/www.enerjigazetesi.ist\/en\/gapin-butcesi-son-10-yilda-5-kat-artti\/","title":{"rendered":"(Turkish) GAP&#8217;\u0131n B\u00fct\u00e7esi Son 10 Y\u0131lda 5 Kat Artt\u0131!"},"content":{"rendered":"<p class=\"qtranxs-available-languages-message qtranxs-available-languages-message-en\">Sorry, this entry is only available in <a href=\"https:\/\/www.enerjigazetesi.ist\/tr\/wp-json\/wp\/v2\/posts\/46009\" class=\"qtranxs-available-language-link qtranxs-available-language-link-tr\" title=\"Turkish\">Turkish<\/a>. For the sake of viewer convenience, the content is shown below in the alternative language. You may click the link to switch the active language.<\/p><p><span style=\"font-weight: bold; color: #242424;\">GAP B\u00f6lge Kalk\u0131nma \u0130daresi (BK\u0130) Ba\u015fkan\u0131 Sadrettin Karahocagil, d\u00fcnyan\u0131n \u00f6nde gelen projelerinden GAP&#8217;a ayr\u0131lan b\u00fct\u00e7enin son 10 <a href=\"https:\/\/www.enerjigazetesi.ist\/wp-content\/uploads\/2015\/10\/70027.jpg\"><img loading=\"lazy\" class=\"alignright size-medium wp-image-46010\" src=\"https:\/\/www.enerjigazetesi.ist\/wp-content\/uploads\/2015\/10\/70027-300x153.jpg\" alt=\"70027\" width=\"300\" height=\"153\" srcset=\"https:\/\/www.enerjigazetesi.ist\/wp-content\/uploads\/2015\/10\/70027-300x153.jpg 300w, https:\/\/www.enerjigazetesi.ist\/wp-content\/uploads\/2015\/10\/70027-500x255.jpg 500w, https:\/\/www.enerjigazetesi.ist\/wp-content\/uploads\/2015\/10\/70027-80x40.jpg 80w, https:\/\/www.enerjigazetesi.ist\/wp-content\/uploads\/2015\/10\/70027.jpg 685w\" sizes=\"(max-width: 300px) 100vw, 300px\" \/><\/a>y\u0131lda 5 kat artt\u0131\u011f\u0131n\u0131 bildirdi.<\/span><\/p>\n<div id=\"news_content\" class=\"text_content\" style=\"color: #4d4e53;\">\n<p>GAP BK\u0130 Ba\u015fkan\u0131 Karahocagil:<\/p>\n<p>&#8211; &#8220;GAP&#8217;a son 10 y\u0131lda 5 kattan fazla bir b\u00fct\u00e7e ayr\u0131ld\u0131&#8221;<\/p>\n<p>Sadrettin Karahocagil, GAP kapsam\u0131nda y\u00fcr\u00fct\u00fclen enerji, sulama ve altyap\u0131 \u00e7al\u0131\u015fmalar\u0131n\u0131n b\u00f6lge illerinde yo\u011fun bir \u015fekilde s\u00fcrd\u00fc\u011f\u00fcn\u00fc belirtti.<\/p>\n<p>B\u00f6lgenin tekstil, organik tar\u0131m ve yenilenebilir enerji alan\u0131nda rekabet kapasitesinin artt\u0131\u011f\u0131n\u0131 ifade eden Karahocagil, bu alanlara ili\u015fkin \u00e7ok kapsaml\u0131 programlara ciddi destekler verdiklerini s\u00f6yledi.<\/p>\n<p>GAP&#8217;a ayr\u0131lan b\u00fct\u00e7ede ciddi art\u0131\u015flar\u0131n oldu\u011funu vurgulayan Karahocagil, &#8220;GAP&#8217;a 2002 y\u0131l\u0131nda T\u00fcrkiye b\u00fct\u00e7esinin y\u00fczde 5&#8217;i ayr\u0131l\u0131yordu tabii ki o da \u00f6nemli bir rakamd\u0131. 2007&#8217;den sonra ilan edilen GAP Eylem Plan\u0131 ile bu oran birden y\u00fczde 14&#8217;e f\u0131rlad\u0131&#8221; dedi.<\/p>\n<p>Karahocagil, GAP&#8217;a ayr\u0131lan b\u00fct\u00e7enin \u015fu anda y\u00fczde 10 seviyesinde seyretti\u011fini ifade ederek, \u015fu an yat\u0131r\u0131m ihtiyac\u0131 olmamas\u0131 nedeniyle b\u00fct\u00e7enin bu oranda oldu\u011funu kaydetti.<\/p>\n<p>Y\u00fczde 10 olan b\u00fct\u00e7enin \u00e7ok b\u00fcy\u00fck bir rakama tekab\u00fcl etti\u011fine dikkati \u00e7eken Karahocagil, \u015f\u00f6yle konu\u015ftu:<\/p>\n<p>&#8220;Y\u00fczde 7&#8217;den y\u00fczde 10&#8217;a \u00e7\u0131km\u0131\u015f g\u00f6z\u00fckse de durum farkl\u0131. Bu y\u00fczdeye ayr\u0131l\u0131rken bir taraftan da \u00fclke b\u00fct\u00e7esi geli\u015fen ekonomiye paralel olarak \u00e7ok b\u00fcy\u00fcd\u00fc. Y\u00fczde 7 ayr\u0131l\u0131rken diyelim ki 700 bin lira \u00f6deniyordu, bug\u00fcn y\u00fczde 10 olunca 4 milyar ay\u0131r\u0131yorsunuz. Niye 4 milyar ay\u0131r\u0131yorsunuz \u00e7\u00fcnk\u00fc art\u0131k 40 milyar liral\u0131k b\u00fct\u00e7enin y\u00fczde 10&#8217;unu ay\u0131r\u0131yorsunuz. GAP&#8217;a son 10 y\u0131lda 5 kattan fazla bir b\u00fct\u00e7e ayr\u0131lmaya ba\u015flad\u0131. Yani \u00e7ok \u00f6zel bir durum bu.&#8221;<\/p>\n<p><strong>GAP, bak\u0131\u015f a\u00e7\u0131s\u0131n\u0131 geli\u015ftirdi\u00a0<\/strong><\/p>\n<p>GAP&#8217;\u0131n b\u00f6lgeye yenilik\u00e7i ve b\u00fct\u00fcnle\u015ftirici bir bak\u0131\u015f a\u00e7\u0131s\u0131 kazand\u0131rd\u0131\u011f\u0131n\u0131 dile getiren Karahocagil, bu sayede \u00e7ok say\u0131da sekt\u00f6r i\u00e7in koordinasyon dahilinde uyumlu projelerin ger\u00e7ekle\u015ftirildi\u011fini anlatt\u0131.<\/p>\n<p>Karahocagil, b\u00f6lgede ayr\u0131l\u0131k\u00e7\u0131 ve farkl\u0131 bak\u0131\u015f a\u00e7\u0131lar\u0131n\u0131n GAP&#8217;\u0131n b\u00fct\u00fcnle\u015ftirici yap\u0131s\u0131yla \u00f6nlendi\u011fini belirterek, s\u00f6zlerini \u015f\u00f6yle tamamlad\u0131:<\/p>\n<p>&#8220;GAP olmasayd\u0131 b\u00f6lgede uyumlu politikalar, projeler ve programlar bu denli ba\u015far\u0131l\u0131 olmazd\u0131. B\u00f6yle olunca da b\u00f6lgede bug\u00fcn belki \u00e7ok daha a\u011f\u0131r sonu\u00e7lar ya\u015f\u0131yor olabilirdik. Belki b\u00f6lgedeki baz\u0131 s\u0131k\u0131nt\u0131lar\u0131n \u00e7ok b\u00fcy\u00fcmemesini sa\u011flayan GAP&#8217;t\u0131r. Yani bug\u00fcn b\u00f6lge d\u0131\u015f\u0131 veya i\u00e7i i\u00e7in farkl\u0131 bak\u0131\u015f a\u00e7\u0131s\u0131 var. \u00d6rne\u011fin, Do\u011fu Anadolu i\u00e7in farkl\u0131 bir bak\u0131\u015f a\u00e7\u0131s\u0131 var. Daha geride gibi g\u00f6r\u00fcn\u00fcyor b\u00f6lge. E\u011fer GAP olmasayd\u0131 bu duygular daha yerle\u015fmi\u015f bir \u015fekilde bu b\u00f6lgede alana yans\u0131m\u0131\u015f olurdu. GAP&#8217;\u0131n varl\u0131\u011f\u0131 bunun olu\u015fumunu engelledi. GAP&#8217;\u0131n bak\u0131\u015f\u0131 sadece b\u00f6lge ve T\u00fcrkiye i\u00e7in de\u011fil, t\u00fcm d\u00fcnya i\u00e7in \u00f6rnek bir bak\u0131\u015f a\u00e7\u0131s\u0131, b\u00fct\u00fcnle\u015ftirici y\u00f6n\u00fc var. Bu bak\u0131\u015f a\u00e7\u0131s\u0131yla b\u00fct\u00fcn programlar geli\u015ftirildi. Bu sayede vatanda\u015f\u0131n devlet alg\u0131s\u0131 ve \u00fclke alg\u0131s\u0131 daha da iyile\u015fti. \u00c7evremizdeki \u00fclkelerdeki ate\u015fi d\u00fc\u015f\u00fcn\u00fcnce e\u011fer GAP olmasayd\u0131 bug\u00fcn \u00e7ok daha a\u011f\u0131r sonu\u00e7lar\u0131 b\u00f6lgede ya\u015fayabilirdik.&#8221;<\/p>\n<\/div>\n<div class=\"clear\" style=\"color: #0f0f0f;\">\u00a0Kaynak:<\/div>\n<p>&nbsp;<\/p>","protected":false},"excerpt":{"rendered":"<p>Sorry, this entry is only available in Turkish. For the sake of viewer convenience, the content is shown below in the alternative language. You may click the link to switch the active language.GAP B\u00f6lge Kalk\u0131nma \u0130daresi (BK\u0130) Ba\u015fkan\u0131 Sadrettin Karahocagil, d\u00fcnyan\u0131n \u00f6nde gelen projelerinden GAP&#8217;a ayr\u0131lan b\u00fct\u00e7enin son 10 y\u0131lda 5 kat artt\u0131\u011f\u0131n\u0131 bildirdi. GAP [&hellip;]<\/p>\n","protected":false},"author":1,"featured_media":46010,"comment_status":"open","ping_status":"open","sticky":false,"template":"","format":"standard","meta":[],"categories":[53],"tags":[26633],"views":1068,"_links":{"self":[{"href":"https:\/\/www.enerjigazetesi.ist\/en\/wp-json\/wp\/v2\/posts\/46009"}],"collection":[{"href":"https:\/\/www.enerjigazetesi.ist\/en\/wp-json\/wp\/v2\/posts"}],"about":[{"href":"https:\/\/www.enerjigazetesi.ist\/en\/wp-json\/wp\/v2\/types\/post"}],"author":[{"embeddable":true,"href":"https:\/\/www.enerjigazetesi.ist\/en\/wp-json\/wp\/v2\/users\/1"}],"replies":[{"embeddable":true,"href":"https:\/\/www.enerjigazetesi.ist\/en\/wp-json\/wp\/v2\/comments?post=46009"}],"version-history":[{"count":1,"href":"https:\/\/www.enerjigazetesi.ist\/en\/wp-json\/wp\/v2\/posts\/46009\/revisions"}],"predecessor-version":[{"id":46011,"href":"https:\/\/www.enerjigazetesi.ist\/en\/wp-json\/wp\/v2\/posts\/46009\/revisions\/46011"}],"wp:featuredmedia":[{"embeddable":true,"href":"https:\/\/www.enerjigazetesi.ist\/en\/wp-json\/wp\/v2\/media\/46010"}],"wp:attachment":[{"href":"https:\/\/www.enerjigazetesi.ist\/en\/wp-json\/wp\/v2\/media?parent=46009"}],"wp:term":[{"taxonomy":"category","embeddable":true,"href":"https:\/\/www.enerjigazetesi.ist\/en\/wp-json\/wp\/v2\/categories?post=46009"},{"taxonomy":"post_tag","embeddable":true,"href":"https:\/\/www.enerjigazetesi.ist\/en\/wp-json\/wp\/v2\/tags?post=46009"}],"curies":[{"name":"wp","href":"https:\/\/api.w.org\/{rel}","templated":true}]}}