{"id":45989,"date":"2015-10-29T20:24:24","date_gmt":"2015-10-29T17:24:24","guid":{"rendered":"https:\/\/www.enerjigazetesi.ist\/?p=45989"},"modified":"2015-10-29T20:24:57","modified_gmt":"2015-10-29T17:24:57","slug":"alaboyun-yenilenebilir-enerjiden-maksimum-duzeyde-yararlanmak-istiyoruz","status":"publish","type":"post","link":"https:\/\/www.enerjigazetesi.ist\/en\/alaboyun-yenilenebilir-enerjiden-maksimum-duzeyde-yararlanmak-istiyoruz\/","title":{"rendered":"(Turkish) \u201cYenilenebilir Enerjiden Maksimum D\u00fczeyde Yararlanmak \u0130stiyoruz!\u201d"},"content":{"rendered":"<p class=\"qtranxs-available-languages-message qtranxs-available-languages-message-en\">Sorry, this entry is only available in <a href=\"https:\/\/www.enerjigazetesi.ist\/tr\/wp-json\/wp\/v2\/posts\/45989\" class=\"qtranxs-available-language-link qtranxs-available-language-link-tr\" title=\"Turkish\">Turkish<\/a>. For the sake of viewer convenience, the content is shown below in the alternative language. You may click the link to switch the active language.<\/p><p><strong>Enerji ve Tabii Kaynaklar Bakan\u0131 Ali R\u0131za Alaboyun, bakanl\u0131k olarak yenilenebilir enerjiden maksimum d\u00fczeyde yararlanmak istediklerini belirterek, \u201cOrada kendimize bir s\u0131n\u0131r \u00e7izmedik ama hedeflerimiz var. 10 sene \u00f6nce 40 megavat olan r\u00fczgar, \u015fu an 4 bin megavata \u00e7\u0131kt\u0131. 2023\u2019te de 20 bin megavata \u00e7\u0131kacak\u201d dedi.<\/strong><span id=\"more-73987\"><\/span><\/p>\n<p>Bakan Alaboyun, T\u00fcrkiye\u2019nin enerji politikalar\u0131na ili\u015fkin a\u00e7\u0131klamalarda bulundu. Yenilenebilir enerji denilince iki fakt\u00f6r\u00fcn \u00f6ne \u00e7\u0131kt\u0131\u011f\u0131n\u0131 belirten <a href=\"https:\/\/www.enerjigazetesi.ist\/wp-content\/uploads\/2015\/10\/alaboyun-yenilenebilir-enerjiden-maksimum-duzeyde-yararlanmak-istiyoruz.jpg\"><img loading=\"lazy\" class=\"alignleft size-medium wp-image-45990\" src=\"https:\/\/www.enerjigazetesi.ist\/wp-content\/uploads\/2015\/10\/alaboyun-yenilenebilir-enerjiden-maksimum-duzeyde-yararlanmak-istiyoruz-300x165.jpg\" alt=\"alaboyun-yenilenebilir-enerjiden-maksimum-duzeyde-yararlanmak-istiyoruz\" width=\"300\" height=\"165\" srcset=\"https:\/\/www.enerjigazetesi.ist\/wp-content\/uploads\/2015\/10\/alaboyun-yenilenebilir-enerjiden-maksimum-duzeyde-yararlanmak-istiyoruz-300x165.jpg 300w, https:\/\/www.enerjigazetesi.ist\/wp-content\/uploads\/2015\/10\/alaboyun-yenilenebilir-enerjiden-maksimum-duzeyde-yararlanmak-istiyoruz-500x276.jpg 500w, https:\/\/www.enerjigazetesi.ist\/wp-content\/uploads\/2015\/10\/alaboyun-yenilenebilir-enerjiden-maksimum-duzeyde-yararlanmak-istiyoruz-80x44.jpg 80w, https:\/\/www.enerjigazetesi.ist\/wp-content\/uploads\/2015\/10\/alaboyun-yenilenebilir-enerjiden-maksimum-duzeyde-yararlanmak-istiyoruz.jpg 696w\" sizes=\"(max-width: 300px) 100vw, 300px\" \/><\/a>Alaboyun, bunlar\u0131n r\u00fczgar ve g\u00fcne\u015f oldu\u011funa i\u015faret etti.<\/p>\n<p>Alaboyun, bir y\u0131l i\u00e7erisinde 8 bin 760 saat enerji temin etmenin gereklili\u011fine dikkati \u00e7ekerek, \u015f\u00f6yle konu\u015ftu:<\/p>\n<p>\u201cG\u00fcne\u015ften elde etti\u011fimiz enerji bin 800 saat. R\u00fczgardan elde etti\u011fimiz 2 bin 400 saat. Geri kalan enerji a\u00e7\u0131\u011f\u0131n\u0131 da bir \u015fekilde kapatmam\u0131z laz\u0131m. Bunu da ancak; n\u00fckleer enerji, k\u00f6m\u00fcr ve do\u011falgaz santralleri ve devrede 4 bin 800 saat \u00e7al\u0131\u015fma kapasitesi olan hidroelektrik santrallerle kapataca\u011f\u0131z. Bakanl\u0131k olarak yenilenebilir enerjiden maksimum d\u00fczeyde yararlanmak istiyoruz. Orada kendimize bir s\u0131n\u0131r \u00e7izmedik ama hedeflerimiz var. 10 sene \u00f6nce 40 megavat olan r\u00fczgar, \u015fu an 4 bin megavata \u00e7\u0131kt\u0131. 2023\u2019te de 20 bin megavata \u00e7\u0131kacak.\u201d<\/p>\n<p>T\u00fcrkiye\u2019nin yenilenebilir enerji kapasitesini gelecek y\u0131llarda 5 kat\u0131na \u00e7\u0131karmay\u0131 hedeflediklerini dile getiren Alaboyun, g\u00fcne\u015f enerjisinden daha fazla yararlanmak istediklerini aktard\u0131.<\/p>\n<p>Kaynak: B\u00fcltenler<\/p>","protected":false},"excerpt":{"rendered":"<p>Sorry, this entry is only available in Turkish. For the sake of viewer convenience, the content is shown below in the alternative language. You may click the link to switch the active language.Enerji ve Tabii Kaynaklar Bakan\u0131 Ali R\u0131za Alaboyun, bakanl\u0131k olarak yenilenebilir enerjiden maksimum d\u00fczeyde yararlanmak istediklerini belirterek, \u201cOrada kendimize bir s\u0131n\u0131r \u00e7izmedik ama [&hellip;]<\/p>\n","protected":false},"author":1,"featured_media":45990,"comment_status":"open","ping_status":"open","sticky":false,"template":"","format":"standard","meta":[],"categories":[53,49,50],"tags":[25276,63,67,1009,2698,165,227,16387,13,3239,15180,21,69,16,15182,105],"views":1209,"_links":{"self":[{"href":"https:\/\/www.enerjigazetesi.ist\/en\/wp-json\/wp\/v2\/posts\/45989"}],"collection":[{"href":"https:\/\/www.enerjigazetesi.ist\/en\/wp-json\/wp\/v2\/posts"}],"about":[{"href":"https:\/\/www.enerjigazetesi.ist\/en\/wp-json\/wp\/v2\/types\/post"}],"author":[{"embeddable":true,"href":"https:\/\/www.enerjigazetesi.ist\/en\/wp-json\/wp\/v2\/users\/1"}],"replies":[{"embeddable":true,"href":"https:\/\/www.enerjigazetesi.ist\/en\/wp-json\/wp\/v2\/comments?post=45989"}],"version-history":[{"count":2,"href":"https:\/\/www.enerjigazetesi.ist\/en\/wp-json\/wp\/v2\/posts\/45989\/revisions"}],"predecessor-version":[{"id":45992,"href":"https:\/\/www.enerjigazetesi.ist\/en\/wp-json\/wp\/v2\/posts\/45989\/revisions\/45992"}],"wp:featuredmedia":[{"embeddable":true,"href":"https:\/\/www.enerjigazetesi.ist\/en\/wp-json\/wp\/v2\/media\/45990"}],"wp:attachment":[{"href":"https:\/\/www.enerjigazetesi.ist\/en\/wp-json\/wp\/v2\/media?parent=45989"}],"wp:term":[{"taxonomy":"category","embeddable":true,"href":"https:\/\/www.enerjigazetesi.ist\/en\/wp-json\/wp\/v2\/categories?post=45989"},{"taxonomy":"post_tag","embeddable":true,"href":"https:\/\/www.enerjigazetesi.ist\/en\/wp-json\/wp\/v2\/tags?post=45989"}],"curies":[{"name":"wp","href":"https:\/\/api.w.org\/{rel}","templated":true}]}}