{"id":45977,"date":"2015-10-29T19:08:13","date_gmt":"2015-10-29T16:08:13","guid":{"rendered":"https:\/\/www.enerjigazetesi.ist\/?p=45977"},"modified":"2015-10-29T19:08:13","modified_gmt":"2015-10-29T16:08:13","slug":"isid-libyanin-es-sider-petrol-rafinerisine-saldirdi","status":"publish","type":"post","link":"https:\/\/www.enerjigazetesi.ist\/en\/isid-libyanin-es-sider-petrol-rafinerisine-saldirdi\/","title":{"rendered":"(Turkish) I\u015e\u0130D, Libya\u2019n\u0131n Es Sider Petrol Rafinerisine Sald\u0131rd\u0131!"},"content":{"rendered":"<p class=\"qtranxs-available-languages-message qtranxs-available-languages-message-en\">Sorry, this entry is only available in <a href=\"https:\/\/www.enerjigazetesi.ist\/tr\/wp-json\/wp\/v2\/posts\/45977\" class=\"qtranxs-available-language-link qtranxs-available-language-link-tr\" title=\"Turkish\">Turkish<\/a>. For the sake of viewer convenience, the content is shown below in the alternative language. You may click the link to switch the active language.<\/p><p><strong>Libya\u2019da bu ay\u0131n ba\u015flar\u0131nda Es Sider petrol liman\u0131na vur- ka\u00e7 sald\u0131r\u0131s\u0131 d\u00fczenleyen I\u015e\u0130D, liman\u0131n 700 metre bat\u0131s\u0131na kadar gelerek kala\u015fnikof ve a\u011f\u0131r makineli t\u00fcfeklerle ate\u015f a\u00e7t\u0131.<span id=\"more-73982\"><\/span> Bu I\u015e\u0130D\u2019in petrol liman\u0131na yapt\u0131\u011f\u0131 ilk sald\u0131r\u0131 de\u011fil daha \u00f6nce de bir ka\u00e7 sald\u0131r\u0131 giri\u015fiminde bulunmu\u015ftu.<\/strong><\/p>\n<p>I\u015e\u0130D militanlar\u0131 Libya\u2019n\u0131 Es Sider petrol liman\u0131n\u0131n g\u00fcvenlik g\u00f6revlilerine silahla ate\u015f a\u00e7t\u0131. G\u00fcvenlik g\u00f6revlileri silahl\u0131 ki\u015filerin bir bek\u00e7iyi \u00f6ld\u00fcrd\u00fc\u011f\u00fcn\u00fc ikisini yaral<a href=\"https:\/\/www.enerjigazetesi.ist\/wp-content\/uploads\/2015\/10\/isid-libyanin-es-sider-petrol-rafinerisine-saldirdi.jpg\"><img loading=\"lazy\" class=\"alignleft size-medium wp-image-45978\" src=\"https:\/\/www.enerjigazetesi.ist\/wp-content\/uploads\/2015\/10\/isid-libyanin-es-sider-petrol-rafinerisine-saldirdi-300x165.jpg\" alt=\"isid-libyanin-es-sider-petrol-rafinerisine-saldirdi\" width=\"300\" height=\"165\" srcset=\"https:\/\/www.enerjigazetesi.ist\/wp-content\/uploads\/2015\/10\/isid-libyanin-es-sider-petrol-rafinerisine-saldirdi-300x165.jpg 300w, https:\/\/www.enerjigazetesi.ist\/wp-content\/uploads\/2015\/10\/isid-libyanin-es-sider-petrol-rafinerisine-saldirdi-500x276.jpg 500w, https:\/\/www.enerjigazetesi.ist\/wp-content\/uploads\/2015\/10\/isid-libyanin-es-sider-petrol-rafinerisine-saldirdi-80x44.jpg 80w, https:\/\/www.enerjigazetesi.ist\/wp-content\/uploads\/2015\/10\/isid-libyanin-es-sider-petrol-rafinerisine-saldirdi.jpg 696w\" sizes=\"(max-width: 300px) 100vw, 300px\" \/><\/a>ad\u0131\u011f\u0131n\u0131 s\u00f6yledi. Rafineri giri\u015findeki kap\u0131 \u00f6n\u00fcnde arabay\u0131 bomba ile patlatmak i\u00e7in \u00e7al\u0131\u015ft\u0131klar\u0131n\u0131 ancak g\u00fcvenlik g\u00fc\u00e7leri taraf\u0131ndan d\u00f6rd\u00fcn\u00fcn de vurularak \u00f6ld\u00fcr\u00fcld\u00fc\u011f\u00fcn\u00fc bildirdi.<br \/>\nAvrupa D\u0131\u015f \u0130li\u015fkiler Konseyinde Libya uzman\u0131 olan Mattia Toaldo, \u201cI\u015e\u0130D Libya\u2019da en k\u00fc\u00e7\u00fck bir diren\u00e7le kar\u015f\u0131la\u015fmadan geni\u015fliyor\u201d dedi. Libya Ulusal Petrol \u015eirketi verilerine g\u00f6re, liman\u0131n eski i\u015fletmecisi petrol \u015firketi El Waha, g\u00fcnde 200 bin varil petrol \u00fcretiyordu.<\/p>\n<p>Trablus h\u00fck\u00fcmeti Petrol Bakan\u0131 Mashallah Zwei, Libya\u2019daki I\u015e\u0130D, Irak ve Suriye\u2019dekinden farkl\u0131 \u201d dedi. \u201cI\u015e\u0130D, Irak ve Suriye\u2019de geni\u015f arazilerde petrol yataklar\u0131na eri\u015fti. Irak ve Suriye\u2019deki I\u015e\u0130D\u2019in elinde bulundurdu\u011fu petrol kaynaklar\u0131ndan y\u0131ll\u0131k 2,9 milyar dolar gelir kazand\u0131\u011f\u0131 tahmin ediliyor.\u201d a\u00e7\u0131klamas\u0131nda bulundu.<\/p>\n<p>Libya\u2019n\u0131n petrol sekt\u00f6r\u00fcndeki karga\u015fa devam ediyor. \u0130ki \u00f6nemli ihracat terminali Es Sider ve Ras Lanuf Aral\u0131k ay\u0131ndan beri kapal\u0131 duruyor. Libya\u2019n\u0131n ba\u015fkenti Trablus\u2019un do\u011fusunda bulunan ve \u00fclkenin en b\u00fcy\u00fck petrol ihracat liman\u0131 olan Es Sider b\u00f6lgede ya\u015fanan \u00e7at\u0131\u015fmalardan dolay\u0131 kapat\u0131ld\u0131.<\/p>\n<p>Libya\u2019n\u0131n do\u011fusundaki Es Sider petrol ihracat liman\u0131 b\u00f6lgede ya\u015fanan \u00e7at\u0131\u015fmalardan dolay\u0131 kapat\u0131ld\u0131. Es Sider petrol liman\u0131n\u0131 i\u015fleten El Waha petrol \u015firketi \u00e7al\u0131\u015fmalar\u0131n\u0131 durdurdu. Limanda \u00e7al\u0131\u015fan bir i\u015f\u00e7i ise g\u00fcvenlik sorunu nedeniyle t\u00fcm \u00e7al\u0131\u015fanlar\u0131n limandan ayr\u0131ld\u0131\u011f\u0131n\u0131 s\u00f6yledi.<\/p>\n<p>Kaynak: Enerji Enstit\u00fcs\u00fc<\/p>","protected":false},"excerpt":{"rendered":"<p>Sorry, this entry is only available in Turkish. For the sake of viewer convenience, the content is shown below in the alternative language. You may click the link to switch the active language.Libya\u2019da bu ay\u0131n ba\u015flar\u0131nda Es Sider petrol liman\u0131na vur- ka\u00e7 sald\u0131r\u0131s\u0131 d\u00fczenleyen I\u015e\u0130D, liman\u0131n 700 metre bat\u0131s\u0131na kadar gelerek kala\u015fnikof ve a\u011f\u0131r makineli [&hellip;]<\/p>\n","protected":false},"author":1,"featured_media":45978,"comment_status":"open","ping_status":"open","sticky":false,"template":"","format":"standard","meta":[],"categories":[53,44],"tags":[26609,63,67,1009,2698,165,26610,13970,16870,59,79,2388,887,2522,4004],"views":1057,"_links":{"self":[{"href":"https:\/\/www.enerjigazetesi.ist\/en\/wp-json\/wp\/v2\/posts\/45977"}],"collection":[{"href":"https:\/\/www.enerjigazetesi.ist\/en\/wp-json\/wp\/v2\/posts"}],"about":[{"href":"https:\/\/www.enerjigazetesi.ist\/en\/wp-json\/wp\/v2\/types\/post"}],"author":[{"embeddable":true,"href":"https:\/\/www.enerjigazetesi.ist\/en\/wp-json\/wp\/v2\/users\/1"}],"replies":[{"embeddable":true,"href":"https:\/\/www.enerjigazetesi.ist\/en\/wp-json\/wp\/v2\/comments?post=45977"}],"version-history":[{"count":1,"href":"https:\/\/www.enerjigazetesi.ist\/en\/wp-json\/wp\/v2\/posts\/45977\/revisions"}],"predecessor-version":[{"id":45979,"href":"https:\/\/www.enerjigazetesi.ist\/en\/wp-json\/wp\/v2\/posts\/45977\/revisions\/45979"}],"wp:featuredmedia":[{"embeddable":true,"href":"https:\/\/www.enerjigazetesi.ist\/en\/wp-json\/wp\/v2\/media\/45978"}],"wp:attachment":[{"href":"https:\/\/www.enerjigazetesi.ist\/en\/wp-json\/wp\/v2\/media?parent=45977"}],"wp:term":[{"taxonomy":"category","embeddable":true,"href":"https:\/\/www.enerjigazetesi.ist\/en\/wp-json\/wp\/v2\/categories?post=45977"},{"taxonomy":"post_tag","embeddable":true,"href":"https:\/\/www.enerjigazetesi.ist\/en\/wp-json\/wp\/v2\/tags?post=45977"}],"curies":[{"name":"wp","href":"https:\/\/api.w.org\/{rel}","templated":true}]}}