{"id":45929,"date":"2015-10-28T10:28:23","date_gmt":"2015-10-28T07:28:23","guid":{"rendered":"https:\/\/www.enerjigazetesi.ist\/?p=45929"},"modified":"2015-10-28T10:28:23","modified_gmt":"2015-10-28T07:28:23","slug":"elderden-akilli-sebekelere-gecis-icin-yol-haritasi","status":"publish","type":"post","link":"https:\/\/www.enerjigazetesi.ist\/en\/elderden-akilli-sebekelere-gecis-icin-yol-haritasi\/","title":{"rendered":"(Turkish) ELDER\u2019den Ak\u0131ll\u0131 \u015eebekelere Ge\u00e7i\u015f \u0130\u00e7in Yol Haritas\u0131&#8230;"},"content":{"rendered":"<p class=\"qtranxs-available-languages-message qtranxs-available-languages-message-en\">Sorry, this entry is only available in <a href=\"https:\/\/www.enerjigazetesi.ist\/tr\/wp-json\/wp\/v2\/posts\/45929\" class=\"qtranxs-available-language-link qtranxs-available-language-link-tr\" title=\"Turkish\">Turkish<\/a>. For the sake of viewer convenience, the content is shown below in the alternative language. You may click the link to switch the active language.<\/p><p><\/p>\n<p style=\"color: #666666;\"><strong style=\"font-weight: bold; color: #222222;\"><a href=\"https:\/\/www.enerjigazetesi.ist\/wp-content\/uploads\/2015\/10\/alternatif-enerji-elektrik-t\u00fcketimi-500x500_c.jpg\"><img loading=\"lazy\" class=\"alignleft size-medium wp-image-45930\" src=\"https:\/\/www.enerjigazetesi.ist\/wp-content\/uploads\/2015\/10\/alternatif-enerji-elektrik-t\u00fcketimi-500x500_c-300x300.jpg\" alt=\"alternatif-enerji-elektrik-t\u00fcketimi-500x500_c\" width=\"300\" height=\"300\" srcset=\"https:\/\/www.enerjigazetesi.ist\/wp-content\/uploads\/2015\/10\/alternatif-enerji-elektrik-t\u00fcketimi-500x500_c-300x300.jpg 300w, https:\/\/www.enerjigazetesi.ist\/wp-content\/uploads\/2015\/10\/alternatif-enerji-elektrik-t\u00fcketimi-500x500_c-150x150.jpg 150w, https:\/\/www.enerjigazetesi.ist\/wp-content\/uploads\/2015\/10\/alternatif-enerji-elektrik-t\u00fcketimi-500x500_c-400x400.jpg 400w, https:\/\/www.enerjigazetesi.ist\/wp-content\/uploads\/2015\/10\/alternatif-enerji-elektrik-t\u00fcketimi-500x500_c-50x50.jpg 50w, https:\/\/www.enerjigazetesi.ist\/wp-content\/uploads\/2015\/10\/alternatif-enerji-elektrik-t\u00fcketimi-500x500_c.jpg 500w\" sizes=\"(max-width: 300px) 100vw, 300px\" \/><\/a>ELDER, ak\u0131ll\u0131 \u015febekeye ge\u00e7i\u015fte ihtiya\u00e7 duyulan metodolojiyi, s\u00fcre\u00e7leri ve takvimi detaylar\u0131yla tan\u0131mlayacak olan yol haritas\u0131 haz\u0131rlayacak.<\/strong><\/p>\n<p style=\"color: #666666;\">2050 y\u0131l\u0131nda d\u00fcnya n\u00fcfusunun y\u00fczde 50\u2019sinin kentlerde ya\u015fayaca\u011f\u0131 \u00f6ng\u00f6r\u00fcl\u00fcyor. Bu do\u011frultuda kentlerin ak\u0131ll\u0131 \u015febekelerle y\u00f6netilmesi elzem g\u00f6r\u00fcn\u00fcyor. T\u00fcrkiye\u2019de de ak\u0131ll\u0131 \u015febekelere ge\u00e7i\u015f yap\u0131lmas\u0131 y\u00f6n\u00fcnde haz\u0131rl\u0131klar yap\u0131l\u0131yor.<\/p>\n<p style=\"color: #666666;\">enerjigunlugu.net\u2019in haberine g\u00f6re, T\u00fcrkiye\u2019deki 21 \u00f6zel elektrik da\u011f\u0131t\u0131m \u015firketinin tepe kurulu\u015fu olan Elektrik Da\u011f\u0131t\u0131m Hizmetleri Derne\u011fi (ELDER) bir a\u00e7\u0131klama yaparak, T\u00fcrkiye\u2019nin Ak\u0131ll\u0131 \u015eebekelere ge\u00e7i\u015fi i\u00e7in yol haritas\u0131 haz\u0131rlayaca\u011f\u0131n\u0131 duyurdu.<\/p>\n<p style=\"color: #666666;\">A\u00e7\u0131klamada, \u201cT\u00fcrkiye\u2019de t\u00fcketicilerin elektrik piyasas\u0131na aktif kat\u0131l\u0131m\u0131n\u0131 sa\u011flayacak, yenilenebilir enerjinin \u00fcretimdeki pay\u0131n\u0131 artt\u0131rmaya yard\u0131mc\u0131 olacak, sistem verimlili\u011fini ve enerji kalitesini iyile\u015ftirecek maliyet etkin bir ak\u0131ll\u0131 \u015febekeye ge\u00e7i\u015fte ihtiya\u00e7 duyulan metodolojiyi, s\u00fcre\u00e7leri ve takvimi detaylar\u0131yla tan\u0131mlayacak olan yol haritas\u0131n\u0131n haz\u0131rlanmas\u0131n\u0131 ama\u00e7lan\u0131yor\u201d ifadeleri yer ald\u0131.<\/p>\n<p style=\"color: #666666;\">Haberin devam\u0131 i\u00e7in\u00a0<a style=\"color: #fc8d8d;\" href=\"http:\/\/enerjigunlugu.net\/elder-akilli-sebekelere-gecis-icin-yol-haritasi-ha_15733.html#.VjBQd7fhDIU\" target=\"_blank\">t\u0131klay\u0131n<\/a><\/p>\n<p><\/p>","protected":false},"excerpt":{"rendered":"<p>Sorry, this entry is only available in Turkish. For the sake of viewer convenience, the content is shown below in the alternative language. You may click the link to switch the active language. ELDER, ak\u0131ll\u0131 \u015febekeye ge\u00e7i\u015fte ihtiya\u00e7 duyulan metodolojiyi, s\u00fcre\u00e7leri ve takvimi detaylar\u0131yla tan\u0131mlayacak olan yol haritas\u0131 haz\u0131rlayacak. 2050 y\u0131l\u0131nda d\u00fcnya n\u00fcfusunun y\u00fczde 50\u2019sinin [&hellip;]<\/p>\n","protected":false},"author":1,"featured_media":45930,"comment_status":"open","ping_status":"open","sticky":false,"template":"","format":"standard","meta":[],"categories":[51,53],"tags":[68,1266],"views":993,"_links":{"self":[{"href":"https:\/\/www.enerjigazetesi.ist\/en\/wp-json\/wp\/v2\/posts\/45929"}],"collection":[{"href":"https:\/\/www.enerjigazetesi.ist\/en\/wp-json\/wp\/v2\/posts"}],"about":[{"href":"https:\/\/www.enerjigazetesi.ist\/en\/wp-json\/wp\/v2\/types\/post"}],"author":[{"embeddable":true,"href":"https:\/\/www.enerjigazetesi.ist\/en\/wp-json\/wp\/v2\/users\/1"}],"replies":[{"embeddable":true,"href":"https:\/\/www.enerjigazetesi.ist\/en\/wp-json\/wp\/v2\/comments?post=45929"}],"version-history":[{"count":1,"href":"https:\/\/www.enerjigazetesi.ist\/en\/wp-json\/wp\/v2\/posts\/45929\/revisions"}],"predecessor-version":[{"id":45931,"href":"https:\/\/www.enerjigazetesi.ist\/en\/wp-json\/wp\/v2\/posts\/45929\/revisions\/45931"}],"wp:featuredmedia":[{"embeddable":true,"href":"https:\/\/www.enerjigazetesi.ist\/en\/wp-json\/wp\/v2\/media\/45930"}],"wp:attachment":[{"href":"https:\/\/www.enerjigazetesi.ist\/en\/wp-json\/wp\/v2\/media?parent=45929"}],"wp:term":[{"taxonomy":"category","embeddable":true,"href":"https:\/\/www.enerjigazetesi.ist\/en\/wp-json\/wp\/v2\/categories?post=45929"},{"taxonomy":"post_tag","embeddable":true,"href":"https:\/\/www.enerjigazetesi.ist\/en\/wp-json\/wp\/v2\/tags?post=45929"}],"curies":[{"name":"wp","href":"https:\/\/api.w.org\/{rel}","templated":true}]}}