{"id":45915,"date":"2015-10-27T18:40:01","date_gmt":"2015-10-27T15:40:01","guid":{"rendered":"https:\/\/www.enerjigazetesi.ist\/?p=45915"},"modified":"2015-10-27T18:40:01","modified_gmt":"2015-10-27T15:40:01","slug":"dunya-ruzgar-enerjisi-birligi-baskanligina-peter-rae-secildi","status":"publish","type":"post","link":"https:\/\/www.enerjigazetesi.ist\/en\/dunya-ruzgar-enerjisi-birligi-baskanligina-peter-rae-secildi\/","title":{"rendered":"(Turkish) D\u00fcnya R\u00fczgar Enerjisi Birli\u011fi Ba\u015fkanl\u0131\u011f\u0131na Peter Rae Se\u00e7ildi&#8230;"},"content":{"rendered":"<p class=\"qtranxs-available-languages-message qtranxs-available-languages-message-en\">Sorry, this entry is only available in <a href=\"https:\/\/www.enerjigazetesi.ist\/tr\/wp-json\/wp\/v2\/posts\/45915\" class=\"qtranxs-available-language-link qtranxs-available-language-link-tr\" title=\"Turkish\">Turkish<\/a>. For the sake of viewer convenience, the content is shown below in the alternative language. You may click the link to switch the active language.<\/p><p><\/p>\n<p style=\"color: #0a0a0a;\"><strong>D\u00fcnya R\u00fczgar Enerjisi Birli\u011fi (WWEA) Ba\u015fkanl\u0131\u011f\u0131na, Avustralya eski parlamenteri ve yenilenebilir enerji destek\u00e7isi Peter Rae se\u00e7ildi.<a href=\"https:\/\/www.enerjigazetesi.ist\/wp-content\/uploads\/2015\/10\/WWEA-d\u00fcnya-r\u00fczgar-enerjisi-birli\u011fi-3221-696x385.png\"><img loading=\"lazy\" class=\"alignleft  wp-image-45916\" src=\"https:\/\/www.enerjigazetesi.ist\/wp-content\/uploads\/2015\/10\/WWEA-d\u00fcnya-r\u00fczgar-enerjisi-birli\u011fi-3221-696x385-300x165.png\" alt=\"WWEA-d\u00fcnya-r\u00fczgar-enerjisi-birli\u011fi-3221-696x385\" width=\"300\" height=\"210\" \/><\/a><\/strong><span id=\"more-73956\"><\/span><\/p>\n<p style=\"color: #0a0a0a;\">Kud\u00fcs\u2019te d\u00fczenlenen 14. D\u00fcnya R\u00fczgar Enerjisi Konferans\u0131 ve Fuar\u0131\u2019nda \u00f6zel bir oturumda ba\u015fkanl\u0131\u011fa se\u00e7ilen Rae, iki y\u0131l boyunca g\u00f6revini s\u00fcrd\u00fcrecek.<\/p>\n<p style=\"color: #0a0a0a;\">Peter Rae, r\u00fczgar enerjisinin hem bir enerji kayna\u011f\u0131 hem de \u00fclkelerdeki enerji \u00e7e\u015fitlendirmesinde daha b\u00fcy\u00fck kurulu g\u00fc\u00e7lerde yer almas\u0131 i\u00e7in \u00e7al\u0131\u015faca\u011f\u0131n\u0131 belirtti.<\/p>\n<p style=\"color: #0a0a0a;\">\u201cD\u00fcnyan\u0131n yenilenebilir enerji ile daha s\u00fcrd\u00fcr\u00fclebilir kaynaklara sahip olaca\u011f\u0131 konusunda \u00e7al\u0131\u015faca\u011f\u0131m\u201d diyen Rae, yenilenebilir enerjinin hem ekonomik hem de sosyal faydalar\u0131n\u0131n sadece end\u00fcstrile\u015fmi\u015f \u00fclkelere de\u011fil,\u00a0az geli\u015fmi\u015f \u00fclkelerde de yeterli derecede uygulanmas\u0131 ve\u00a0daha iyi anla\u015f\u0131lmas\u0131\u00a0i\u00e7in\u00a0\u00e7al\u0131\u015faca\u011f\u0131n\u0131 s\u00f6yledi.<\/p>\n<p style=\"color: #0a0a0a;\">\u00d6te yandan, ba\u015fkan yard\u0131mc\u0131l\u0131\u011f\u0131na\u00a0T\u00fcrkiye\u2019den\u00a0Prof. Dr. Tanay Uyar yeniden se\u00e7ildi.<\/p>\n<p style=\"color: #0a0a0a;\">Kaynak: EnerjiEnstit\u00fcs\u00fc<\/p>\n<p><\/p>","protected":false},"excerpt":{"rendered":"<p>Sorry, this entry is only available in Turkish. For the sake of viewer convenience, the content is shown below in the alternative language. You may click the link to switch the active language. D\u00fcnya R\u00fczgar Enerjisi Birli\u011fi (WWEA) Ba\u015fkanl\u0131\u011f\u0131na, Avustralya eski parlamenteri ve yenilenebilir enerji destek\u00e7isi Peter Rae se\u00e7ildi. Kud\u00fcs\u2019te d\u00fczenlenen 14. D\u00fcnya R\u00fczgar Enerjisi [&hellip;]<\/p>\n","protected":false},"author":1,"featured_media":45916,"comment_status":"open","ping_status":"open","sticky":false,"template":"","format":"standard","meta":[],"categories":[53,50],"tags":[4265,26583,16,26584,9907,105],"views":1008,"_links":{"self":[{"href":"https:\/\/www.enerjigazetesi.ist\/en\/wp-json\/wp\/v2\/posts\/45915"}],"collection":[{"href":"https:\/\/www.enerjigazetesi.ist\/en\/wp-json\/wp\/v2\/posts"}],"about":[{"href":"https:\/\/www.enerjigazetesi.ist\/en\/wp-json\/wp\/v2\/types\/post"}],"author":[{"embeddable":true,"href":"https:\/\/www.enerjigazetesi.ist\/en\/wp-json\/wp\/v2\/users\/1"}],"replies":[{"embeddable":true,"href":"https:\/\/www.enerjigazetesi.ist\/en\/wp-json\/wp\/v2\/comments?post=45915"}],"version-history":[{"count":1,"href":"https:\/\/www.enerjigazetesi.ist\/en\/wp-json\/wp\/v2\/posts\/45915\/revisions"}],"predecessor-version":[{"id":45917,"href":"https:\/\/www.enerjigazetesi.ist\/en\/wp-json\/wp\/v2\/posts\/45915\/revisions\/45917"}],"wp:featuredmedia":[{"embeddable":true,"href":"https:\/\/www.enerjigazetesi.ist\/en\/wp-json\/wp\/v2\/media\/45916"}],"wp:attachment":[{"href":"https:\/\/www.enerjigazetesi.ist\/en\/wp-json\/wp\/v2\/media?parent=45915"}],"wp:term":[{"taxonomy":"category","embeddable":true,"href":"https:\/\/www.enerjigazetesi.ist\/en\/wp-json\/wp\/v2\/categories?post=45915"},{"taxonomy":"post_tag","embeddable":true,"href":"https:\/\/www.enerjigazetesi.ist\/en\/wp-json\/wp\/v2\/tags?post=45915"}],"curies":[{"name":"wp","href":"https:\/\/api.w.org\/{rel}","templated":true}]}}