{"id":45909,"date":"2015-10-27T18:23:59","date_gmt":"2015-10-27T15:23:59","guid":{"rendered":"https:\/\/www.enerjigazetesi.ist\/?p=45909"},"modified":"2015-10-27T18:48:00","modified_gmt":"2015-10-27T15:48:00","slug":"kendi-sinifinda-avrupa-birincisi-olan-ayvali-baraji-elektrik-uretmeye-basladi","status":"publish","type":"post","link":"https:\/\/www.enerjigazetesi.ist\/en\/kendi-sinifinda-avrupa-birincisi-olan-ayvali-baraji-elektrik-uretmeye-basladi\/","title":{"rendered":"(Turkish) Kendi S\u0131n\u0131f\u0131nda Avrupa Birincisi Olan Ayval\u0131 Baraj\u0131 Elektrik \u00dcretmeye Ba\u015flad\u0131&#8230;"},"content":{"rendered":"<p class=\"qtranxs-available-languages-message qtranxs-available-languages-message-en\">Sorry, this entry is only available in <a href=\"https:\/\/www.enerjigazetesi.ist\/tr\/wp-json\/wp\/v2\/posts\/45909\" class=\"qtranxs-available-language-link qtranxs-available-language-link-tr\" title=\"Turkish\">Turkish<\/a>. For the sake of viewer convenience, the content is shown below in the alternative language. You may click the link to switch the active language.<\/p><p><strong><span style=\"color: #0a0a0a;\"><a href=\"https:\/\/www.enerjigazetesi.ist\/wp-content\/uploads\/2015\/10\/ayval\u0131-baraj\u0131-23893-696x385.jpg\"><img loading=\"lazy\" class=\"alignleft size-medium wp-image-45910\" src=\"https:\/\/www.enerjigazetesi.ist\/wp-content\/uploads\/2015\/10\/ayval\u0131-baraj\u0131-23893-696x385-300x165.jpg\" alt=\"ayval\u0131-baraj\u0131-23893-696x385\" width=\"300\" height=\"165\" srcset=\"https:\/\/www.enerjigazetesi.ist\/wp-content\/uploads\/2015\/10\/ayval\u0131-baraj\u0131-23893-696x385-300x165.jpg 300w, https:\/\/www.enerjigazetesi.ist\/wp-content\/uploads\/2015\/10\/ayval\u0131-baraj\u0131-23893-696x385-500x276.jpg 500w, https:\/\/www.enerjigazetesi.ist\/wp-content\/uploads\/2015\/10\/ayval\u0131-baraj\u0131-23893-696x385-80x44.jpg 80w, https:\/\/www.enerjigazetesi.ist\/wp-content\/uploads\/2015\/10\/ayval\u0131-baraj\u0131-23893-696x385.jpg 696w\" sizes=\"(max-width: 300px) 100vw, 300px\" \/><\/a>Erzurum\u2019un Oltu il\u00e7esinde 2011 y\u0131l\u0131nda yap\u0131m\u0131na ba\u015flan\u0131lan ve k\u0131sa s\u00fcre \u00f6nce tamamlanan Ayval\u0131 Baraj\u0131nda elektrik \u00fcretimini ba\u015fland\u0131.<\/span><\/strong><span id=\"more-73951\" style=\"color: #0a0a0a;\"><\/span><br style=\"color: #0a0a0a;\" \/><span style=\"color: #0a0a0a;\">Ayval\u0131 Baraj\u0131 ve HES in\u015faat\u0131n\u0131n g\u00f6vde y\u00fcksekli\u011finin 118 metre ve kret uzunlu\u011funun 390 metre oldu\u011fu belirtilerek 2015 y\u0131l\u0131 A\u011fustos ay\u0131 itibariyle bitirilerek \u00fclke ekonomisine kazand\u0131r\u0131ld\u0131\u011f\u0131 kaydedildi. 15 Ocak 2015 tarihinde yap\u0131lan t\u00f6renle su tutmaya ba\u015flan\u0131lan barajda g\u00fcnl\u00fck takriben 1 milyon m3\/g\u00fcn su biriktirilmekte olup, 15 Ekim 2015 tarihi itibariyle 216 milyon m3 su rezervine ula\u015f\u0131ld\u0131\u011f\u0131 belirtildi.<\/span><br style=\"color: #0a0a0a;\" \/><span style=\"color: #0a0a0a;\">Ayval\u0131 Baraj\u0131 HES ve Etek Santrali HES dahil toplam kurulu g\u00fcc\u00fc 124,326 MW olup, 121.654 MW l\u0131k bir enerji \u00fcretimi ger\u00e7ekle\u015fmesi beklenmekte. S\u00f6z konusu tesiste y\u0131lda 310.560 milyon kilowatt elektrik \u00fcretilecek. Baraj g\u00f6l alan\u0131nda \u201c\u00e7iftlik bal\u0131k\u00e7\u0131l\u0131\u011f\u0131, tatl\u0131 su kereviti vb\u201d \u00e7al\u0131\u015fmalarda gerekli e\u011fitimlerle ve do\u011fru bir planlamayla yap\u0131larak y\u00f6re ekonomisine ilave fayda sa\u011flayabilecek. Baraj\u0131n yap\u0131m a\u015famas\u0131nda b\u00f6lgedeki k\u00f6ylerin ekonomik seviyeleri olumlu y\u00f6nde etkilenmi\u015f ve hedeflenen elektrik \u00fcretimi ile \u00fclkemizin elektrik ihtiyac\u0131na b\u00fcy\u00fck katk\u0131lar sa\u011flayacak. Yenilenebilir ve temiz enerji \u00fcretilerek \u00e7evre dostu olacak. Yakla\u015f\u0131k 1.302 Milyar TL\u2019ye mal olan Ayval\u0131 Baraj\u0131 ve HES SSB (Silindirle S\u0131k\u0131\u015ft\u0131r\u0131lm\u0131\u015f Beton) teknolojisi ile projelendirilerek yap\u0131lm\u0131\u015f olup, kendi s\u0131n\u0131f\u0131nda D\u00fcnya d\u00f6rd\u00fcnc\u00fcs\u00fc, Avrupa birincisi baraj konumunda.<\/span><\/p>\n<p>Kaynak: EnerjiEnstit\u00fcs\u00fc<\/p>","protected":false},"excerpt":{"rendered":"<p>Sorry, this entry is only available in Turkish. For the sake of viewer convenience, the content is shown below in the alternative language. You may click the link to switch the active language.Erzurum\u2019un Oltu il\u00e7esinde 2011 y\u0131l\u0131nda yap\u0131m\u0131na ba\u015flan\u0131lan ve k\u0131sa s\u00fcre \u00f6nce tamamlanan Ayval\u0131 Baraj\u0131nda elektrik \u00fcretimini ba\u015fland\u0131.Ayval\u0131 Baraj\u0131 ve HES in\u015faat\u0131n\u0131n g\u00f6vde y\u00fcksekli\u011finin [&hellip;]<\/p>\n","protected":false},"author":1,"featured_media":45910,"comment_status":"open","ping_status":"open","sticky":false,"template":"","format":"standard","meta":[],"categories":[51,53,47],"tags":[26577,19,18,26578,26579,35370,26580,4639,26581],"views":1360,"_links":{"self":[{"href":"https:\/\/www.enerjigazetesi.ist\/en\/wp-json\/wp\/v2\/posts\/45909"}],"collection":[{"href":"https:\/\/www.enerjigazetesi.ist\/en\/wp-json\/wp\/v2\/posts"}],"about":[{"href":"https:\/\/www.enerjigazetesi.ist\/en\/wp-json\/wp\/v2\/types\/post"}],"author":[{"embeddable":true,"href":"https:\/\/www.enerjigazetesi.ist\/en\/wp-json\/wp\/v2\/users\/1"}],"replies":[{"embeddable":true,"href":"https:\/\/www.enerjigazetesi.ist\/en\/wp-json\/wp\/v2\/comments?post=45909"}],"version-history":[{"count":1,"href":"https:\/\/www.enerjigazetesi.ist\/en\/wp-json\/wp\/v2\/posts\/45909\/revisions"}],"predecessor-version":[{"id":45911,"href":"https:\/\/www.enerjigazetesi.ist\/en\/wp-json\/wp\/v2\/posts\/45909\/revisions\/45911"}],"wp:featuredmedia":[{"embeddable":true,"href":"https:\/\/www.enerjigazetesi.ist\/en\/wp-json\/wp\/v2\/media\/45910"}],"wp:attachment":[{"href":"https:\/\/www.enerjigazetesi.ist\/en\/wp-json\/wp\/v2\/media?parent=45909"}],"wp:term":[{"taxonomy":"category","embeddable":true,"href":"https:\/\/www.enerjigazetesi.ist\/en\/wp-json\/wp\/v2\/categories?post=45909"},{"taxonomy":"post_tag","embeddable":true,"href":"https:\/\/www.enerjigazetesi.ist\/en\/wp-json\/wp\/v2\/tags?post=45909"}],"curies":[{"name":"wp","href":"https:\/\/api.w.org\/{rel}","templated":true}]}}