{"id":45897,"date":"2015-10-27T11:08:50","date_gmt":"2015-10-27T08:08:50","guid":{"rendered":"https:\/\/www.enerjigazetesi.ist\/?p=45897"},"modified":"2015-10-27T16:11:07","modified_gmt":"2015-10-27T13:11:07","slug":"hollandayla-turkiye-arasinda-yenilenebilir-enerjide-isbirligi-cagrisi","status":"publish","type":"post","link":"https:\/\/www.enerjigazetesi.ist\/en\/hollandayla-turkiye-arasinda-yenilenebilir-enerjide-isbirligi-cagrisi\/","title":{"rendered":"(Turkish) Hollanda\u2019yla T\u00fcrkiye Aras\u0131nda Yenilenebilir Enerjide \u0130\u015fbirli\u011fi \u00c7a\u011fr\u0131s\u0131&#8230;"},"content":{"rendered":"<p class=\"qtranxs-available-languages-message qtranxs-available-languages-message-en\">Sorry, this entry is only available in <a href=\"https:\/\/www.enerjigazetesi.ist\/tr\/wp-json\/wp\/v2\/posts\/45897\" class=\"qtranxs-available-language-link qtranxs-available-language-link-tr\" title=\"Turkish\">Turkish<\/a>. For the sake of viewer convenience, the content is shown below in the alternative language. You may click the link to switch the active language.<\/p><p><\/p>\n<h4 class=\"entry_title entry-title\" style=\"font-weight: 400; color: #222222;\"><strong style=\"font-weight: bold; color: #222222;\"><a href=\"https:\/\/www.enerjigazetesi.ist\/wp-content\/uploads\/2015\/10\/alternatif-enerji-yenilenebilir-enerji1-500x500_c.jpg\"><img loading=\"lazy\" class=\"alignleft size-medium wp-image-45898\" src=\"https:\/\/www.enerjigazetesi.ist\/wp-content\/uploads\/2015\/10\/alternatif-enerji-yenilenebilir-enerji1-500x500_c-300x300.jpg\" alt=\"alternatif-enerji-yenilenebilir-enerji1-500x500_c\" width=\"300\" height=\"300\" srcset=\"https:\/\/www.enerjigazetesi.ist\/wp-content\/uploads\/2015\/10\/alternatif-enerji-yenilenebilir-enerji1-500x500_c-300x300.jpg 300w, https:\/\/www.enerjigazetesi.ist\/wp-content\/uploads\/2015\/10\/alternatif-enerji-yenilenebilir-enerji1-500x500_c-150x150.jpg 150w, https:\/\/www.enerjigazetesi.ist\/wp-content\/uploads\/2015\/10\/alternatif-enerji-yenilenebilir-enerji1-500x500_c-400x400.jpg 400w, https:\/\/www.enerjigazetesi.ist\/wp-content\/uploads\/2015\/10\/alternatif-enerji-yenilenebilir-enerji1-500x500_c-50x50.jpg 50w, https:\/\/www.enerjigazetesi.ist\/wp-content\/uploads\/2015\/10\/alternatif-enerji-yenilenebilir-enerji1-500x500_c.jpg 500w\" sizes=\"(max-width: 300px) 100vw, 300px\" \/><\/a>D\u0131\u015f Ekonomik \u0130li\u015fkiler Kurulu (DE\u0130K) T\u00fcrkiye-Hollanda \u0130\u015f Konseyi Ba\u015fkan\u0131 Osman Okyay, Hollanda\u2019n\u0131n \u00f6zellikle r\u00fczgar ve g\u00fcne\u015f enerjisi teknolojilerinde ba\u015far\u0131l\u0131 \u015firketlere ev sahipli\u011fi yapt\u0131\u011f\u0131n\u0131 belirterek, yenilenebilir enerji alanlar\u0131nda ikili ticaretin geli\u015ftirilmesi gerekti\u011fini s\u00f6yledi.<\/strong><\/h4>\n<p style=\"color: #666666;\">T\u00fcrkiye AB \u00fcyesi \u00fclkelerle ticari ili\u015fkilerinin art\u0131r\u0131lmas\u0131 y\u00f6n\u00fcnde \u00e7al\u0131\u015fmalar\u0131n\u0131 s\u00fcrd\u00fcr\u00fcrken, yenilenebilir enerji bu i\u015fbirli\u011finde yeni ve \u00f6nemli bir ad\u0131m olarak kar\u015f\u0131m\u0131za \u00e7\u0131k\u0131yor. Hollanda T\u00fcrkiye\u2019nin ticaret ortaklar\u0131 aras\u0131nda \u00e7ok \u00f6nemli bir yere sahip. Osmanl\u0131 d\u00f6neminde kurulan ticari ili\u015fkilerin g\u00fcn\u00fcm\u00fczde yans\u0131mas\u0131 olarak Hollanda, T\u00fcrkiye\u2019nin ihracat yapt\u0131\u011f\u0131 ilk 10 \u00fclke aras\u0131nda yer al\u0131yor. \u00d6zellikle yenilenebilir enerji alan\u0131nda iki \u00fclkenin ticari alandaki i\u015fbirli\u011fi \u00f6n\u00fcm\u00fczdeki d\u00f6neme y\u00f6nelik yeni potansiyeller i\u00e7eriyor.<\/p>\n<p style=\"color: #666666;\">www.bugun.com.tr\u2019nin haberine g\u00f6re, D\u0131\u015f Ekonomik \u0130li\u015fkiler Kurulu (DE\u0130K) T\u00fcrkiye-Hollanda \u0130\u015f Konseyi Ba\u015fkan\u0131 Osman Okyay, Hollanda\u2019n\u0131n,<strong style=\"font-weight: bold; color: #222222;\">\u00a0yenilenebilir enerji teknolojileri ve biyogaz alan\u0131nda<\/strong>\u00a0ba\u015far\u0131l\u0131 oldu\u011funu ifade ederek, bu alanda T\u00fcrkiye ile i\u015fbirli\u011fi yap\u0131labilece\u011fini anlatt\u0131.<\/p>\n<p style=\"color: #666666;\">T\u00fcrkiye\u2019nin ula\u015ft\u0131rmada 2023 y\u0131l\u0131na kadar y\u00fczde 10\u00a0<strong style=\"font-weight: bold; color: #222222;\">yenilenebilir enerji kullanmay\u0131<\/strong>\u00a0hedefledi\u011fini vurgulayan Okyay, \u201c\u00dclkemizde bu oran\u0131n son derece d\u00fc\u015f\u00fck oldu\u011fu dikkate al\u0131nd\u0131\u011f\u0131nda, Hollanda ile T\u00fcrkiye aras\u0131nda ikili i\u015f birli\u011finin geli\u015ftirilmesinin her iki taraf i\u00e7in de kazan\u00e7l\u0131 olaca\u011f\u0131 ortadad\u0131r. T\u00fcrkiye ve Hollanda<strong style=\"font-weight: bold; color: #222222;\">\u00a0enerjide<\/strong>\u00a0i\u015f birli\u011fini art\u0131rmal\u0131,\u00a0<strong style=\"font-weight: bold; color: #222222;\">yenilenebilir enerji\u00a0<\/strong>alanlar\u0131nda ikili ticaret geli\u015ftirilmeli. AB\u2019nin\u00a0<strong style=\"font-weight: bold; color: #222222;\">enerji liman\u0131\u00a0<\/strong>Roterdam, enerji merkezi olma yolunda T\u00fcrkiye\u2019ye ilham verebilir\u201d\u201d de\u011ferlendirmesinde bulundu.<\/p>\n<p style=\"color: #666666;\">T\u00fcrkiye\u2019de \u00e7ok say\u0131da Hollandal\u0131 firman\u0131n i\u015f yapt\u0131\u011f\u0131na i\u015faret eden Okyay, toplam yabanc\u0131 sermayeli firma say\u0131s\u0131 a\u00e7\u0131s\u0131ndan da Alman ve \u0130ngilizlerden sonra, Hollandal\u0131 firmalar\u0131n \u00fc\u00e7\u00fcnc\u00fc s\u0131rada geldi\u011fini aktard\u0131.<\/p>\n<p style=\"color: #666666;\">Haberin devam\u0131 i\u00e7in\u00a0<a style=\"color: #fc8d8d;\" href=\"http:\/\/www.haberturk.com\/ekonomi\/teknoloji\/haber\/1144134-enerjiyi-kendileri-uretip-kendileri-harcayacak\" target=\"_blank\">t\u0131klay\u0131n<\/a><\/p>\n<p><\/p>","protected":false},"excerpt":{"rendered":"<p>Sorry, this entry is only available in Turkish. For the sake of viewer convenience, the content is shown below in the alternative language. You may click the link to switch the active language. D\u0131\u015f Ekonomik \u0130li\u015fkiler Kurulu (DE\u0130K) T\u00fcrkiye-Hollanda \u0130\u015f Konseyi Ba\u015fkan\u0131 Osman Okyay, Hollanda\u2019n\u0131n \u00f6zellikle r\u00fczgar ve g\u00fcne\u015f enerjisi teknolojilerinde ba\u015far\u0131l\u0131 \u015firketlere ev sahipli\u011fi [&hellip;]<\/p>\n","protected":false},"author":1,"featured_media":45898,"comment_status":"open","ping_status":"open","sticky":false,"template":"","format":"standard","meta":[],"categories":[22893,53,49,50],"tags":[640,105],"views":1629,"_links":{"self":[{"href":"https:\/\/www.enerjigazetesi.ist\/en\/wp-json\/wp\/v2\/posts\/45897"}],"collection":[{"href":"https:\/\/www.enerjigazetesi.ist\/en\/wp-json\/wp\/v2\/posts"}],"about":[{"href":"https:\/\/www.enerjigazetesi.ist\/en\/wp-json\/wp\/v2\/types\/post"}],"author":[{"embeddable":true,"href":"https:\/\/www.enerjigazetesi.ist\/en\/wp-json\/wp\/v2\/users\/1"}],"replies":[{"embeddable":true,"href":"https:\/\/www.enerjigazetesi.ist\/en\/wp-json\/wp\/v2\/comments?post=45897"}],"version-history":[{"count":1,"href":"https:\/\/www.enerjigazetesi.ist\/en\/wp-json\/wp\/v2\/posts\/45897\/revisions"}],"predecessor-version":[{"id":45899,"href":"https:\/\/www.enerjigazetesi.ist\/en\/wp-json\/wp\/v2\/posts\/45897\/revisions\/45899"}],"wp:featuredmedia":[{"embeddable":true,"href":"https:\/\/www.enerjigazetesi.ist\/en\/wp-json\/wp\/v2\/media\/45898"}],"wp:attachment":[{"href":"https:\/\/www.enerjigazetesi.ist\/en\/wp-json\/wp\/v2\/media?parent=45897"}],"wp:term":[{"taxonomy":"category","embeddable":true,"href":"https:\/\/www.enerjigazetesi.ist\/en\/wp-json\/wp\/v2\/categories?post=45897"},{"taxonomy":"post_tag","embeddable":true,"href":"https:\/\/www.enerjigazetesi.ist\/en\/wp-json\/wp\/v2\/tags?post=45897"}],"curies":[{"name":"wp","href":"https:\/\/api.w.org\/{rel}","templated":true}]}}