{"id":45887,"date":"2015-10-26T21:28:58","date_gmt":"2015-10-26T18:28:58","guid":{"rendered":"https:\/\/www.enerjigazetesi.ist\/?p=45887"},"modified":"2015-10-26T21:28:58","modified_gmt":"2015-10-26T18:28:58","slug":"dunya-ve-turkiyenin-enerji-piyasalari-kasimda-ankarada-bulusuyor","status":"publish","type":"post","link":"https:\/\/www.enerjigazetesi.ist\/en\/dunya-ve-turkiyenin-enerji-piyasalari-kasimda-ankarada-bulusuyor\/","title":{"rendered":"(Turkish) D\u00fcnya ve T\u00fcrkiye\u2019nin Enerji Piyasalar\u0131 Kas\u0131m\u2019da Ankara\u2019da Bulu\u015fuyor!"},"content":{"rendered":"<p class=\"qtranxs-available-languages-message qtranxs-available-languages-message-en\">Sorry, this entry is only available in <a href=\"https:\/\/www.enerjigazetesi.ist\/tr\/wp-json\/wp\/v2\/posts\/45887\" class=\"qtranxs-available-language-link qtranxs-available-language-link-tr\" title=\"Turkish\">Turkish<\/a>. For the sake of viewer convenience, the content is shown below in the alternative language. You may click the link to switch the active language.<\/p><p><strong>T\u00fcrkiye\u2019de uluslararas\u0131 anlamda hem kongre hem fuar hem de B2B etkinliklerinin bir arada ger\u00e7ekle\u015ftirildi\u011fi tek platform olan EIF \u2013 8. Uluslararas\u0131 Enerji Kongresi ve Fuar\u0131 4-5-6 Kas\u0131m 2015 tarihlerinde ATO Congresium\u2019da d\u00fcnyan\u0131n \u00f6nde gelen enerji sekt\u00f6r\u00fc karar al\u0131c\u0131lar\u0131n\u0131, uzmanlar\u0131n\u0131, \u00f6zel sekt\u00f6r temsilcilerini bir araya getirecek.<\/strong><span id=\"more-73942\"><\/span><\/p>\n<p>Kongrenin amac\u0131, ba\u015fta elektrik \u00fcretim kaynaklar\u0131 olmak \u00fczere D\u00fcnya ve T\u00fcrkiye enerji piyasalar\u0131n\u0131<a href=\"https:\/\/www.enerjigazetesi.ist\/wp-content\/uploads\/2015\/10\/dunya-ve-turkiyenin-enerji-piyasalari-kasimda-ankarada-bulusuyor.jpg\"><img loading=\"lazy\" class=\"alignright size-medium wp-image-45888\" src=\"https:\/\/www.enerjigazetesi.ist\/wp-content\/uploads\/2015\/10\/dunya-ve-turkiyenin-enerji-piyasalari-kasimda-ankarada-bulusuyor-300x165.jpg\" alt=\"dunya-ve-turkiyenin-enerji-piyasalari-kasimda-ankarada-bulusuyor\" width=\"300\" height=\"165\" srcset=\"https:\/\/www.enerjigazetesi.ist\/wp-content\/uploads\/2015\/10\/dunya-ve-turkiyenin-enerji-piyasalari-kasimda-ankarada-bulusuyor-300x165.jpg 300w, https:\/\/www.enerjigazetesi.ist\/wp-content\/uploads\/2015\/10\/dunya-ve-turkiyenin-enerji-piyasalari-kasimda-ankarada-bulusuyor-500x276.jpg 500w, https:\/\/www.enerjigazetesi.ist\/wp-content\/uploads\/2015\/10\/dunya-ve-turkiyenin-enerji-piyasalari-kasimda-ankarada-bulusuyor-80x44.jpg 80w, https:\/\/www.enerjigazetesi.ist\/wp-content\/uploads\/2015\/10\/dunya-ve-turkiyenin-enerji-piyasalari-kasimda-ankarada-bulusuyor.jpg 696w\" sizes=\"(max-width: 300px) 100vw, 300px\" \/><\/a>n t\u00fcm boyutlar\u0131 ile de\u011ferlendirilmesi ve en son geli\u015fmeler ile uygulamalar\u0131n pek \u00e7ok a\u00e7\u0131dan tart\u0131\u015f\u0131l\u0131p ele al\u0131nabilece\u011fi bir platform yaratmak. \u0130ran, Polonya, Avusturya ve Hollanda Pavilyonu\u201dileIrak Elektrik Bakan\u0131 ve Somali Petrol Bakan\u0131 da EIF\u2019e kat\u0131lacak\u2026<\/p>\n<p><strong>Energy Challenge 2015 Temas\u0131 \u201cN\u00fckleer Enerji\u201d<\/strong><\/p>\n<p>EIF kapsam\u0131nda <strong>\u201cN\u00fckleer Enerji\u201d<\/strong> temas\u0131 ile d\u00fczenlenecek <strong>\u201cEnergy Challenge\u201d<\/strong> \u00fcniversiteler aras\u0131 enerji yar\u0131\u015fmas\u0131 da gen\u00e7lerin yeteneklerini ortaya \u00e7\u0131karabilmeleri i\u00e7in b\u00fcy\u00fck f\u0131rsatlar sunacak. T\u00fcrkiye\u2019de tek olan yar\u0131\u015fma kapsam\u0131nda \u00f6\u011frencilerin sekt\u00f6r\u00fc yak\u0131ndan tan\u0131malar\u0131, mesleki donan\u0131mlar\u0131n\u0131 art\u0131rmalar\u0131 ve \u00f6d\u00fcllendirilerek desteklenmeleri sa\u011flan\u0131yor.<\/p>\n<p><strong>EIF\u2019te Enerji Hukuku Kursu !<\/strong><\/p>\n<p>5-6 Kas\u0131m tarihlerinde EIF kapsam\u0131nda d\u00fczenlenecek olan <strong>Enerji Hukuku Kursu<\/strong> vas\u0131tas\u0131yla hukuk\u00e7ular ve \u015firket y\u00f6neticileri sekt\u00f6rdeki son kanuni d\u00fczenlemeler hakk\u0131nda bilgi sahibi olarak sertifika almaya hak kazanacak.<\/p>\n<p><strong>ENERJ\u0130 P\u0130YASALARINDAN \u201cULUSLARARASI \u00dcST D\u00dcZEY KATILIM\u201d<\/strong><\/p>\n<p><strong>Global Enerji Derne\u011fi Ba\u015fkan\u0131 Avukat \u00c7i\u011fdem Dilek;<\/strong>\u201cUluslararas\u0131 Enerji Kongresi ve Fuar\u0131\/ EIF 2015\u201d, D\u00fcnya\u2019da ve T\u00fcrkiye\u2019de enerji \u00fcretimine ili\u015fkin \u00e7ok \u00e7e\u015fitli konular\u0131n tart\u0131\u015f\u0131laca\u011f\u0131 bir platform. T.C. Enerji ve Tabii Kaynaklar Bakanl\u0131\u011f\u0131\u2019n\u0131n destekleriyle ger\u00e7ekle\u015fecek kongremizin amac\u0131;\u00a0 ba\u015fta elektrik \u00fcretim kaynaklar\u0131 olmak \u00fczere D\u00fcnya ve T\u00fcrkiye enerji piyasalar\u0131n\u0131n t\u00fcm boyutlar\u0131 ile de\u011ferlendirilmesi ve en son geli\u015fmeler ile uygulamalar\u0131n pek \u00e7ok a\u00e7\u0131dan tart\u0131\u015f\u0131l\u0131p ele al\u0131nabilece\u011fi bir ortam olu\u015fturmak.Toplamda 10 bin metrekare alanda sekt\u00f6r liderleri 8.kez bir araya gelecek.<\/p>\n<p>Ayr\u0131ca\u00a0 <strong>\u201c\u0130ran, Polonya, Avusturya ve Hollanda Pavilyonu\u201d<\/strong>EIF\u2019te \u015fimdiden yerini ald\u0131. <strong>Irak Elektrik Bakan\u0131<\/strong> ve <strong>Somali Petrol Bakan\u0131<\/strong> da EIF\u2019e kat\u0131lacak.<\/p>\n<p>Bu y\u0131l EIF kapsam\u0131nda G\u00fcne\u015f Enerjisi Konferans\u0131 ve Fuar\u0131, Jeotermal Enerji Kongresi ve Fuar\u0131 ilk kez bir araya gelecek. 2. Solarbaba G\u00fcne\u015f Enerjisi Konferans\u0131 sahada\u00a0ya\u015fanan teknik ve hukuki sorunlardan yeni 50kW ufak GES y\u00f6netmeli\u011fine, son teknolojilerden tar\u0131msal sulamaya,\u00a0farkl\u0131 finans \u00e7\u00f6z\u00fcmlerinden g\u00fcne\u015f enerjili binalara,\u00a0sekt\u00f6rdeki insan kayna\u011f\u0131 problemine varana kadar ele al\u0131nacak.<\/p>\n<p><strong>Kongre kapsam\u0131nda ele al\u0131nacak odak konular;<\/strong><em>Yenilenebilir Enerji Kaynaklar\u0131, Petrol ve Do\u011falgaz, K\u00f6m\u00fcr Kaynaklar\u0131ndan Elektrik \u00dcretimi, N\u00fckleer Enerji, D\u00fcnya ve T\u00fcrkiye Enerji G\u00f6r\u00fcn\u00fcm\u00fc, Enerji Ekonomisi ve Politikas\u0131, Enerjinin Finansman\u0131, Enerji G\u00fcvenli\u011fi, Enerji \u0130thalat ve \u0130hracat\u0131na \u0130li\u015fkin Konular, Uluslararas\u0131 Projeler, Ortado\u011fu, Afrika ve Arap Plakas\u0131 Enerji Kaynaklar\u0131n\u0131n De\u011ferlendirilmesi, Enerji Mevzuat\u0131, Elektrik Toptan Sat\u0131\u015f, Da\u011f\u0131t\u0131m Faaliyetleri, Enerji Sekt\u00f6r\u00fcnde Ekip Ve Ekipman, G\u00fc\u00e7 Sistemleri ve Enerji Sekt\u00f6r\u00fcnde \u0130\u015f G\u00fcvenli\u011fi olacak.<\/em><\/p>\n<p>Kaynak: B\u00fcltenler<\/p>","protected":false},"excerpt":{"rendered":"<p>Sorry, this entry is only available in Turkish. For the sake of viewer convenience, the content is shown below in the alternative language. You may click the link to switch the active language.T\u00fcrkiye\u2019de uluslararas\u0131 anlamda hem kongre hem fuar hem de B2B etkinliklerinin bir arada ger\u00e7ekle\u015ftirildi\u011fi tek platform olan EIF \u2013 8. Uluslararas\u0131 Enerji Kongresi [&hellip;]<\/p>\n","protected":false},"author":1,"featured_media":45888,"comment_status":"open","ping_status":"open","sticky":false,"template":"","format":"standard","meta":[],"categories":[53],"tags":[26563,26564,26565,26566,18691,26567,26101,26568,26569,63,5524,67,232,1009,26570,26571,13013,4567,2698,165,26572,5525,26573,26574,21,1918,1114,26575,508],"views":1208,"_links":{"self":[{"href":"https:\/\/www.enerjigazetesi.ist\/en\/wp-json\/wp\/v2\/posts\/45887"}],"collection":[{"href":"https:\/\/www.enerjigazetesi.ist\/en\/wp-json\/wp\/v2\/posts"}],"about":[{"href":"https:\/\/www.enerjigazetesi.ist\/en\/wp-json\/wp\/v2\/types\/post"}],"author":[{"embeddable":true,"href":"https:\/\/www.enerjigazetesi.ist\/en\/wp-json\/wp\/v2\/users\/1"}],"replies":[{"embeddable":true,"href":"https:\/\/www.enerjigazetesi.ist\/en\/wp-json\/wp\/v2\/comments?post=45887"}],"version-history":[{"count":1,"href":"https:\/\/www.enerjigazetesi.ist\/en\/wp-json\/wp\/v2\/posts\/45887\/revisions"}],"predecessor-version":[{"id":45889,"href":"https:\/\/www.enerjigazetesi.ist\/en\/wp-json\/wp\/v2\/posts\/45887\/revisions\/45889"}],"wp:featuredmedia":[{"embeddable":true,"href":"https:\/\/www.enerjigazetesi.ist\/en\/wp-json\/wp\/v2\/media\/45888"}],"wp:attachment":[{"href":"https:\/\/www.enerjigazetesi.ist\/en\/wp-json\/wp\/v2\/media?parent=45887"}],"wp:term":[{"taxonomy":"category","embeddable":true,"href":"https:\/\/www.enerjigazetesi.ist\/en\/wp-json\/wp\/v2\/categories?post=45887"},{"taxonomy":"post_tag","embeddable":true,"href":"https:\/\/www.enerjigazetesi.ist\/en\/wp-json\/wp\/v2\/tags?post=45887"}],"curies":[{"name":"wp","href":"https:\/\/api.w.org\/{rel}","templated":true}]}}