{"id":45856,"date":"2015-10-26T11:23:12","date_gmt":"2015-10-26T08:23:12","guid":{"rendered":"https:\/\/www.enerjigazetesi.ist\/?p=45856"},"modified":"2015-10-26T11:23:12","modified_gmt":"2015-10-26T08:23:12","slug":"gelecek-yil-uygulanacak-elektrik-iletim-ek-ucreti-belirlendi","status":"publish","type":"post","link":"https:\/\/www.enerjigazetesi.ist\/en\/gelecek-yil-uygulanacak-elektrik-iletim-ek-ucreti-belirlendi\/","title":{"rendered":"(Turkish) Gelecek Y\u0131l Uygulanacak Elektrik \u0130letim Ek \u00dccreti Belirlendi&#8230;"},"content":{"rendered":"<p class=\"qtranxs-available-languages-message qtranxs-available-languages-message-en\">Sorry, this entry is only available in <a href=\"https:\/\/www.enerjigazetesi.ist\/tr\/wp-json\/wp\/v2\/posts\/45856\" class=\"qtranxs-available-language-link qtranxs-available-language-link-tr\" title=\"Turkish\">Turkish<\/a>. For the sake of viewer convenience, the content is shown below in the alternative language. You may click the link to switch the active language.<\/p><p><\/p>\n<p style=\"color: #0a0a0a;\"><strong><a href=\"https:\/\/www.enerjigazetesi.ist\/wp-content\/uploads\/2015\/10\/elektrik-hatt\u0131-tesisi-23903321-696x385.jpg\"><img loading=\"lazy\" class=\"alignleft size-medium wp-image-45857\" src=\"https:\/\/www.enerjigazetesi.ist\/wp-content\/uploads\/2015\/10\/elektrik-hatt\u0131-tesisi-23903321-696x385-300x165.jpg\" alt=\"elektrik-hatt\u0131-tesisi-23903321-696x385\" width=\"300\" height=\"165\" srcset=\"https:\/\/www.enerjigazetesi.ist\/wp-content\/uploads\/2015\/10\/elektrik-hatt\u0131-tesisi-23903321-696x385-300x165.jpg 300w, https:\/\/www.enerjigazetesi.ist\/wp-content\/uploads\/2015\/10\/elektrik-hatt\u0131-tesisi-23903321-696x385-500x276.jpg 500w, https:\/\/www.enerjigazetesi.ist\/wp-content\/uploads\/2015\/10\/elektrik-hatt\u0131-tesisi-23903321-696x385-80x44.jpg 80w, https:\/\/www.enerjigazetesi.ist\/wp-content\/uploads\/2015\/10\/elektrik-hatt\u0131-tesisi-23903321-696x385.jpg 696w\" sizes=\"(max-width: 300px) 100vw, 300px\" \/><\/a>Enerji Piyasas\u0131 D\u00fczenleme Kurulu, 2016 y\u0131l\u0131nda uygulanacak iletim ek \u00fccretini, T\u00fcrkiye Elektrik \u0130letim Anonim \u015eirketinin (TE\u0130A\u015e) iletim tarifesinin binde 5\u2019i olarak belirledi.<span id=\"more-73931\"><\/span><\/strong><\/p>\n<p style=\"color: #0a0a0a;\">Enerji Piyasas\u0131 D\u00fczenleme Kurulunun, 2016 y\u0131l\u0131nda uygulanacak iletim ek \u00fccretine ili\u015fkin karar\u0131, 24 Ekim 2015 Cumartesi g\u00fcn\u00fc Resmi Gazete\u2019de yay\u0131mlanarak, 1 Ocak 2016 tarihinden ge\u00e7erli olmak \u00fczere y\u00fcr\u00fcrl\u00fc\u011fe girdi.<\/p>\n<p style=\"color: #0a0a0a;\">Buna g\u00f6re, gelecek y\u0131l uygulanacak iletim ek \u00fccretinin, TE\u0130A\u015e\u2019\u0131n iletim tarifesinin binde 5\u2019i olarak belirlenmesi kararla\u015ft\u0131r\u0131ld\u0131.<\/p>\n<p style=\"color: #0a0a0a;\">Kaynak: EnerjiEnstit\u00fcs\u00fc<\/p>\n<p><\/p>","protected":false},"excerpt":{"rendered":"<p>Sorry, this entry is only available in Turkish. For the sake of viewer convenience, the content is shown below in the alternative language. You may click the link to switch the active language. Enerji Piyasas\u0131 D\u00fczenleme Kurulu, 2016 y\u0131l\u0131nda uygulanacak iletim ek \u00fccretini, T\u00fcrkiye Elektrik \u0130letim Anonim \u015eirketinin (TE\u0130A\u015e) iletim tarifesinin binde 5\u2019i olarak belirledi. [&hellip;]<\/p>\n","protected":false},"author":1,"featured_media":45857,"comment_status":"open","ping_status":"open","sticky":false,"template":"","format":"standard","meta":[],"categories":[51,53],"tags":[26546,749,1388,1582,21427],"views":760,"_links":{"self":[{"href":"https:\/\/www.enerjigazetesi.ist\/en\/wp-json\/wp\/v2\/posts\/45856"}],"collection":[{"href":"https:\/\/www.enerjigazetesi.ist\/en\/wp-json\/wp\/v2\/posts"}],"about":[{"href":"https:\/\/www.enerjigazetesi.ist\/en\/wp-json\/wp\/v2\/types\/post"}],"author":[{"embeddable":true,"href":"https:\/\/www.enerjigazetesi.ist\/en\/wp-json\/wp\/v2\/users\/1"}],"replies":[{"embeddable":true,"href":"https:\/\/www.enerjigazetesi.ist\/en\/wp-json\/wp\/v2\/comments?post=45856"}],"version-history":[{"count":1,"href":"https:\/\/www.enerjigazetesi.ist\/en\/wp-json\/wp\/v2\/posts\/45856\/revisions"}],"predecessor-version":[{"id":45858,"href":"https:\/\/www.enerjigazetesi.ist\/en\/wp-json\/wp\/v2\/posts\/45856\/revisions\/45858"}],"wp:featuredmedia":[{"embeddable":true,"href":"https:\/\/www.enerjigazetesi.ist\/en\/wp-json\/wp\/v2\/media\/45857"}],"wp:attachment":[{"href":"https:\/\/www.enerjigazetesi.ist\/en\/wp-json\/wp\/v2\/media?parent=45856"}],"wp:term":[{"taxonomy":"category","embeddable":true,"href":"https:\/\/www.enerjigazetesi.ist\/en\/wp-json\/wp\/v2\/categories?post=45856"},{"taxonomy":"post_tag","embeddable":true,"href":"https:\/\/www.enerjigazetesi.ist\/en\/wp-json\/wp\/v2\/tags?post=45856"}],"curies":[{"name":"wp","href":"https:\/\/api.w.org\/{rel}","templated":true}]}}