{"id":4584,"date":"2012-12-21T09:52:18","date_gmt":"2012-12-21T06:52:18","guid":{"rendered":"https:\/\/www.enerjigazetesi.ist\/?p=4584"},"modified":"2012-12-21T09:52:43","modified_gmt":"2012-12-21T06:52:43","slug":"ulusal-enerji-verimliligi-forumu","status":"publish","type":"post","link":"https:\/\/www.enerjigazetesi.ist\/en\/ulusal-enerji-verimliligi-forumu\/","title":{"rendered":"(Turkish) Ulusal Enerji Verimlili\u011fi Forumu Ve Fuar\u0131"},"content":{"rendered":"<p class=\"qtranxs-available-languages-message qtranxs-available-languages-message-en\">Sorry, this entry is only available in <a href=\"https:\/\/www.enerjigazetesi.ist\/tr\/wp-json\/wp\/v2\/posts\/4584\" class=\"qtranxs-available-language-link qtranxs-available-language-link-tr\" title=\"Turkish\">Turkish<\/a>. For the sake of viewer convenience, the content is shown below in the alternative language. You may click the link to switch the active language.<\/p><p><strong>\u0130STANBUL 4. Ulusal Enerji Verimlili\u011fi Forumu ve Fuar\u0131 (UEVF) &#8220;Verimli\u00a0 Kullan\u0131rsan, Enerji Gelecektir&#8221; temas\u0131 alt\u0131nda 10 &#8211; 11 Ocak 2013 tarihlerinde \u0130stanbul&#8217;da d\u00fczenlenecek.<\/strong><\/p>\n<p><img loading=\"lazy\" class=\"alignleft size-medium wp-image-2700\" title=\"uevf-2013\" src=\"https:\/\/www.enerjigazetesi.ist\/wp-content\/uploads\/2012\/10\/uevf-2013-300x161.jpg\" alt=\"\" width=\"300\" height=\"161\" srcset=\"https:\/\/www.enerjigazetesi.ist\/wp-content\/uploads\/2012\/10\/uevf-2013-300x161.jpg 300w, https:\/\/www.enerjigazetesi.ist\/wp-content\/uploads\/2012\/10\/uevf-2013-80x42.jpg 80w, https:\/\/www.enerjigazetesi.ist\/wp-content\/uploads\/2012\/10\/uevf-2013.jpg 430w\" sizes=\"(max-width: 300px) 100vw, 300px\" \/>\u0130STANBUL 4. Ulusal Enerji Verimlili\u011fi Forumu ve Fuar\u0131 (UEVF) &#8220;Verimli\u00a0 Kullan\u0131rsan, Enerji Gelecektir&#8221; temas\u0131 alt\u0131nda 10 &#8211; 11 Ocak 2013 tarihlerinde \u0130stanbul&#8217;da d\u00fczenlenecek.<\/p>\n<p>Yap\u0131lan a\u00e7\u0131klamaya g\u00f6re, UEVF 2013 kapsam\u0131nda yap\u0131lacak \u00e7e\u015fitli oturum ve\u00a0 panellerde kamu kurum ve kurulu\u015flar\u0131n\u0131n y\u00f6neticileri, \u00f6zel sekt\u00f6r temsilcileri\u00a0 ve akademisyenler bildirilerini sunacak. Forumun amac\u0131ysa toplumdaki enerji\u00a0 k\u00fclt\u00fcr\u00fc ve verimlilik bilincinin art\u0131r\u0131lmas\u0131n\u0131 sa\u011flamak.<\/p>\n<p>Ulusal Enerji Verimlili\u011fi Forum ve Fuar\u0131&#8217;nda, \u0130GDA\u015e, Pentair, Schneider\u00a0 Electric, Siemens, \u015eekerbank ve T\u00fcpra\u015f UEVF 2013 sponsoru olarak yerlerini\u00a0 al\u0131rken, Bilgi \u00dcniversitesi, Enerji Verimlili\u011fi konulu resim, \u00f6yk\u00fc ve proje\u00a0 dal\u0131nda \u00f6d\u00fcl alan \u00f6\u011frencilerin &#8220;destek sponsorlu\u011funu&#8221;\u00fcstlendi.<\/p>\n<p>UEVF 2013 forumunda ger\u00e7ekle\u015ftirilecek oturum ve panellerde, b\u00f6lgesel \u0131s\u0131tma\u00a0 a\u011flar\u0131, sanayide enerji verimlili\u011fi stratejileri ve s\u00fcrd\u00fcr\u00fclebilir finansman\u00a0 modelleri gibi konu ba\u015fl\u0131klar\u0131 ele al\u0131nacak.<\/p>\n<p>Kaynak : <a href=\"http:\/\/www.haber3.com\/ulusal-enerji-verimliligi-forumu-haberi-1678693h.htm\" target=\"_blank\">Haber3<\/a><\/p>","protected":false},"excerpt":{"rendered":"<p>Sorry, this entry is only available in Turkish. For the sake of viewer convenience, the content is shown below in the alternative language. You may click the link to switch the active language.\u0130STANBUL 4. Ulusal Enerji Verimlili\u011fi Forumu ve Fuar\u0131 (UEVF) &#8220;Verimli\u00a0 Kullan\u0131rsan, Enerji Gelecektir&#8221; temas\u0131 alt\u0131nda 10 &#8211; 11 Ocak 2013 tarihlerinde \u0130stanbul&#8217;da d\u00fczenlenecek. [&hellip;]<\/p>\n","protected":false},"author":1,"featured_media":2700,"comment_status":"open","ping_status":"open","sticky":false,"template":"","format":"standard","meta":[],"categories":[53,52],"tags":[12,1490,1491,738],"views":1097,"_links":{"self":[{"href":"https:\/\/www.enerjigazetesi.ist\/en\/wp-json\/wp\/v2\/posts\/4584"}],"collection":[{"href":"https:\/\/www.enerjigazetesi.ist\/en\/wp-json\/wp\/v2\/posts"}],"about":[{"href":"https:\/\/www.enerjigazetesi.ist\/en\/wp-json\/wp\/v2\/types\/post"}],"author":[{"embeddable":true,"href":"https:\/\/www.enerjigazetesi.ist\/en\/wp-json\/wp\/v2\/users\/1"}],"replies":[{"embeddable":true,"href":"https:\/\/www.enerjigazetesi.ist\/en\/wp-json\/wp\/v2\/comments?post=4584"}],"version-history":[{"count":3,"href":"https:\/\/www.enerjigazetesi.ist\/en\/wp-json\/wp\/v2\/posts\/4584\/revisions"}],"predecessor-version":[{"id":4587,"href":"https:\/\/www.enerjigazetesi.ist\/en\/wp-json\/wp\/v2\/posts\/4584\/revisions\/4587"}],"wp:featuredmedia":[{"embeddable":true,"href":"https:\/\/www.enerjigazetesi.ist\/en\/wp-json\/wp\/v2\/media\/2700"}],"wp:attachment":[{"href":"https:\/\/www.enerjigazetesi.ist\/en\/wp-json\/wp\/v2\/media?parent=4584"}],"wp:term":[{"taxonomy":"category","embeddable":true,"href":"https:\/\/www.enerjigazetesi.ist\/en\/wp-json\/wp\/v2\/categories?post=4584"},{"taxonomy":"post_tag","embeddable":true,"href":"https:\/\/www.enerjigazetesi.ist\/en\/wp-json\/wp\/v2\/tags?post=4584"}],"curies":[{"name":"wp","href":"https:\/\/api.w.org\/{rel}","templated":true}]}}