{"id":45765,"date":"2015-10-23T08:46:04","date_gmt":"2015-10-23T05:46:04","guid":{"rendered":"https:\/\/www.enerjigazetesi.ist\/?p=45765"},"modified":"2015-10-23T08:46:04","modified_gmt":"2015-10-23T05:46:04","slug":"turkiyede-5-milyon-sorunlu-konut-var","status":"publish","type":"post","link":"https:\/\/www.enerjigazetesi.ist\/en\/turkiyede-5-milyon-sorunlu-konut-var\/","title":{"rendered":"(Turkish) &#8217;T\u00fcrkiye&#8217;de 5 Milyon Sorunlu Konut Var&#8230;'"},"content":{"rendered":"<p class=\"qtranxs-available-languages-message qtranxs-available-languages-message-en\">Sorry, this entry is only available in <a href=\"https:\/\/www.enerjigazetesi.ist\/tr\/wp-json\/wp\/v2\/posts\/45765\" class=\"qtranxs-available-language-link qtranxs-available-language-link-tr\" title=\"Turkish\">Turkish<\/a>. For the sake of viewer convenience, the content is shown below in the alternative language. You may click the link to switch the active language.<\/p><p><span style=\"font-weight: bold; color: #242424;\">Prof. Dr. Alp, \u00fclke genelinde 5 milyon sorunlu konut oldu\u011funu ve bunlar\u0131n bir an \u00f6nce yenilenmesi gerekti\u011fini s\u00f6yledi.<a href=\"https:\/\/www.enerjigazetesi.ist\/wp-content\/uploads\/2015\/10\/129037.jpg\"><img loading=\"lazy\" class=\"alignleft size-medium wp-image-45766\" src=\"https:\/\/www.enerjigazetesi.ist\/wp-content\/uploads\/2015\/10\/129037-300x153.jpg\" alt=\"129037\" width=\"300\" height=\"153\" srcset=\"https:\/\/www.enerjigazetesi.ist\/wp-content\/uploads\/2015\/10\/129037-300x153.jpg 300w, https:\/\/www.enerjigazetesi.ist\/wp-content\/uploads\/2015\/10\/129037-500x255.jpg 500w, https:\/\/www.enerjigazetesi.ist\/wp-content\/uploads\/2015\/10\/129037-80x40.jpg 80w, https:\/\/www.enerjigazetesi.ist\/wp-content\/uploads\/2015\/10\/129037.jpg 685w\" sizes=\"(max-width: 300px) 100vw, 300px\" \/><\/a><\/span><\/p>\n<div id=\"news_content\" class=\"text_content\" style=\"color: #4d4e53;\">\n<p>Kent bilimci y\u00fcksek mimar Prof. Dr. Ahmet Vefik Alp, \u00fclke genelinde 5 milyon sorunlu konut oldu\u011funu ve hala \u00fclkede 30 sene \u00f6nceki teknoloji kullan\u0131larak bina yap\u0131ld\u0131\u011f\u0131n\u0131 s\u00f6yledi.<\/p>\n<p>Kocaeli \u00dcniversitesi Umuttepe Kamp\u00fcs\u00fc&#8217;nde bug\u00fcn ba\u015flayan ve 24 Ekim&#8217;e kadar s\u00fcrecek Balkan \u00fclkelerinin i\u015fbirli\u011fiyle ger\u00e7ekle\u015ftirilen 12&#8217;nci Uluslararas\u0131 Balkan Standardizasyon, Prototipler ve Kalite Konferans\u0131, Kocaeli \u00dcniversitesi Mimarl\u0131k ve Tasar\u0131m Fak\u00fcltesi \u00f6nc\u00fcl\u00fc\u011f\u00fcnde yap\u0131l\u0131yor. Konferansa Kocaeli B\u00fcy\u00fck\u015fehir Ba\u015fkan Vekili Zekeriya \u00d6zak, Kocaeli \u00dcniversitesi Rekt\u00f6r\u00fc Prof. Dr. Sadettin H\u00fclag\u00fc, Selanik Aristoteles \u00dcniversitesi Rekt\u00f6r Vekili Mimarl\u0131k B\u00f6l\u00fcm Ba\u015fkan\u0131 Prof. Dr. Nikolaos Kalog\u0131rou ile Makedonya, Bulgaristan, Yunanistan, Kosova, Hollanda, Irak, S\u0131rbistan, Romanya, \u0130talya \u00fclkelerinden bilim adamlar\u0131 ve \u00f6\u011frenciler kat\u0131l\u0131yor.<\/p>\n<p><strong>&#8216;Yenileme \u00e7al\u0131\u015fmalar\u0131 da yetersiz&#8217;<\/strong><\/p>\n<p>Konferansa konu\u015fmac\u0131 olarak kat\u0131lan kent bilimci y\u00fcksek m\u00fchendis Prof. Dr. Ahmet Vefik Alp, T\u00fcrkiye&#8217;de 5 milyona yak\u0131n sorunlu konut oldu\u011funu ve bunlar\u0131n yenilenmesi i\u00e7in yap\u0131lan \u00e7al\u0131\u015fmalar\u0131n da yetersiz kald\u0131\u011f\u0131n\u0131 s\u00f6yledi. Alp \u015f\u00f6yle devam etti:<\/p>\n<p>&#8220;\u00dclkemiz ge\u00e7mi\u015fi \u00e7ok g\u00fc\u00e7l\u00fc olmas\u0131na ra\u011fmen Mimar Sinan&#8217;\u0131m\u0131zdan bize gelen b\u00fcy\u00fck miraslar olmas\u0131na ra\u011fmen son y\u0131llarda ciddi hatalar yap\u0131larak hem g\u00f6rsel a\u00e7\u0131dan estetik yoksunu, g\u00fczellik yoksunu bir mimari, hem de g\u00fcvenlik a\u00e7\u0131s\u0131ndan sa\u011flaml\u0131k yoksunu bir yap\u0131 sto\u011funu bize getirdi. B\u00fcy\u00fck bir problem, \u00e7\u00fcnk\u00fc hasarl\u0131 veya riskli bina sto\u011fumuz 5 milyon civar\u0131nda. Bunu \u00c7evre ve \u015eehircilik Bakanl\u0131\u011f\u0131m\u0131z da teyit ediyor. Bunlar\u0131n yenilenmesi i\u00e7in yap\u0131lan \u00e7al\u0131\u015fmalar hen\u00fcz yetersiz. Ka\u011f\u0131t \u00fczerinde \u00e7ok \u00e7al\u0131\u015fma, rapor, et\u00fct, master plan yap\u0131lmas\u0131na ra\u011fmen kayda de\u011fer bir de\u011fi\u015fim yenileme olamad\u0131. &#8221;<\/p>\n<p><img title=\"2e7f091f4d9472e01342f2980eb9a412.jpg\" src=\"http:\/\/www.dunya.com\/d\/other\/2e7f091f4d9472e01342f2980eb9a412.jpg\" alt=\"2e7f091f4d9472e01342f2980eb9a412.jpg\" \/><\/p>\n<p>\u015eu anda yap\u0131lar\u0131n hala 30 y\u0131l \u00f6nceki teknojiyle yap\u0131ld\u0131\u011f\u0131n\u0131 da belirten Ahmet Vefik Alp konu\u015fmas\u0131n\u0131 s\u00f6yle s\u00fcrd\u00fcrd\u00fc:<\/p>\n<p><strong>&#8216;S\u00fcperprefabrikasyon sistemine kullan\u0131lmal\u0131&#8217;<\/strong><\/p>\n<p>&#8220;Bu konuda bizim bir\u00e7ok \u00f6nerimize ra\u011fmen h\u0131zl\u0131, g\u00fcvenli ve g\u00fczel bir yap\u0131la\u015fma teknolojisi i\u00e7ine giremedik. Hala yapt\u0131\u011f\u0131m\u0131z binalar 30 sene \u00f6nceki teknoloji neyse o yap\u0131l\u0131yor. \u00c7ukuru kaz, ta\u015f g\u00f6t\u00fcr, demir d\u00f6\u015fe, kal\u0131p yap, betonu yap, bir kat \u00e7\u0131k yine bekle, yine beton yine demir yap\u0131l\u0131yor. Bu teknolojilerle T\u00fcrkiye&#8217;de sorunlu olan 5 milyon yap\u0131 sto\u011funu yenileyeceksek, bu teknoloji ge\u00e7ersiz. \u00a0\u00c7ok daha h\u0131zl\u0131 s\u00fcper prefabrikasyon dedi\u011fimiz binalar\u0131n fabrikada yap\u0131larak yerine ta\u015f\u0131n\u0131p monte edilmesi bir nevi otomobil, televizyon, \u00e7ama\u015f\u0131r makinesi yapar gibi binalar\u0131n banttan \u00e7\u0131karak y\u00fcksek bir kalite kontrolu, h\u0131z sa\u011flanarak ortaya konulmas\u0131 laz\u0131m. Tek t\u00fck \u00e7elik uygulamas\u0131 var. Bu h\u0131zla bizim depreme yeti\u015fmemiz m\u00fcmk\u00fcn de\u011fil. Uzmanlar\u0131n 30 y\u0131l olarak tahmin etti\u011fi depreme bu teknoloji ile 5 milyon konutu yeti\u015ftiremeyiz. Bu h\u0131zla devam edersek benim hesaplar\u0131ma g\u00f6re 80 y\u0131la ihtiya\u00e7 var. O da \u00e7ok ge\u00e7 olur. Y\u00f6netmelikleri yenileyerek y\u00f6netimleri uyararak yeni yap\u0131 teknolojilerinin h\u0131zl\u0131 s\u00fcperprefabrikasyon sisteminin T\u00fcrkiye&#8217;ye gelmesi laz\u0131m bu konuda hi\u00e7bir hareket yok. &#8221;<\/p>\n<p><strong>&#8216;Gen\u00e7 ku\u015fakta kopyac\u0131l\u0131k ba\u015flad\u0131&#8217;<\/strong><\/p>\n<p>Kocaeli&#8217;de hala depremin izlerini g\u00f6r\u00fcld\u00fc\u011f\u00fcn\u00fc s\u00f6yleyen Ahmet Vefik Alp, &#8220;Marmara depreminde Kocaeli&#8217;nde en b\u00fcy\u00fck hasar\u0131 bu b\u00f6lge yedi. Hala onun izlerini g\u00f6rmekteyiz. Marmara ve Kocaeli b\u00f6lgesinin bundan sonra gelecek g\u00fc\u00e7l\u00fc sismik bir darbeye kar\u015f\u0131 yap\u0131lanmas\u0131 ve toparlanmas\u0131 i\u00e7in al\u0131nabilecek \u00f6l\u00e7\u00fcleri, tedbirleri burada tart\u0131\u015faca\u011f\u0131z.&#8221; diyerek \u015f\u00f6yle devam etti:<\/p>\n<p>&#8220;\u00dclkemiz k\u00fclt\u00fcrel a\u00e7\u0131dan \u00e7ok zengin bir tarihe sahip olmas\u0131na ra\u011fmen, \u00f6rne\u011fin M\u0131s\u0131r&#8217;a gidiyorsunuz muhte\u015fem yap\u0131lar, Kahire&#8217;ye gidiyorsunuz kahroluyorsunuz; m\u00fcthi\u015f k\u00f6t\u00fc bir mimari. \u00dclkemiz de ayn\u0131 durumla kar\u015f\u0131 kar\u015f\u0131ya. Son zamanlarda internetin ortaya \u00e7\u0131kmas\u0131yla gen\u00e7 ku\u015fakta kopyac\u0131l\u0131k ba\u015flad\u0131. Ba\u015fka bir \u00fclkede g\u00f6rd\u00fcg\u00fc yap\u0131lar\u0131 kopyalayarak buraya getirmeye \u00e7al\u0131\u015fan arkada\u015flar\u0131m\u0131z oluyor. T\u00fcrk k\u00fclt\u00fcr\u00fcn\u00fc ta\u015f\u0131mas\u0131 gereken mimari tamemen deforme olmu\u015f durumda. \u0130nsan\u0131n i\u00e7ini kapayan, mutsuz eden g\u00fcvenli\u011fi de \u00e7ok tart\u0131\u015fmal\u0131 olan bir mimari ile hala devam ediyoruz. Deprem bize ders olacak \u00fcmitlerimiz de bo\u015fa \u00e7\u0131km\u0131\u015f durumda. Bu karga\u015fa beni \u00e7ok \u00fcz\u00fcyor. &#8221;<\/p>\n<\/div>\n<div class=\"clear\" style=\"color: #0f0f0f;\"><\/div>\n<div class=\"source\" style=\"font-weight: bold; color: #575757;\">Kaynak:\u00a0<img loading=\"lazy\" title=\"Haber Kayna\u011f\u0131\" src=\"http:\/\/www.dunya.com\/d\/news_source\/4.jpg\" alt=\"Haber Kayna\u011f\u0131\" width=\"67\" height=\"16\" align=\"absmiddle\" \/><\/div>\n<p><\/p>","protected":false},"excerpt":{"rendered":"<p>Sorry, this entry is only available in Turkish. For the sake of viewer convenience, the content is shown below in the alternative language. You may click the link to switch the active language.Prof. Dr. Alp, \u00fclke genelinde 5 milyon sorunlu konut oldu\u011funu ve bunlar\u0131n bir an \u00f6nce yenilenmesi gerekti\u011fini s\u00f6yledi. Kent bilimci y\u00fcksek mimar Prof. [&hellip;]<\/p>\n","protected":false},"author":1,"featured_media":45766,"comment_status":"open","ping_status":"open","sticky":false,"template":"","format":"standard","meta":[],"categories":[53],"tags":[26505],"views":944,"_links":{"self":[{"href":"https:\/\/www.enerjigazetesi.ist\/en\/wp-json\/wp\/v2\/posts\/45765"}],"collection":[{"href":"https:\/\/www.enerjigazetesi.ist\/en\/wp-json\/wp\/v2\/posts"}],"about":[{"href":"https:\/\/www.enerjigazetesi.ist\/en\/wp-json\/wp\/v2\/types\/post"}],"author":[{"embeddable":true,"href":"https:\/\/www.enerjigazetesi.ist\/en\/wp-json\/wp\/v2\/users\/1"}],"replies":[{"embeddable":true,"href":"https:\/\/www.enerjigazetesi.ist\/en\/wp-json\/wp\/v2\/comments?post=45765"}],"version-history":[{"count":1,"href":"https:\/\/www.enerjigazetesi.ist\/en\/wp-json\/wp\/v2\/posts\/45765\/revisions"}],"predecessor-version":[{"id":45767,"href":"https:\/\/www.enerjigazetesi.ist\/en\/wp-json\/wp\/v2\/posts\/45765\/revisions\/45767"}],"wp:featuredmedia":[{"embeddable":true,"href":"https:\/\/www.enerjigazetesi.ist\/en\/wp-json\/wp\/v2\/media\/45766"}],"wp:attachment":[{"href":"https:\/\/www.enerjigazetesi.ist\/en\/wp-json\/wp\/v2\/media?parent=45765"}],"wp:term":[{"taxonomy":"category","embeddable":true,"href":"https:\/\/www.enerjigazetesi.ist\/en\/wp-json\/wp\/v2\/categories?post=45765"},{"taxonomy":"post_tag","embeddable":true,"href":"https:\/\/www.enerjigazetesi.ist\/en\/wp-json\/wp\/v2\/tags?post=45765"}],"curies":[{"name":"wp","href":"https:\/\/api.w.org\/{rel}","templated":true}]}}